{"id":40061,"date":"2025-06-13T06:01:29","date_gmt":"2025-06-13T06:01:29","guid":{"rendered":"https:\/\/calatorinromania.com\/?p=40061"},"modified":"2025-06-13T06:01:29","modified_gmt":"2025-06-13T06:01:29","slug":"dezvaluire-emotionanta-inregistrarea-vocala-a-pilotului-marturie-a-ultimelor-momente-de-dinaintea-prabusirii","status":"publish","type":"post","link":"https:\/\/calatorinromania.com\/?p=40061","title":{"rendered":"Dezv\u0103luire emo\u021bionant\u0103: \u00cenregistrarea vocal\u0103 a pilotului, m\u0103rturie a ultimelor momente de dinaintea pr\u0103bu\u0219irii"},"content":{"rendered":"\n<p>Accident aviatic devastator \u00een India: Un Boeing 787 Dreamliner s-a pr\u0103bu\u0219it \u00een Ahmedabad, provoc\u00e2nd o tragedie de propor\u021bii<\/p>\n\n\n\n<p><\/p>\n\n\n\n<p>Joi, 12 iunie 2025, ora\u0219ul Ahmedabad din vestul Indiei a fost martorul unei tragedii aeriene de amploare, dup\u0103 ce un avion de pasageri de tip Boeing 787 Dreamliner, operat de compania Air India, s-a pr\u0103bu\u0219it la scurt timp dup\u0103 ce a decolat de pe aeroportul interna\u021bional Sardar Vallabhbhai Patel. Aeronava avea ca destina\u021bie capitala Regatului Unit, Londra, \u0219i la bord se aflau 242 de persoane, inclusiv 230 de pasageri, 10 membri ai echipajului \u0219i 2 pilo\u021bi. Potrivit autorit\u0103\u021bilor aviatice, pilotul a reu\u0219it s\u0103 transmit\u0103 un mesaj de urgen\u021b\u0103 c\u0103tre turnul de control \u00eenainte de pierderea contactului.<\/p>\n\n\n\n<p><\/p>\n\n\n\n<p>Avionul s-a pr\u0103bu\u0219it \u00eentr-o zon\u0103 dens populat\u0103<br>Potrivit informa\u021biilor preliminare furnizate de Direc\u021bia General\u0103 de Avia\u021bie Civil\u0103 din India (DGCA), avionul decolase \u00een jurul orei 14:00, fiind complet alimentat cu combustibil pentru zborul de lung\u0103 durat\u0103 c\u0103tre Marea Britanie. La scurt timp dup\u0103 desprinderea de pe pista aeroportului, aeronava s-a pr\u0103bu\u0219it \u00eentr-o zon\u0103 dens locuit\u0103, cunoscut\u0103 sub numele de Meghani, aflat\u0103 \u00een apropierea aeroportului.<\/p>\n\n\n\n<p><\/p>\n\n\n\n<p>Explozia cauzat\u0103 de impactul avionului cu solul a fost urmat\u0103 de un incendiu de propor\u021bii, gener\u00e2nd un nor imens de fum care s-a r\u0103sp\u00e2ndit rapid deasupra ora\u0219ului. Locuitorii din zon\u0103 au relatat c\u0103 au auzit un zgomot puternic, urmat de fl\u0103c\u0103ri vizibile de la distan\u021b\u0103, iar sirenele de urgen\u021b\u0103 au \u00eenceput s\u0103 sune \u00een \u00eentreaga regiune imediat dup\u0103 incident.<\/p>\n\n\n\n<p><\/p>\n\n\n\n<p>Reac\u021bia rapid\u0103 a autorit\u0103\u021bilor \u0219i desf\u0103\u0219urarea echipelor de salvare<br>Interven\u021bia autorit\u0103\u021bilor locale a fost prompt\u0103, mai multe echipaje de pompieri, ambulan\u021be \u0219i for\u021be de ordine fiind mobilizate imediat la locul pr\u0103bu\u0219irii. Conform unui reprezentant al poli\u021biei locale, \u201eaproape 70-80% din zona afectat\u0103 a fost deja evacuat\u0103, iar toate agen\u021biile intervin simultan\u201d.<\/p>\n\n\n\n<p><\/p>\n\n\n\n<p>DGCA a confirmat c\u0103 avionul era condus de c\u0103pitanul Sumeet Sabharwal \u0219i de copilotul Clive Kundar. Alimentarea complet\u0103 a aeronavei cu kerosen a alimentat intensitatea exploziei, ceea ce a complicat semnificativ eforturile echipelor de interven\u021bie.<\/p>\n\n\n\n<p><\/p>\n\n\n\n<p>Activitatea aeroportului a fost suspendat\u0103 temporar<br>Ca urmare a acestui incident grav, conducerea aeroportului interna\u021bional Sardar Vallabhbhai Patel a decis suspendarea tuturor zborurilor, \u00een timp ce opera\u021biunile de salvare \u0219i cercetare continu\u0103. Pasagerii care urmau s\u0103 c\u0103l\u0103toreasc\u0103 din Ahmedabad au fost sf\u0103tui\u021bi s\u0103 \u00ee\u0219i contacteze din timp companiile aeriene pentru a afla detalii despre eventualele reprogram\u0103ri ale zborurilor.<\/p>\n\n\n\n<p>Pentru a sprijini pasagerii r\u0103ma\u0219i bloca\u021bi \u00een ora\u0219, autorit\u0103\u021bile feroviare indiene au introdus trenuri suplimentare Vande Bharat spre marile ora\u0219e, oferind o alternativ\u0103 rapid\u0103 de transport.<\/p>\n\n\n\n<p>Mobilizare guvernamental\u0103 la cel mai \u00eenalt nivel<br>La nivel na\u021bional, reac\u021biile nu au \u00eent\u00e2rziat s\u0103 apar\u0103. Ministrul de interne al Indiei, Amit Shah, a purtat discu\u021bii directe cu premierul statului Gujarat, Bhupendra Patel, precum \u0219i cu ministrul de interne al statului, Harsh Sanghavi, pentru a coordona ac\u021biunile de urgen\u021b\u0103.<\/p>\n\n\n\n<p>Premierul Gujaratului a transmis un mesaj ferm, \u00een care a subliniat importan\u021ba interven\u021biei rapide:<br>\u201eAm instruit administra\u021bia s\u0103 asigure tratamentul imediat al pasagerilor r\u0103ni\u021bi \u0219i s\u0103 creeze un coridor verde pentru transportul acestora c\u0103tre spitale. Interven\u021bia se desf\u0103\u0219oar\u0103 pe picior de r\u0103zboi,\u201d a declarat Bhupendra Patel.<\/p>\n\n\n\n<p>De asemenea, premierul Indiei, Narendra Modi, a fost informat imediat despre tragedie. \u0218eful guvernului de la New Delhi a cerut ministrului avia\u021biei civile, Ram Mohan Naidu, \u0219i ministrului de interne, Amit Shah, s\u0103 se deplaseze de urgen\u021b\u0103 la fa\u021ba locului \u0219i s\u0103 acorde sprijin deplin familiilor victimelor.<\/p>\n\n\n\n<p>Ancheta oficial\u0103 este \u00een plin\u0103 desf\u0103\u0219urare<br>Pentru a stabili cauzele exacte ale catastrofei aviatice, Direc\u021bia General\u0103 pentru Investigarea Accidentelor Aeriene (AAIB) a trimis o echip\u0103 specializat\u0103 la Ahmedabad. Totodat\u0103, este a\u0219teptat\u0103 \u0219i o echip\u0103 tehnic\u0103 din partea companiei Boeing, care va colabora cu autorit\u0103\u021bile indiene pentru a analiza posibilele defec\u021biuni tehnice sau gre\u0219eli umane.<\/p>\n\n\n\n<p>Manifestul de zbor indic\u0103 faptul c\u0103 la bordul aeronavei se aflau 169 de cet\u0103\u021beni indieni, 53 de pasageri britanici, un canadian \u0219i \u0219apte portughezi.<\/p>\n\n\n\n<p>Ultimele momente din cabina de pilotaj<br>Conform surselor citate de publica\u021bia Times of India, pilotul aeronavei a reu\u0219it s\u0103 transmit\u0103 un mesaj de urgen\u021b\u0103, \u00een care a men\u021bionat c\u0103 exist\u0103 probleme tehnice grave, referindu-se la \u201epotan\u021ba\u201d avionului \u0219i la imposibilitatea control\u0103rii motoarelor.<\/p>\n\n\n\n<p>Autoritatea General\u0103 de Avia\u021bie Civil\u0103 (DGCA) a confirmat c\u0103 la scurt timp dup\u0103 decolare a fost emis un apel de urgen\u021b\u0103 de tip \u201eMayday\u201d de c\u0103tre echipajul aeronavei, \u00eens\u0103 ulterior nu s-a mai putut stabili contactul cu aceasta.<\/p>\n\n\n\n<p>C\u0103pitanul Sumeet Sabharwal, care pilota avionul \u00een momentul tragediei, avea o experien\u021b\u0103 vast\u0103 de peste 8200 de ore de zbor, iar copilotul Clive Kundar acumulase aproximativ 1100 de ore de zbor.<\/p>\n\n\n\n<p>Declara\u021bii oficiale \u0219i mesaje de compasiune<br>Air India a emis un comunicat oficial \u00een care \u00ee\u0219i exprim\u0103 profunda durere fa\u021b\u0103 de tragedia petrecut\u0103:<br>\u201eZborul AI171, pe ruta Ahmedabad\u2013Londra Gatwick, a fost implicat \u00eentr-un incident grav. Suntem profund afecta\u021bi de aceast\u0103 tragedie \u0219i transmitem cele mai sincere condolean\u021be familiilor celor afecta\u021bi. Prioritatea noastr\u0103 este sprijinul victimelor \u0219i al echipelor de interven\u021bie.\u201d<\/p>\n\n\n\n<p>Pre\u0219edintele companiei, N. Chandrasekaran, a ad\u0103ugat c\u0103 au fost activate centre de urgen\u021b\u0103 \u0219i linii telefonice speciale pentru a oferi asisten\u021b\u0103 familiilor pasagerilor afla\u021bi la bordul aeronavei.<\/p>\n\n\n\n<p>Un alt mesaj de solidaritate a venit din partea lui Gautam Adani, pre\u0219edintele Adani Group, entitatea care gestioneaz\u0103 aeroportul din Ahmedabad. Acesta a scris pe platforma X (fostul Twitter):<br>\u201eSuntem \u0219oca\u021bi \u0219i profund \u00eendurera\u021bi de tragedia zborului Air India 171. G\u00e2ndurile noastre sunt al\u0103turi de familiile \u00eendoliate. Oferim \u00eentregul nostru sprijin autorit\u0103\u021bilor \u0219i familiilor afectate.\u201d<\/p>\n\n\n\n<p>Concluzii provizorii \u0219i reac\u021bii interna\u021bionale<br>De\u0219i autorit\u0103\u021bile nu au oferit p\u00e2n\u0103 \u00een acest moment o estimare oficial\u0103 a victimelor, amploarea tragediei sugereaz\u0103 c\u0103 pierderile de vie\u021bi omene\u0219ti sunt considerabile. Salvatorii continu\u0103 s\u0103 lucreze \u00een condi\u021bii dificile, \u00een timp ce familiile victimelor a\u0219teapt\u0103 ve\u0219ti \u00eenfrico\u0219\u0103toare.<\/p>\n\n\n\n<p>Accidentul de la Ahmedabad este considerat deja unul dintre cele mai tragice evenimente aviatice petrecute \u00een India \u00een ultimii ani. Comunitatea interna\u021bional\u0103 urm\u0103re\u0219te cu \u00eengrijorare evolu\u021bia situa\u021biei, iar organiza\u021biile de avia\u021bie civil\u0103 din \u00eentreaga lume se preg\u0103tesc s\u0103 analizeze \u00een detaliu circumstan\u021bele care au condus la acest dezastru.<\/p>\n\n\n\n<p><\/p>\n\n\n\n<p><a href=\"https:\/\/dailynews.ro\/\">SURSA> https:\/\/dailynews.ro\/<\/a><\/p>\n","protected":false},"excerpt":{"rendered":"<p>Accident aviatic devastator \u00een India: Un Boeing 787 Dreamliner s-a pr\u0103bu\u0219it \u00een Ahmedabad, provoc\u00e2nd o tragedie de propor\u021bii Joi, 12 iunie 2025, ora\u0219ul Ahmedabad din<\/p>\n","protected":false},"author":1,"featured_media":39984,"comment_status":"closed","ping_status":"closed","sticky":false,"template":"","format":"standard","meta":[],"categories":[1],"tags":[],"_links":{"self":[{"href":"https:\/\/calatorinromania.com\/index.php?rest_route=\/wp\/v2\/posts\/40061"}],"collection":[{"href":"https:\/\/calatorinromania.com\/index.php?rest_route=\/wp\/v2\/posts"}],"about":[{"href":"https:\/\/calatorinromania.com\/index.php?rest_route=\/wp\/v2\/types\/post"}],"author":[{"embeddable":true,"href":"https:\/\/calatorinromania.com\/index.php?rest_route=\/wp\/v2\/users\/1"}],"replies":[{"embeddable":true,"href":"https:\/\/calatorinromania.com\/index.php?rest_route=%2Fwp%2Fv2%2Fcomments&post=40061"}],"version-history":[{"count":1,"href":"https:\/\/calatorinromania.com\/index.php?rest_route=\/wp\/v2\/posts\/40061\/revisions"}],"predecessor-version":[{"id":40062,"href":"https:\/\/calatorinromania.com\/index.php?rest_route=\/wp\/v2\/posts\/40061\/revisions\/40062"}],"wp:featuredmedia":[{"embeddable":true,"href":"https:\/\/calatorinromania.com\/index.php?rest_route=\/wp\/v2\/media\/39984"}],"wp:attachment":[{"href":"https:\/\/calatorinromania.com\/index.php?rest_route=%2Fwp%2Fv2%2Fmedia&parent=40061"}],"wp:term":[{"taxonomy":"category","embeddable":true,"href":"https:\/\/calatorinromania.com\/index.php?rest_route=%2Fwp%2Fv2%2Fcategories&post=40061"},{"taxonomy":"post_tag","embeddable":true,"href":"https:\/\/calatorinromania.com\/index.php?rest_route=%2Fwp%2Fv2%2Ftags&post=40061"}],"curies":[{"name":"wp","href":"https:\/\/api.w.org\/{rel}","templated":true}]}}