{"id":40056,"date":"2025-06-13T05:46:10","date_gmt":"2025-06-13T05:46:10","guid":{"rendered":"https:\/\/calatorinromania.com\/?p=40056"},"modified":"2026-02-07T09:03:01","modified_gmt":"2026-02-07T09:03:01","slug":"%f0%9f%a5%9e-clatite-pufoase-cu-ovaz-mere-si-scortisoara","status":"publish","type":"post","link":"https:\/\/calatorinromania.com\/?p=40056","title":{"rendered":"\ud83e\udd5e Cl\u0103tite pufoase cu ov\u0103z, mere \u0219i scor\u021bi\u0219oar\u0103"},"content":{"rendered":"\n<p><strong>Un mic dejun s\u0103n\u0103tos, simplu \u0219i delicios \u00een doar 25 de minute<\/strong><\/p>\n\n\n\n<p><\/p>\n\n\n\n<h3>\u23f1 Timp total:<\/h3>\n\n\n\n<p><\/p>\n\n\n\n<ul>\n<li><strong>10 minute<\/strong> de preg\u0103tire<\/li>\n\n\n\n<li><strong>15 minute<\/strong> de g\u0103tit<\/li>\n<\/ul>\n\n\n\n<p><\/p>\n\n\n\n<h3>\ud83d\uded2 Ingrediente:<\/h3>\n\n\n\n<p><\/p>\n\n\n\n<ul>\n<li>\u00bd can\u0103 de fulgi de ov\u0103z<\/li>\n\n\n\n<li>2 mere (sau mango, dac\u0103 preferi un gust exotic)<\/li>\n\n\n\n<li>150 g iaurt<\/li>\n\n\n\n<li>2 ou\u0103<\/li>\n\n\n\n<li>1 linguri\u021b\u0103 de scor\u021bi\u0219oar\u0103<\/li>\n\n\n\n<li>1,5 g bicarbonat de sodiu<\/li>\n<\/ul>\n\n\n\n<p><\/p>\n\n\n\n<h3>\ud83d\udc69\u200d\ud83c\udf73 Instruc\u021biuni pas cu pas:<\/h3>\n\n\n\n<p><\/p>\n\n\n\n<h4>1. Preg\u0103tirea ingredientelor:<\/h4>\n\n\n\n<p><\/p>\n\n\n\n<ul>\n<li>Cur\u0103\u021b\u0103 merele (sau mango) de coaj\u0103 \u0219i semin\u021be, apoi taie-le \u00een cuburi mici pentru o coacere uniform\u0103.<\/li>\n\n\n\n<li>Pulverizeaz\u0103 fulgii de ov\u0103z \u00eentr-un blender p\u00e2n\u0103 ob\u021bii o f\u0103in\u0103 fin\u0103.<\/li>\n<\/ul>\n\n\n\n<p><\/p>\n\n\n\n<p><\/p>\n\n\n\n<h4>2. Amestecarea aluatului:<\/h4>\n\n\n\n<p><\/p>\n\n\n\n<ul>\n<li>\u00centr-un bol, combin\u0103 f\u0103ina de ov\u0103z, scor\u021bi\u0219oara \u0219i bicarbonatul de sodiu.<\/li>\n\n\n\n<li>\u00centr-un bol separat, bate ou\u0103le \u0219i amestec\u0103-le cu iaurtul.<\/li>\n\n\n\n<li>Combin\u0103 ingredientele umede cu cele uscate \u0219i amestec\u0103 bine p\u00e2n\u0103 la omogenizare.<\/li>\n\n\n\n<li>\u00cencorporeaz\u0103 u\u0219or cuburile de fructe \u00een compozi\u021bie.<\/li>\n<\/ul>\n\n\n\n<p><\/p>\n\n\n\n<h4>3. G\u0103tirea cl\u0103titelor:<\/h4>\n\n\n\n<p><\/p>\n\n\n\n<ul>\n<li>\u00cencinge o tigaie antiaderent\u0103 la foc mediu \u0219i unge-o cu pu\u021bin ulei sau spray de g\u0103tit.<\/li>\n\n\n\n<li>Toarn\u0103 c\u00e2te o lingur\u0103 din aluat \u00een tigaie pentru fiecare cl\u0103tit\u0103.<\/li>\n\n\n\n<li>G\u0103te\u0219te 2\u20133 minute pe fiecare parte, p\u00e2n\u0103 devin aurii \u0219i apar bule la suprafa\u021b\u0103.<\/li>\n<\/ul>\n\n\n\n<p><\/p>\n\n\n\n<h3>\ud83c\udf6f Sugestii de servire:<\/h3>\n\n\n\n<p><\/p>\n\n\n\n<ul>\n<li>Serve\u0219te cl\u0103titele calde, cu:\n<ul>\n<li>o linguri\u021b\u0103 de miere sau sirop de ar\u021bar<\/li>\n\n\n\n<li>iaurt grecesc<\/li>\n\n\n\n<li>fructe proaspete (banane, fructe de p\u0103dure)<\/li>\n<\/ul>\n<\/li>\n\n\n\n<li>Pentru un plus de gust, presar\u0103 scor\u021bi\u0219oar\u0103 sau zah\u0103r pudr\u0103 deasupra.<\/li>\n<\/ul>\n\n\n\n<p><\/p>\n\n\n\n<h3>\ud83e\udde0 Sfaturi utile:<\/h3>\n\n\n\n<p><\/p>\n\n\n\n<ul>\n<li>Las\u0103 aluatul s\u0103 stea 2\u20133 minute \u00eenainte de g\u0103tit \u2013 va deveni mai pufos.<\/li>\n\n\n\n<li>Tigaia antiaderent\u0103 este cheia pentru cl\u0103tite reu\u0219ite, f\u0103r\u0103 s\u0103 se lipeasc\u0103.<\/li>\n\n\n\n<li>Taie merele \u00een cuburi mici pentru o coacere uniform\u0103 \u00een aluat.<\/li>\n<\/ul>\n\n\n\n<p><\/p>\n\n\n\n<h3>\ud83c\udf3f Beneficii pentru s\u0103n\u0103tate:<\/h3>\n\n\n\n<p><\/p>\n\n\n\n<ul>\n<li><strong>Ov\u0103z<\/strong> \u2013 bogat \u00een fibre \u0219i prietenos cu digestia<\/li>\n\n\n\n<li><strong>Iaurt \u0219i ou\u0103<\/strong> \u2013 surs\u0103 excelent\u0103 de proteine<\/li>\n\n\n\n<li><strong>Mere \u0219i scor\u021bi\u0219oar\u0103<\/strong> \u2013 antioxidan\u021bi naturali, sus\u021bin sistemul imunitar<\/li>\n<\/ul>\n\n\n\n<p><\/p>\n\n\n\n<p><em>Pentru o variant\u0103 f\u0103r\u0103 gluten, folose\u0219te ov\u0103z certificat f\u0103r\u0103 gluten.<\/em><\/p>\n\n\n\n<p><\/p>\n\n\n\n<h3>\ud83e\uddca Depozitare:<\/h3>\n\n\n\n<p><\/p>\n\n\n\n<ul>\n<li>Se pot p\u0103stra la frigider p\u00e2n\u0103 la <strong>2 zile<\/strong>, \u00een recipiente \u00eenchise ermetic.<\/li>\n\n\n\n<li>Re\u00eenc\u0103lzire rapid\u0103 \u00een cuptorul cu microunde sau pr\u0103jitor de p\u00e2ine.<\/li>\n<\/ul>\n\n\n\n<p><\/p>\n\n\n\n<h3>\u2764\ufe0f De ce vei adora aceast\u0103 re\u021bet\u0103:<\/h3>\n\n\n\n<p><\/p>\n\n\n\n<ul>\n<li>Rapid\u0103, s\u0103n\u0103toas\u0103 \u0219i versatil\u0103<\/li>\n\n\n\n<li>Ideal\u0103 pentru micul dejun, brunch sau gustare<\/li>\n\n\n\n<li>Gust echilibrat \u00eentre dulce \u0219i condimentat<\/li>\n\n\n\n<li>F\u0103r\u0103 zah\u0103r ad\u0103ugat, dar plin\u0103 de arom\u0103!<\/li>\n<\/ul>\n\n\n\n<p><\/p>\n\n\n\n<h3>\u00cen concluzie:<\/h3>\n\n\n\n<p><\/p>\n\n\n\n<p>\u00cencepe-\u021bi ziua cu un preparat reconfortant, nutritiv \u0219i u\u0219or de realizat. Aceste <strong>cl\u0103tite cu ov\u0103z, mere \u0219i scor\u021bi\u0219oar\u0103<\/strong> sunt perfecte pentru un mic dejun care \u00ee\u021bi d\u0103 energie \u0219i \u00ee\u021bi face ziua mai frumoas\u0103.<\/p>\n\n\n\n<p><\/p>\n\n\n\n<p><\/p>\n\n\n\n<p><\/p>\n\n\n\n<p><\/p>\n","protected":false},"excerpt":{"rendered":"<p>Un mic dejun s\u0103n\u0103tos, simplu \u0219i delicios \u00een doar 25 de minute \u23f1 Timp total: \ud83d\uded2 Ingrediente: \ud83d\udc69\u200d\ud83c\udf73 Instruc\u021biuni pas cu pas: 1. Preg\u0103tirea ingredientelor:<\/p>\n","protected":false},"author":1,"featured_media":45571,"comment_status":"closed","ping_status":"closed","sticky":false,"template":"","format":"standard","meta":[],"categories":[1],"tags":[],"_links":{"self":[{"href":"https:\/\/calatorinromania.com\/index.php?rest_route=\/wp\/v2\/posts\/40056"}],"collection":[{"href":"https:\/\/calatorinromania.com\/index.php?rest_route=\/wp\/v2\/posts"}],"about":[{"href":"https:\/\/calatorinromania.com\/index.php?rest_route=\/wp\/v2\/types\/post"}],"author":[{"embeddable":true,"href":"https:\/\/calatorinromania.com\/index.php?rest_route=\/wp\/v2\/users\/1"}],"replies":[{"embeddable":true,"href":"https:\/\/calatorinromania.com\/index.php?rest_route=%2Fwp%2Fv2%2Fcomments&post=40056"}],"version-history":[{"count":1,"href":"https:\/\/calatorinromania.com\/index.php?rest_route=\/wp\/v2\/posts\/40056\/revisions"}],"predecessor-version":[{"id":40057,"href":"https:\/\/calatorinromania.com\/index.php?rest_route=\/wp\/v2\/posts\/40056\/revisions\/40057"}],"wp:featuredmedia":[{"embeddable":true,"href":"https:\/\/calatorinromania.com\/index.php?rest_route=\/wp\/v2\/media\/45571"}],"wp:attachment":[{"href":"https:\/\/calatorinromania.com\/index.php?rest_route=%2Fwp%2Fv2%2Fmedia&parent=40056"}],"wp:term":[{"taxonomy":"category","embeddable":true,"href":"https:\/\/calatorinromania.com\/index.php?rest_route=%2Fwp%2Fv2%2Fcategories&post=40056"},{"taxonomy":"post_tag","embeddable":true,"href":"https:\/\/calatorinromania.com\/index.php?rest_route=%2Fwp%2Fv2%2Ftags&post=40056"}],"curies":[{"name":"wp","href":"https:\/\/api.w.org\/{rel}","templated":true}]}}