{"id":40048,"date":"2025-06-12T07:29:40","date_gmt":"2025-06-12T07:29:40","guid":{"rendered":"https:\/\/calatorinromania.com\/?p=40048"},"modified":"2025-06-12T07:29:41","modified_gmt":"2025-06-12T07:29:41","slug":"%f0%9f%a5%9a-povestea-emotionanta-a-batranului-care-vindea-oua-la-marginea-drumului-o-lectie-de-viata-despre-demnitate-si-empatie-%f0%9f%92%94","status":"publish","type":"post","link":"https:\/\/calatorinromania.com\/?p=40048","title":{"rendered":"\ud83e\udd5a Povestea emo\u021bionant\u0103 a b\u0103tr\u00e2nului care vindea ou\u0103 la marginea drumului \u2013 O lec\u021bie de via\u021b\u0103 despre demnitate \u0219i empatie \ud83d\udc94"},"content":{"rendered":"\n<p>\u00centr-o diminea\u021b\u0103 lini\u0219tit\u0103 de var\u0103, un <strong>b\u0103tr\u00e2n cu p\u0103rul alb \u0219i palmele cr\u0103pate de munc\u0103<\/strong> st\u0103tea a\u0219ezat pe un sc\u0103unel vechi, la marginea unui drum pr\u0103fuit, cu o cutie de carton \u00een fa\u021b\u0103. \u00cen ea, c\u00e2teva ou\u0103 curate, proaspete, a\u0219ezate cu grij\u0103, ca ni\u0219te comori fragile din munca lui zilnic\u0103.<\/p>\n\n\n\n<p><\/p>\n\n\n\n<p>Soarele abia \u00eencepuse s\u0103 urce pe cer, dar b\u0103tr\u00e2nul era deja acolo. St\u0103tea t\u0103cut, cu privirea aplecat\u0103, poate cu speran\u021ba c\u0103 azi va fi o zi mai bun\u0103. Poate azi, cineva va opri \u0219i va cump\u0103ra m\u0103car c\u00e2teva ou\u0103\u2026<\/p>\n\n\n\n<p><\/p>\n\n\n\n<p>Dup\u0103 un timp, o <strong>ma\u0219in\u0103 scump\u0103<\/strong>, cu geamuri fumurii \u0219i jante lucioase, a tras pe dreapta. Din ea a cobor\u00e2t o <strong>doamn\u0103 elegant\u0103<\/strong>, bine \u00eembr\u0103cat\u0103, purt\u00e2nd ochelari de soare mari \u0219i un parfum scump.<\/p>\n\n\n\n<p><\/p>\n\n\n\n<p>\u2013 Cu c\u00e2t sunt ou\u0103le, mo\u0219ule? a \u00eentrebat ea, privindu-l scurt, f\u0103r\u0103 prea mult interes.<\/p>\n\n\n\n<p>\u2013 Un leu bucata, doamn\u0103, a r\u0103spuns b\u0103tr\u00e2nul cu o voce bl\u00e2nd\u0103 \u0219i umil\u0103.<\/p>\n\n\n\n<p>\u2013 \u00ce\u021bi dau 5 lei pe 6 ou\u0103. Le vrei s\u0103 le vinzi, bine. Dac\u0103 nu, plec, a spus ea, cu un aer sigur pe sine.<\/p>\n\n\n\n<p>B\u0103tr\u00e2nul a z\u00e2mbit slab, cu o u\u0219oar\u0103 triste\u021be \u00een privire.<\/p>\n\n\n\n<p>\u2013 Ia-le, doamn\u0103\u2026 poate e un \u00eenceput bun pentru ziua de azi. N-am v\u00e2ndut nimic \u00eenc\u0103\u2026<\/p>\n\n\n\n<p>Femeia a luat ou\u0103le, s-a urcat \u00een ma\u0219in\u0103 \u0219i a plecat, f\u0103r\u0103 s\u0103 mai rosteasc\u0103 un cuv\u00e2nt. Se sim\u021bea, poate, m\u00e2ndr\u0103 c\u0103 a f\u0103cut o \u201eafacere bun\u0103\u201d.<\/p>\n\n\n\n<p>Dup\u0103 doar c\u00e2teva minute, femeia a ajuns \u00eentr-un <strong>restaurant de lux<\/strong>, unde s-a \u00eent\u00e2lnit cu prietenul ei. Au comandat f\u0103r\u0103 s\u0103 se uite la pre\u021buri, au ciugulit pu\u021bin din por\u021biile generoase, iar la final, nota a venit: <strong>140 de lei<\/strong>. F\u0103r\u0103 s\u0103 clipeasc\u0103, a l\u0103sat <strong>150 de lei<\/strong> \u0219i i-a spus chelnerului:<\/p>\n\n\n\n<p>\u2013 P\u0103streaz\u0103 restul, e ok.<\/p>\n\n\n\n<p>Un gest elegant pentru chelner. Dar, \u00een contrast, o nedreptate t\u0103cut\u0103 fa\u021b\u0103 de acel b\u0103tr\u00e2n care poate tr\u0103ia dintr-un leu c\u00e2\u0219tigat cu trud\u0103&#8230;<\/p>\n\n\n\n<p><\/p>\n\n\n\n<h3>\ud83e\udd14 G\u00e2nduri&#8230;<\/h3>\n\n\n\n<p><strong>De ce suntem mereu \u201eputernici\u201d cu cei care nu se pot ap\u0103ra?<\/strong><br><strong>De ce sim\u021bim nevoia s\u0103 negociem p\u00e2n\u0103 la ultimul b\u0103nu\u021b cu v\u00e2nz\u0103torii am\u0103r\u00e2\u021bi, dar suntem genero\u0219i cu cei care nu au nevoie de generozitatea noastr\u0103?<\/strong><\/p>\n\n\n\n<p>Am citit odat\u0103 ceva ce mi-a r\u0103mas \u00een suflet:<\/p>\n\n\n\n<blockquote class=\"wp-block-quote\">\n<p>\u201eTat\u0103l meu obi\u0219nuia s\u0103 cumpere de la oamenii s\u0103raci la pre\u021b \u00eentreg. Uneori, chiar pl\u0103tea mai mult dec\u00e2t cereau. I-am spus \u00eentr-o zi: \u00abTat\u0103, de ce faci asta?\u00bb El mi-a r\u0103spuns:<br>\u2013 Este un act de caritate \u00eenf\u0103\u0219urat \u00een demnitate.\u201d<\/p>\n\n\n\n<p><\/p>\n<\/blockquote>\n\n\n\n<h3>\ud83e\udde1 Lec\u021bia?<\/h3>\n\n\n\n<p><strong>Uneori nu cump\u0103r\u0103m doar ou\u0103. Cump\u0103r\u0103m speran\u021b\u0103. Sus\u021binem demnitatea. \u00centindem o m\u00e2n\u0103 de omenie.<\/strong><\/p>\n\n\n\n<p>Dac\u0103 \u021bi-a pl\u0103cut aceast\u0103 poveste, nu ezita s\u0103 o distribui.<br>Poate altcineva va alege m\u00e2ine s\u0103 nu mai negocieze cu b\u0103tr\u00e2nul de pe marginea drumului\u2026<\/p>\n\n\n\n<blockquote class=\"wp-block-quote\">\n<p>S\u0103 fim mai buni. Chiar \u0219i atunci c\u00e2nd putem s\u0103 fim altfel.<\/p>\n<\/blockquote>\n","protected":false},"excerpt":{"rendered":"<p>\u00centr-o diminea\u021b\u0103 lini\u0219tit\u0103 de var\u0103, un b\u0103tr\u00e2n cu p\u0103rul alb \u0219i palmele cr\u0103pate de munc\u0103 st\u0103tea a\u0219ezat pe un sc\u0103unel vechi, la marginea unui drum<\/p>\n","protected":false},"author":1,"featured_media":40049,"comment_status":"closed","ping_status":"closed","sticky":false,"template":"","format":"standard","meta":[],"categories":[1],"tags":[],"_links":{"self":[{"href":"https:\/\/calatorinromania.com\/index.php?rest_route=\/wp\/v2\/posts\/40048"}],"collection":[{"href":"https:\/\/calatorinromania.com\/index.php?rest_route=\/wp\/v2\/posts"}],"about":[{"href":"https:\/\/calatorinromania.com\/index.php?rest_route=\/wp\/v2\/types\/post"}],"author":[{"embeddable":true,"href":"https:\/\/calatorinromania.com\/index.php?rest_route=\/wp\/v2\/users\/1"}],"replies":[{"embeddable":true,"href":"https:\/\/calatorinromania.com\/index.php?rest_route=%2Fwp%2Fv2%2Fcomments&post=40048"}],"version-history":[{"count":1,"href":"https:\/\/calatorinromania.com\/index.php?rest_route=\/wp\/v2\/posts\/40048\/revisions"}],"predecessor-version":[{"id":40050,"href":"https:\/\/calatorinromania.com\/index.php?rest_route=\/wp\/v2\/posts\/40048\/revisions\/40050"}],"wp:featuredmedia":[{"embeddable":true,"href":"https:\/\/calatorinromania.com\/index.php?rest_route=\/wp\/v2\/media\/40049"}],"wp:attachment":[{"href":"https:\/\/calatorinromania.com\/index.php?rest_route=%2Fwp%2Fv2%2Fmedia&parent=40048"}],"wp:term":[{"taxonomy":"category","embeddable":true,"href":"https:\/\/calatorinromania.com\/index.php?rest_route=%2Fwp%2Fv2%2Fcategories&post=40048"},{"taxonomy":"post_tag","embeddable":true,"href":"https:\/\/calatorinromania.com\/index.php?rest_route=%2Fwp%2Fv2%2Ftags&post=40048"}],"curies":[{"name":"wp","href":"https:\/\/api.w.org\/{rel}","templated":true}]}}