{"id":40046,"date":"2025-06-12T07:17:30","date_gmt":"2025-06-12T07:17:30","guid":{"rendered":"https:\/\/calatorinromania.com\/?p=40046"},"modified":"2025-06-12T07:17:31","modified_gmt":"2025-06-12T07:17:31","slug":"logodnicul-meu-si-mama-lui-mi-au-cerut-sa-port-o-rochie-de-mireasa-rosie-pentru-ca-am-un-copil-dar-eu-aveam-o-idee-mai-buna","status":"publish","type":"post","link":"https:\/\/calatorinromania.com\/?p=40046","title":{"rendered":"LOGODNICUL MEU \u0218I MAMA LUI MI-AU CERUT S\u0102 PORT O ROCHIE DE MIREAS\u0102 RO\u0218IE PENTRU C\u0102 AM UN COPIL \u2014 DAR EU AVEAM O IDEE MAI BUN\u0102"},"content":{"rendered":"\n<p>To\u021bi invita\u021bii mei \u2013 prietenii, colegii, familia mea \u2013 au \u00eenceput s\u0103-\u0219i scoat\u0103 jachetele \u0219i s\u0103-\u0219i desfac\u0103 c\u0103me\u0219ile. Dedesubt, fiecare purta tricouri identice, ro\u0219ii ca focul, cu mesajul scris cu litere mari: \u201eSUS\u021aIN MIREASA \u00ceN RO\u0218U!\u201d<\/p>\n\n\n\n<p><\/p>\n\n\n\n<p>Margareta a devenit alb\u0103 ca varul. D\u0103nu\u021b se uita \u00een jur ca un pe\u0219te scos din ap\u0103.<\/p>\n\n\n\n<p><\/p>\n\n\n\n<p>Dar nu era tot. Fiul meu de opt ani, Alexu\u021b, s-a ridicat din primul r\u00e2nd, ar\u0103t\u00e2nd adorabil \u00een costumul lui mic ro\u0219u. \u00cen m\u00e2inile lui tremura un microfon.<\/p>\n\n\n\n<p><\/p>\n\n\n\n<p>\u201eScuza\u021bi-m\u0103,\u201d a spus el cu vocea lui clar\u0103 de copil. \u201eMama mea m-a \u00eenv\u0103\u021bat c\u0103 iubirea nu are culoare. Ea m-a \u00eenv\u0103\u021bat c\u0103 familia nu \u00eenseamn\u0103 s\u0103 judeci, ci s\u0103 accep\u021bi.\u201d<\/p>\n\n\n\n<p><\/p>\n\n\n\n<p>Invita\u021bii au \u00eenceput s\u0103 aplaude. Alexu\u021b a continuat: \u201eMama mea este cea mai bun\u0103 mam\u0103 din lume. \u0218i dac\u0103 cineva spune c\u0103 nu merit\u0103 s\u0103 poarte alb pentru c\u0103 m\u0103 are pe mine, atunci eu sunt m\u00e2ndru s\u0103 fiu motivul!\u201d<\/p>\n\n\n\n<p>Lacrimile \u00eemi curgeau pe fa\u021b\u0103. Prietena mea cea mai bun\u0103, Ana, s-a ridicat \u0219i a ridicat un pahar: \u201ePentru o femeie care ne-a ar\u0103tat c\u0103 adev\u0103rata puritate vine din suflet, nu din culoarea unei rochii!\u201d<\/p>\n\n\n\n<p>Toat\u0103 biserica a explodat \u00een aplauze. Chiar \u0219i preotul z\u00e2mbea.<\/p>\n\n\n\n<p>Margareta a \u00eencercat s\u0103 se ridice, dar picioarele i-au cedat. D\u0103nu\u021b m-a privit, realiz\u00e2nd \u00een sf\u00e2r\u0219it magnitudinea umilirii pe care mi-o provocase.<\/p>\n\n\n\n<p>\u201e\u00cemi pare r\u0103u,\u201d a \u0219optit el.<\/p>\n\n\n\n<p>Am z\u00e2mbit \u0219i am ridicat m\u00e2na. \u201eNu, D\u0103nu\u021b. \u00cemi pare r\u0103u mie pentru tine. Pentru c\u0103 tocmai ai pierdut o femeie care te-ar fi iubit necondi\u021bionat, pentru p\u0103rerile unei mame care nu \u0219tie ce \u00eenseamn\u0103 iubirea adev\u0103rat\u0103.\u201d<\/p>\n\n\n\n<p>M-am \u00eentors spre invita\u021bi: \u201eV\u0103 mul\u021bumesc tuturor c\u0103 mi-a\u021bi demonstrat c\u0103 familia adev\u0103rat\u0103 nu te judec\u0103, ci te sus\u021bine. Petrecerea continu\u0103, dar f\u0103r\u0103 mirele!\u201d<\/p>\n\n\n\n<p>\u0218i a\u0219a am ie\u0219it din aceast\u0103 biseric\u0103, \u00een rochia mea ro\u0219ie magnific\u0103, cu capul sus \u0219i cu cel mai bun copil din lume l\u00e2ng\u0103 mine, \u00eenconjurat\u0103 de oamenii care m\u0103 iubeau cu adev\u0103rat.<\/p>\n\n\n\n<p><strong>Dac\u0103 \u021bi-a pl\u0103cut povestea, nu uita s\u0103 o distribui cu prietenii t\u0103i! \u00cempreun\u0103 putem duce mai departe emo\u021bia \u0219i inspira\u021bia.<\/strong><\/p>\n","protected":false},"excerpt":{"rendered":"<p>To\u021bi invita\u021bii mei \u2013 prietenii, colegii, familia mea \u2013 au \u00eenceput s\u0103-\u0219i scoat\u0103 jachetele \u0219i s\u0103-\u0219i desfac\u0103 c\u0103me\u0219ile. Dedesubt, fiecare purta tricouri identice, ro\u0219ii ca<\/p>\n","protected":false},"author":1,"featured_media":39984,"comment_status":"closed","ping_status":"closed","sticky":false,"template":"","format":"standard","meta":[],"categories":[1],"tags":[],"_links":{"self":[{"href":"https:\/\/calatorinromania.com\/index.php?rest_route=\/wp\/v2\/posts\/40046"}],"collection":[{"href":"https:\/\/calatorinromania.com\/index.php?rest_route=\/wp\/v2\/posts"}],"about":[{"href":"https:\/\/calatorinromania.com\/index.php?rest_route=\/wp\/v2\/types\/post"}],"author":[{"embeddable":true,"href":"https:\/\/calatorinromania.com\/index.php?rest_route=\/wp\/v2\/users\/1"}],"replies":[{"embeddable":true,"href":"https:\/\/calatorinromania.com\/index.php?rest_route=%2Fwp%2Fv2%2Fcomments&post=40046"}],"version-history":[{"count":1,"href":"https:\/\/calatorinromania.com\/index.php?rest_route=\/wp\/v2\/posts\/40046\/revisions"}],"predecessor-version":[{"id":40047,"href":"https:\/\/calatorinromania.com\/index.php?rest_route=\/wp\/v2\/posts\/40046\/revisions\/40047"}],"wp:featuredmedia":[{"embeddable":true,"href":"https:\/\/calatorinromania.com\/index.php?rest_route=\/wp\/v2\/media\/39984"}],"wp:attachment":[{"href":"https:\/\/calatorinromania.com\/index.php?rest_route=%2Fwp%2Fv2%2Fmedia&parent=40046"}],"wp:term":[{"taxonomy":"category","embeddable":true,"href":"https:\/\/calatorinromania.com\/index.php?rest_route=%2Fwp%2Fv2%2Fcategories&post=40046"},{"taxonomy":"post_tag","embeddable":true,"href":"https:\/\/calatorinromania.com\/index.php?rest_route=%2Fwp%2Fv2%2Ftags&post=40046"}],"curies":[{"name":"wp","href":"https:\/\/api.w.org\/{rel}","templated":true}]}}