{"id":40040,"date":"2025-06-12T07:09:57","date_gmt":"2025-06-12T07:09:57","guid":{"rendered":"https:\/\/calatorinromania.com\/?p=40040"},"modified":"2025-07-01T07:46:13","modified_gmt":"2025-07-01T07:46:13","slug":"fierbe-aceasta-planta-si-apoi-spala-te-pe-cap-cu-ea-dupa-3-spalari-parul-tau-nu-va-mai-cadea-deloc-acesta-este-secretul-vedetelor","status":"publish","type":"post","link":"https:\/\/calatorinromania.com\/?p=40040","title":{"rendered":"Fierbe aceast\u0103 plant\u0103 \u0219i apoi spal\u0103-te pe cap cu ea! Dup\u0103 3 sp\u0103l\u0103ri P\u0102RUL T\u0102U NU VA MAI C\u0102DEA DELOC! Acesta este secretul vedetelor!"},"content":{"rendered":"\n<h2>\ud83c\udf3f Spal\u0103-te pe cap cu aceast\u0103 plant\u0103 \u0219i vei vedea minuni!<\/h2>\n\n\n\n<p><\/p>\n\n\n\n<p><strong>Dup\u0103 doar 3 utiliz\u0103ri, p\u0103rul t\u0103u NU va mai c\u0103dea!<\/strong> Este un truc simplu, folosit de multe vedete \u2013 \u0219i acum po\u021bi s\u0103-l \u00eencerci \u0219i tu! \ud83d\udc81\u200d\u2640\ufe0f\u2728<\/p>\n\n\n\n<p><\/p>\n\n\n\n<h3>\ud83e\udde0 Ce este alopecia?<\/h3>\n\n\n\n<p><\/p>\n\n\n\n<p>C\u0103derea p\u0103rului \u2013 cunoscut\u0103 \u0219i ca <strong>alopecie<\/strong> \u2013 afecteaz\u0103 tot mai multe persoane, \u00een special femeile. De fapt, <strong>una din dou\u0103 sau trei femei<\/strong> se confrunt\u0103 cu aceast\u0103 problem\u0103 la un moment dat \u00een via\u021b\u0103.<\/p>\n\n\n\n<p><\/p>\n\n\n\n<p>Este o afec\u021biune frustrant\u0103, care afecteaz\u0103 \u00eencrederea \u00een sine \u0219i calitatea vie\u021bii. Dar\u2026 exist\u0103 un <strong>remediu natural<\/strong>, simplu \u0219i eficient, pe care \u00eel po\u021bi folosi chiar acas\u0103! \ud83d\ude4c<\/p>\n\n\n\n<p><\/p>\n\n\n\n<h2>\ud83c\udf31 Secretul? <strong>Rozmarinul!<\/strong><\/h2>\n\n\n\n<p><\/p>\n\n\n\n<p>Da, ai citit bine! \ud83c\udf3f<\/p>\n\n\n\n<p><br><strong>Rozmarinul este o plant\u0103 magic\u0103<\/strong> pentru scalp \u0219i p\u0103r \u2013 cu efecte dovedite:<\/p>\n\n\n\n<p><\/p>\n\n\n\n<p>\u2714\ufe0f <strong>Stimuleaz\u0103 cre\u0219terea p\u0103rului<\/strong><br>\u2714\ufe0f <strong>Opre\u0219te c\u0103derea p\u0103rului<\/strong><br>\u2714\ufe0f <strong>\u00cembun\u0103t\u0103\u021be\u0219te circula\u021bia la nivelul scalpului<\/strong><br>\u2714\ufe0f <strong>Red\u0103 str\u0103lucirea \u0219i vitalitatea firelor de p\u0103r<\/strong><\/p>\n\n\n\n<p><\/p>\n\n\n\n<h2>\ud83d\udd2c Cum se prepar\u0103 infuzia de rozmarin:<\/h2>\n\n\n\n<p><\/p>\n\n\n\n<p>\ud83e\uddf4 Ai nevoie de:<\/p>\n\n\n\n<p><\/p>\n\n\n\n<ul>\n<li>1 litru de ap\u0103 \ud83d\udca7<\/li>\n\n\n\n<li>2-3 m\u00e2ini de <strong>rozmarin uscat<\/strong> (sau proasp\u0103t, dac\u0103 ai acces)<\/li>\n<\/ul>\n\n\n\n<p><\/p>\n\n\n\n<h3>\ud83d\udd25 Pa\u0219i simpli:<\/h3>\n\n\n\n<p><\/p>\n\n\n\n<ol>\n<li>Fierbe apa \u00eentr-o oal\u0103.<\/li>\n\n\n\n<li>C\u00e2nd d\u0103 \u00een clocot, adaug\u0103 frunzele de rozmarin.<\/li>\n\n\n\n<li>Opre\u0219te focul dup\u0103 1-2 minute \u0219i <strong>las\u0103 la infuzat timp de 5 ore<\/strong> cu capac.<\/li>\n\n\n\n<li>Strecoar\u0103 lichidul \u0219i toarn\u0103-l \u00eentr-o sticl\u0103.<\/li>\n\n\n\n<li><strong>P\u0103streaz\u0103 la frigider<\/strong> \u2013 poate fi folosit c\u00e2teva zile.<\/li>\n<\/ol>\n\n\n\n<p><\/p>\n\n\n\n<h2>\ud83e\uddf4 Cum se folose\u0219te:<\/h2>\n\n\n\n<p><\/p>\n\n\n\n<p>Dup\u0103 fiecare sp\u0103lare a p\u0103rului, toarn\u0103 infuzia de rozmarin pe scalp, maseaz\u0103 u\u0219or timp de c\u00e2teva minute \u0219i NU cl\u0103ti. \ud83c\udf3f<\/p>\n\n\n\n<p><br>Aplic\u0103 <strong>de 2-3 ori pe s\u0103pt\u0103m\u00e2n\u0103<\/strong>, timp de 7 zile \u2013 iar rezultatele nu vor \u00eent\u00e2rzia s\u0103 apar\u0103!<\/p>\n\n\n\n<p><\/p>\n\n\n\n<h2>\u2728 BONUS: Uleiul de rozmarin<\/h2>\n\n\n\n<p><\/p>\n\n\n\n<p>Pentru un efect mai intens, adaug\u0103 c\u00e2teva pic\u0103turi de <strong>ulei esen\u021bial de rozmarin<\/strong> \u00een:<\/p>\n\n\n\n<p><\/p>\n\n\n\n<ul>\n<li>\u0218amponul t\u0103u obi\u0219nuit<\/li>\n\n\n\n<li>Balsam<\/li>\n\n\n\n<li>Masaj direct pe scalp, diluat cu ulei de cocos sau de ricin<\/li>\n<\/ul>\n\n\n\n<p><\/p>\n\n\n\n<h2>\ud83d\udd01 REZUMAT:<\/h2>\n\n\n\n<p><\/p>\n\n\n\n<p>\ud83c\udf3f Rozmarinul este un tratament natural, eficient \u0219i accesibil pentru c\u0103derea p\u0103rului.<br>\ud83d\udc86\u200d\u2640\ufe0f Ofer\u0103 un scalp s\u0103n\u0103tos, p\u0103r puternic \u0219i str\u0103lucitor.<br>\ud83e\uddea E folosit de vedete \u0219i recomandat de speciali\u0219ti \u00een \u00eengrijirea natural\u0103.<\/p>\n\n\n\n<p><\/p>\n\n\n\n<p>\ud83d\udce2 Dac\u0103 ai \u00eencercat totul pentru p\u0103rul t\u0103u, dar nimic nu a func\u021bionat, d\u0103 o \u0219ans\u0103 acestui remediu tradi\u021bional \u2013 \u0219i spune-ne \u00een comentarii cum a mers! \u270d\ufe0f\ud83d\udc9a<\/p>\n","protected":false},"excerpt":{"rendered":"<p>\ud83c\udf3f Spal\u0103-te pe cap cu aceast\u0103 plant\u0103 \u0219i vei vedea minuni! Dup\u0103 doar 3 utiliz\u0103ri, p\u0103rul t\u0103u NU va mai c\u0103dea! Este un truc simplu,<\/p>\n","protected":false},"author":1,"featured_media":40041,"comment_status":"closed","ping_status":"closed","sticky":false,"template":"","format":"standard","meta":[],"categories":[1],"tags":[],"_links":{"self":[{"href":"https:\/\/calatorinromania.com\/index.php?rest_route=\/wp\/v2\/posts\/40040"}],"collection":[{"href":"https:\/\/calatorinromania.com\/index.php?rest_route=\/wp\/v2\/posts"}],"about":[{"href":"https:\/\/calatorinromania.com\/index.php?rest_route=\/wp\/v2\/types\/post"}],"author":[{"embeddable":true,"href":"https:\/\/calatorinromania.com\/index.php?rest_route=\/wp\/v2\/users\/1"}],"replies":[{"embeddable":true,"href":"https:\/\/calatorinromania.com\/index.php?rest_route=%2Fwp%2Fv2%2Fcomments&post=40040"}],"version-history":[{"count":1,"href":"https:\/\/calatorinromania.com\/index.php?rest_route=\/wp\/v2\/posts\/40040\/revisions"}],"predecessor-version":[{"id":40042,"href":"https:\/\/calatorinromania.com\/index.php?rest_route=\/wp\/v2\/posts\/40040\/revisions\/40042"}],"wp:featuredmedia":[{"embeddable":true,"href":"https:\/\/calatorinromania.com\/index.php?rest_route=\/wp\/v2\/media\/40041"}],"wp:attachment":[{"href":"https:\/\/calatorinromania.com\/index.php?rest_route=%2Fwp%2Fv2%2Fmedia&parent=40040"}],"wp:term":[{"taxonomy":"category","embeddable":true,"href":"https:\/\/calatorinromania.com\/index.php?rest_route=%2Fwp%2Fv2%2Fcategories&post=40040"},{"taxonomy":"post_tag","embeddable":true,"href":"https:\/\/calatorinromania.com\/index.php?rest_route=%2Fwp%2Fv2%2Ftags&post=40040"}],"curies":[{"name":"wp","href":"https:\/\/api.w.org\/{rel}","templated":true}]}}