{"id":40037,"date":"2025-06-12T07:03:49","date_gmt":"2025-06-12T07:03:49","guid":{"rendered":"https:\/\/calatorinromania.com\/?p=40037"},"modified":"2025-06-12T07:03:49","modified_gmt":"2025-06-12T07:03:49","slug":"am-gasit-in-caietul-mamei-cea-mai-buna-reteta-de-supa-cu-galuste","status":"publish","type":"post","link":"https:\/\/calatorinromania.com\/?p=40037","title":{"rendered":"Am g\u0103sit \u00een caietul mamei cea mai bun\u0103 re\u021bet\u0103 de Sup\u0103 cu G\u0103lu\u0219te"},"content":{"rendered":"\n<p>Am descoperit \u00een caietul mamei cea mai bun\u0103 re\u021bet\u0103 tradi\u021bional\u0103 de <strong>Sup\u0103 cu G\u0103lu\u0219te pufoase<\/strong>, exact cum o f\u0103cea ea \u00een copil\u0103rie \u2764\ufe0f<\/p>\n\n\n\n<p><\/p>\n\n\n\n<h3>\ud83e\uddfa Ingrediente:<\/h3>\n\n\n\n<p>\ud83e\udd55 2 morcovi potrivi\u021bi<br>\ud83c\udf36\ufe0f 1 ardei gras<br>\ud83e\uddc5 2 cepe medii<br>\ud83c\udf3f Verdea\u021b\u0103 dup\u0103 preferin\u021be (p\u0103trunjel, leu\u0219tean etc.)<br>\ud83e\uddc2 Sare dup\u0103 gust<br>\ud83c\udf3b 50 ml ulei<br>\ud83e\uddc2 1 linguri\u021b\u0103 condimente (op\u021bional: boia dulce, piper, cimbru)<\/p>\n\n\n\n<p><\/p>\n\n\n\n<p><\/p>\n\n\n\n<p>Pentru g\u0103lu\u0219te:<\/p>\n\n\n\n<ul>\n<li>\ud83e\udd44 2 linguri de f\u0103in\u0103<\/li>\n\n\n\n<li>\ud83e\udd44 2 linguri de gri\u0219<\/li>\n\n\n\n<li>\ud83d\udca7 Ap\u0103 c\u0103ldu\u021b\u0103 c\u00e2t cuprinde<\/li>\n<\/ul>\n\n\n\n<p><\/p>\n\n\n\n<h3>\ud83d\udc69\u200d\ud83c\udf73 Mod de preparare:<\/h3>\n\n\n\n<p>1\ufe0f\u20e3 <strong>Cur\u0103\u021b\u0103 \u0219i spal\u0103 legumele.<\/strong><br>2\ufe0f\u20e3 Toc\u0103m ceapa m\u0103runt \u0219i o c\u0103lim u\u0219or \u00een ulei \u00eentr-o oal\u0103.<\/p>\n\n\n\n<p>3\ufe0f\u20e3 Adaug\u0103m apoi ap\u0103, sare \u0219i punem morcovii \u00eentregi + ardeiul gras t\u0103iat m\u0103runt.<br>4\ufe0f\u20e3 Condiment\u0103m dup\u0103 gust \u0219i l\u0103s\u0103m legumele la fiert.<\/p>\n\n\n\n<p><\/p>\n\n\n\n<p><\/p>\n\n\n\n<h3>\ud83e\udd63 Prepararea g\u0103lu\u0219telor:<\/h3>\n\n\n\n<p><\/p>\n\n\n\n<p><\/p>\n\n\n\n<p>\u2705 Amestec\u0103m f\u0103ina \u0219i gri\u0219ul cu pu\u021bin\u0103 ap\u0103 c\u0103ldu\u021b\u0103 p\u00e2n\u0103 ob\u021binem o <strong>past\u0103 groas\u0103, omogen\u0103<\/strong>.<\/p>\n\n\n\n<p>\ud83d\udd25 C\u00e2nd legumele sunt aproape fierte, reducem focul \u0219i ad\u0103ug\u0103m \u00een sup\u0103 <strong>c\u00e2te o linguri\u021b\u0103 din compozi\u021bia pentru g\u0103lu\u0219te<\/strong>.<\/p>\n\n\n\n<p>\u231b Se fierb 5 minute, apoi <strong>oprim focul \u0219i l\u0103s\u0103m acoperit 5-10 minute<\/strong>, ca s\u0103 se umfle frumos.<\/p>\n\n\n\n<p><\/p>\n\n\n\n<p><\/p>\n\n\n\n<h3>\ud83c\udf3f Finalul magic:<\/h3>\n\n\n\n<p>Toc\u0103m verdea\u021ba m\u0103runt (p\u0103trunjel \u0219i\/sau leu\u0219tean) \u0219i o ad\u0103ug\u0103m \u00een supa fierbinte.<\/p>\n\n\n\n<p>Se serve\u0219te imediat \u2013 <strong>aromat\u0103, u\u0219oar\u0103, reconfortant\u0103 \u0219i gata \u00een timp record!<\/strong><\/p>\n\n\n\n<p><\/p>\n\n\n\n<p><\/p>\n\n\n\n<h2>\u2764\ufe0f Re\u021bet\u0103 potrivit\u0103 pentru to\u021bi:<\/h2>\n\n\n\n<p>\u2714\ufe0f Perfect\u0103 \u00een post (f\u0103r\u0103 carne)<br>\u2714\ufe0f Hranitoare, gustoas\u0103 \u0219i u\u0219or de digerat<br>\u2714\ufe0f Ideal\u0103 pentru copii, v\u00e2rstnici sau zile r\u0103coroase<\/p>\n\n\n\n<p>\ud83d\udce3 <em>Dac\u0103 \u0219i tu iube\u0219ti m\u00e2ncarea gustoas\u0103 de acas\u0103, distribuie aceast\u0103 re\u021bet\u0103 mai departe! Pofta bun\u0103!<\/em> \ud83c\udf7d\ufe0f\ud83e\udd70<\/p>\n","protected":false},"excerpt":{"rendered":"<p>Am descoperit \u00een caietul mamei cea mai bun\u0103 re\u021bet\u0103 tradi\u021bional\u0103 de Sup\u0103 cu G\u0103lu\u0219te pufoase, exact cum o f\u0103cea ea \u00een copil\u0103rie \u2764\ufe0f \ud83e\uddfa Ingrediente:<\/p>\n","protected":false},"author":1,"featured_media":40038,"comment_status":"closed","ping_status":"closed","sticky":false,"template":"","format":"standard","meta":[],"categories":[1],"tags":[],"_links":{"self":[{"href":"https:\/\/calatorinromania.com\/index.php?rest_route=\/wp\/v2\/posts\/40037"}],"collection":[{"href":"https:\/\/calatorinromania.com\/index.php?rest_route=\/wp\/v2\/posts"}],"about":[{"href":"https:\/\/calatorinromania.com\/index.php?rest_route=\/wp\/v2\/types\/post"}],"author":[{"embeddable":true,"href":"https:\/\/calatorinromania.com\/index.php?rest_route=\/wp\/v2\/users\/1"}],"replies":[{"embeddable":true,"href":"https:\/\/calatorinromania.com\/index.php?rest_route=%2Fwp%2Fv2%2Fcomments&post=40037"}],"version-history":[{"count":1,"href":"https:\/\/calatorinromania.com\/index.php?rest_route=\/wp\/v2\/posts\/40037\/revisions"}],"predecessor-version":[{"id":40039,"href":"https:\/\/calatorinromania.com\/index.php?rest_route=\/wp\/v2\/posts\/40037\/revisions\/40039"}],"wp:featuredmedia":[{"embeddable":true,"href":"https:\/\/calatorinromania.com\/index.php?rest_route=\/wp\/v2\/media\/40038"}],"wp:attachment":[{"href":"https:\/\/calatorinromania.com\/index.php?rest_route=%2Fwp%2Fv2%2Fmedia&parent=40037"}],"wp:term":[{"taxonomy":"category","embeddable":true,"href":"https:\/\/calatorinromania.com\/index.php?rest_route=%2Fwp%2Fv2%2Fcategories&post=40037"},{"taxonomy":"post_tag","embeddable":true,"href":"https:\/\/calatorinromania.com\/index.php?rest_route=%2Fwp%2Fv2%2Ftags&post=40037"}],"curies":[{"name":"wp","href":"https:\/\/api.w.org\/{rel}","templated":true}]}}