{"id":40034,"date":"2025-06-12T06:59:25","date_gmt":"2025-06-12T06:59:25","guid":{"rendered":"https:\/\/calatorinromania.com\/?p=40034"},"modified":"2025-06-12T06:59:25","modified_gmt":"2025-06-12T06:59:25","slug":"%e2%9c%a8-reda-stralucirea-tenului-tau-cu-o-masca-simpla-si-naturala-%e2%9c%a8","status":"publish","type":"post","link":"https:\/\/calatorinromania.com\/?p=40034","title":{"rendered":"\u2728 Red\u0103 str\u0103lucirea tenului t\u0103u cu o masc\u0103 simpl\u0103 \u0219i natural\u0103! \u2728"},"content":{"rendered":"\n<p><strong>Pielea ta este zilnic expus\u0103<\/strong> la factori care gr\u0103besc \u00eemb\u0103tr\u00e2nirea \u0219i apari\u021bia petelor:<\/p>\n\n\n\n<p><br>\ud83c\udf06 poluare<br>\ud83d\ude23 stres<br>\ud83c\udf5f alimenta\u021bie dezechilibrat\u0103<br>\u2600\ufe0f expunerea la soare f\u0103r\u0103 protec\u021bie<\/p>\n\n\n\n<p><\/p>\n\n\n\n<p>Dar vestea bun\u0103 este c\u0103 exist\u0103 solu\u021bii naturale \ud83d\udc9a pentru un ten mereu <strong>t\u00e2n\u0103r, curat \u0219i luminos<\/strong>!<\/p>\n\n\n\n<p><\/p>\n\n\n\n<h2>\ud83e\uddf4 Masca cu bicarbonat de sodiu \u2013 Secretul unui ten proasp\u0103t!<\/h2>\n\n\n\n<p><\/p>\n\n\n\n<p><strong>De ce func\u021bioneaz\u0103 at\u00e2t de bine?<\/strong><br>Bicarbonatul de sodiu are efecte:<\/p>\n\n\n\n<p><\/p>\n\n\n\n<ul>\n<li>\u2705 <strong>Exfoliante<\/strong> \u2013 \u00eendep\u0103rteaz\u0103 celulele moarte<\/li>\n\n\n\n<li>\u2705 <strong>Antibacteriene<\/strong> \u2013 cur\u0103\u021b\u0103 \u0219i previne co\u0219urile<\/li>\n\n\n\n<li>\u2705 <strong>Echilibreaz\u0103 pH-ul pielii<\/strong> \u2013 pentru un ten uniform<\/li>\n<\/ul>\n\n\n\n<p><\/p>\n\n\n\n<p>\ud83c\udf1f <strong>Beneficii principale:<\/strong><\/p>\n\n\n\n<p><\/p>\n\n\n\n<ul>\n<li>\ud83d\udd39 Cur\u0103\u021b\u0103 porii \u00een profunzime<\/li>\n\n\n\n<li>\ud83d\udd39 Reduce petele pigmentare (soare, v\u00e2rst\u0103)<\/li>\n\n\n\n<li>\ud83d\udd39 Estompeaz\u0103 ridurile fine<\/li>\n\n\n\n<li>\ud83d\udd39 Controleaz\u0103 excesul de sebum<\/li>\n<\/ul>\n\n\n\n<p><\/p>\n\n\n\n<h2>\ud83e\udd63 Re\u021beta simpl\u0103 pentru masca magic\u0103:<\/h2>\n\n\n\n<p><\/p>\n\n\n\n<p><strong>Ingrediente:<\/strong><\/p>\n\n\n\n<ul>\n<li>\ud83e\udd44 1 linguri\u021b\u0103 bicarbonat de sodiu<\/li>\n\n\n\n<li>\ud83c\udf6f 1 linguri\u021b\u0103 miere natural\u0103 (hidrateaz\u0103 \u0219i calmeaz\u0103)<\/li>\n\n\n\n<li>\ud83e\udd5b 1 linguri\u021b\u0103 iaurt <strong>sau<\/strong> \ud83c\udf4b suc de l\u0103m\u00e2ie (pentru efect de iluminare)<\/li>\n<\/ul>\n\n\n\n<p><\/p>\n\n\n\n<p><strong>Mod de preparare \u0219i aplicare:<\/strong><br>1\ufe0f\u20e3 Amestec\u0103 ingredientele p\u00e2n\u0103 ob\u021bii o past\u0103 fin\u0103.<br>2\ufe0f\u20e3 Aplic\u0103 pe fa\u021b\u0103 (curat\u0103), <strong>evit\u00e2nd zona ochilor<\/strong>.<br>3\ufe0f\u20e3 Las\u0103 masca 10\u201315 minute.<br>4\ufe0f\u20e3 Cl\u0103te\u0219te cu ap\u0103 c\u0103ldu\u021b\u0103 \u0219i aplic\u0103 o crem\u0103 hidratant\u0103.<\/p>\n\n\n\n<h2>\ud83d\udca1 Sfaturi pentru rezultate rapide \u0219i sigure:<\/h2>\n\n\n\n<p>\ud83d\udd01 <strong>Aplic\u0103 masca de 2\u20133 ori pe s\u0103pt\u0103m\u00e2n\u0103<\/strong>, timp de 7 zile.<br>\ud83d\udca7 Hidrateaz\u0103 mereu pielea dup\u0103 masc\u0103.<br>\ud83c\udf1e <strong>Folose\u0219te crem\u0103 cu SPF zilnic<\/strong> \u2013 previi petele noi!<br>\ud83e\udee7 Cl\u0103te\u0219te masca cu bl\u00e2nde\u021be, <strong>f\u0103r\u0103 s\u0103 freci pielea<\/strong>.<\/p>\n\n\n\n<h3>\ud83d\udd0d Rezultatele? Vizibile \u00een doar c\u00e2teva zile:<\/h3>\n\n\n\n<p>\u2728 Ten mai curat<br>\u2728 Piele mai neted\u0103<br>\u2728 Str\u0103lucire natural\u0103<br>\u2728 Imperfec\u021biuni diminuate<\/p>\n\n\n\n<p>\ud83d\udccc <strong>Aten\u021bie:<\/strong> Dac\u0103 ai pielea foarte sensibil\u0103, f\u0103 un test pe o por\u021biune mic\u0103 \u00eenainte de a aplica masca pe toat\u0103 fa\u021ba.<\/p>\n\n\n\n<p><\/p>\n","protected":false},"excerpt":{"rendered":"<p>Pielea ta este zilnic expus\u0103 la factori care gr\u0103besc \u00eemb\u0103tr\u00e2nirea \u0219i apari\u021bia petelor: \ud83c\udf06 poluare\ud83d\ude23 stres\ud83c\udf5f alimenta\u021bie dezechilibrat\u0103\u2600\ufe0f expunerea la soare f\u0103r\u0103 protec\u021bie Dar vestea<\/p>\n","protected":false},"author":1,"featured_media":40035,"comment_status":"closed","ping_status":"closed","sticky":false,"template":"","format":"standard","meta":[],"categories":[1],"tags":[],"_links":{"self":[{"href":"https:\/\/calatorinromania.com\/index.php?rest_route=\/wp\/v2\/posts\/40034"}],"collection":[{"href":"https:\/\/calatorinromania.com\/index.php?rest_route=\/wp\/v2\/posts"}],"about":[{"href":"https:\/\/calatorinromania.com\/index.php?rest_route=\/wp\/v2\/types\/post"}],"author":[{"embeddable":true,"href":"https:\/\/calatorinromania.com\/index.php?rest_route=\/wp\/v2\/users\/1"}],"replies":[{"embeddable":true,"href":"https:\/\/calatorinromania.com\/index.php?rest_route=%2Fwp%2Fv2%2Fcomments&post=40034"}],"version-history":[{"count":1,"href":"https:\/\/calatorinromania.com\/index.php?rest_route=\/wp\/v2\/posts\/40034\/revisions"}],"predecessor-version":[{"id":40036,"href":"https:\/\/calatorinromania.com\/index.php?rest_route=\/wp\/v2\/posts\/40034\/revisions\/40036"}],"wp:featuredmedia":[{"embeddable":true,"href":"https:\/\/calatorinromania.com\/index.php?rest_route=\/wp\/v2\/media\/40035"}],"wp:attachment":[{"href":"https:\/\/calatorinromania.com\/index.php?rest_route=%2Fwp%2Fv2%2Fmedia&parent=40034"}],"wp:term":[{"taxonomy":"category","embeddable":true,"href":"https:\/\/calatorinromania.com\/index.php?rest_route=%2Fwp%2Fv2%2Fcategories&post=40034"},{"taxonomy":"post_tag","embeddable":true,"href":"https:\/\/calatorinromania.com\/index.php?rest_route=%2Fwp%2Fv2%2Ftags&post=40034"}],"curies":[{"name":"wp","href":"https:\/\/api.w.org\/{rel}","templated":true}]}}