{"id":40016,"date":"2025-06-11T06:51:32","date_gmt":"2025-06-11T06:51:32","guid":{"rendered":"https:\/\/calatorinromania.com\/?p=40016"},"modified":"2025-06-11T06:51:33","modified_gmt":"2025-06-11T06:51:33","slug":"elevii-isi-bateau-joc-de-noua-profesoara-incercau-s-o-faca-sa-planga-dar-dupa-cateva-minute-s-a-intamplat-ceva-neasteptat","status":"publish","type":"post","link":"https:\/\/calatorinromania.com\/?p=40016","title":{"rendered":"Elevii \u00ee\u0219i b\u0103teau joc de noua profesoar\u0103, \u00eencercau s-o fac\u0103 s\u0103 pl\u00e2ng\u0103, dar dup\u0103 c\u00e2teva minute s-a \u00eent\u00e2mplat ceva nea\u0219teptat"},"content":{"rendered":"\n<p>\u2014 \u0218ti\u021bi\u2026 nu am fost \u00eentotdeauna profesoar\u0103. Cu exact un an \u00een urm\u0103, lucram \u00een sec\u021bia de oncologie pentru adolescen\u021bi. Acolo erau colegii vo\u0219tri de v\u00e2rst\u0103. Unii visau doar s\u0103 prind\u0103 ziua absolvirii. Pentru ei conta totul: c\u0103r\u021bile, poezia, simplul fapt de a vorbi cu cineva.<\/p>\n\n\n\n<p><\/p>\n\n\n\n<p>\u2014 Un b\u0103iat de 17 ani. Diagnosticul \u2014 sarcom. Citeam cu el \u201eEvgheni Oneghin\u201d cu voce tare, pentru c\u0103 el nu mai putea vorbi.<\/p>\n\n\n\n<p><\/p>\n\n\n\n<p>Clasa a \u00eenceput s\u0103 se lini\u0219teasc\u0103.<\/p>\n\n\n\n<p><\/p>\n\n\n\n<p>\u2014 \u021ainea cartea \u00een m\u00e2ini chiar \u0219i atunci c\u00e2nd degetele nu-l mai ascultau. Mi-a spus: \u201e\u00cemi pare r\u0103u c\u0103 n-am iubit c\u0103r\u021bile mai devreme. Acum a\u0219 da totul doar ca s\u0103 pot\u2026 s\u0103 stau la o or\u0103 obi\u0219nuit\u0103. F\u0103r\u0103 perfuzii.\u201d<\/p>\n\n\n\n<p><\/p>\n\n\n\n<p>S-a f\u0103cut o lini\u0219te vizibil\u0103 \u00een clas\u0103.<\/p>\n\n\n\n<p><\/p>\n\n\n\n<p>\u2014 O fat\u0103 din alt salon, \u2014 a continuat profesoara, \u2014 visa s\u0103 mearg\u0103 la \u0219coal\u0103. Doar s\u0103 stea \u00eentr-o clas\u0103 adev\u0103rat\u0103. Iar voi, copii\u2026 tr\u0103i\u021bi visul lor, dar v\u0103 purta\u021bi de parc\u0103 via\u021ba v-ar fi datoare cu ceva.<\/p>\n\n\n\n<p><\/p>\n\n\n\n<p>\u2014 Nu o s\u0103 v\u0103 pl\u00e2ng de mil\u0103 \u0219i nici nu o s\u0103 v\u0103 implor. Eu \u0219tiu c\u00e2t valoreaz\u0103 asta. Iar dac\u0103 vre\u021bi s-o afla\u021bi \u0219i voi \u2014 continua\u021bi.<\/p>\n\n\n\n<p><\/p>\n\n\n\n<p>S-a ridicat, a aliniat caietele de pe catedr\u0103, \u0219i-a ajustat ochelarii \u0219i a deschis catalogul. P\u00e2n\u0103 la finalul orei, \u00een clas\u0103 nu s-a mai auzit niciun sunet.<\/p>\n\n\n\n<p><\/p>\n\n\n\n<p>Din acea zi, nimeni n-a mai strigat-o altfel \u0219i nimeni n-a mai glumit pe seama ei.<\/p>\n\n\n\n<p><\/p>\n\n\n\n<p><strong>Dac\u0103 \u021bi-a pl\u0103cut povestea, nu uita s\u0103 o distribui cu prietenii t\u0103i! \u00cempreun\u0103 putem duce mai departe emo\u021bia \u0219i inspira\u021bia.<\/strong><\/p>\n","protected":false},"excerpt":{"rendered":"<p>\u2014 \u0218ti\u021bi\u2026 nu am fost \u00eentotdeauna profesoar\u0103. Cu exact un an \u00een urm\u0103, lucram \u00een sec\u021bia de oncologie pentru adolescen\u021bi. Acolo erau colegii vo\u0219tri de<\/p>\n","protected":false},"author":1,"featured_media":39984,"comment_status":"closed","ping_status":"closed","sticky":false,"template":"","format":"standard","meta":[],"categories":[1],"tags":[],"_links":{"self":[{"href":"https:\/\/calatorinromania.com\/index.php?rest_route=\/wp\/v2\/posts\/40016"}],"collection":[{"href":"https:\/\/calatorinromania.com\/index.php?rest_route=\/wp\/v2\/posts"}],"about":[{"href":"https:\/\/calatorinromania.com\/index.php?rest_route=\/wp\/v2\/types\/post"}],"author":[{"embeddable":true,"href":"https:\/\/calatorinromania.com\/index.php?rest_route=\/wp\/v2\/users\/1"}],"replies":[{"embeddable":true,"href":"https:\/\/calatorinromania.com\/index.php?rest_route=%2Fwp%2Fv2%2Fcomments&post=40016"}],"version-history":[{"count":1,"href":"https:\/\/calatorinromania.com\/index.php?rest_route=\/wp\/v2\/posts\/40016\/revisions"}],"predecessor-version":[{"id":40017,"href":"https:\/\/calatorinromania.com\/index.php?rest_route=\/wp\/v2\/posts\/40016\/revisions\/40017"}],"wp:featuredmedia":[{"embeddable":true,"href":"https:\/\/calatorinromania.com\/index.php?rest_route=\/wp\/v2\/media\/39984"}],"wp:attachment":[{"href":"https:\/\/calatorinromania.com\/index.php?rest_route=%2Fwp%2Fv2%2Fmedia&parent=40016"}],"wp:term":[{"taxonomy":"category","embeddable":true,"href":"https:\/\/calatorinromania.com\/index.php?rest_route=%2Fwp%2Fv2%2Fcategories&post=40016"},{"taxonomy":"post_tag","embeddable":true,"href":"https:\/\/calatorinromania.com\/index.php?rest_route=%2Fwp%2Fv2%2Ftags&post=40016"}],"curies":[{"name":"wp","href":"https:\/\/api.w.org\/{rel}","templated":true}]}}