{"id":40014,"date":"2025-06-11T06:46:00","date_gmt":"2025-06-11T06:46:00","guid":{"rendered":"https:\/\/calatorinromania.com\/?p=40014"},"modified":"2025-06-11T06:46:00","modified_gmt":"2025-06-11T06:46:00","slug":"%f0%9f%8d%86-vinete-prajite-cu-usturoi-pentru-iarna","status":"publish","type":"post","link":"https:\/\/calatorinromania.com\/?p=40014","title":{"rendered":"\ud83c\udf46 Vinete pr\u0103jite cu usturoi pentru iarn\u0103"},"content":{"rendered":"\n<h3>Re\u021bete simple, gustoase, f\u0103r\u0103 sterilizare<\/h3>\n\n\n\n<p><\/p>\n\n\n\n<p>Din iulie, vinetele apar din abunden\u021b\u0103 pe tarabe \u2014 momentul ideal s\u0103 te preg\u0103te\u0219ti pentru iarn\u0103! Dac\u0103 iube\u0219ti vinetele \u0219i aroma lor intens\u0103, aceste re\u021bete sunt adev\u0103rate comori: <strong>vinete pr\u0103jite cu usturoi<\/strong>, delicioase \u0219i u\u0219or de p\u0103strat, f\u0103r\u0103 s\u0103 fie nevoie de sterilizare.<\/p>\n\n\n\n<p><\/p>\n\n\n\n<h2>\ud83d\uded2 Cum alegi \u0219i preg\u0103te\u0219ti vinetele<\/h2>\n\n\n\n<ul>\n<li>Alege vinete tinere, ferme, cu coaj\u0103 neted\u0103 \u0219i lucioas\u0103. Vinetele b\u0103tr\u00e2ne pot avea gust amar.<\/li>\n\n\n\n<li>Spal\u0103-le bine, taie capetele \u0219i presar\u0103 sare pe rondele pentru 30 minute, ca s\u0103 elimini am\u0103reala.<\/li>\n\n\n\n<li>Stoarce-le u\u0219or dup\u0103 acest timp.<\/li>\n\n\n\n<li><strong>Bonus:<\/strong> \u021bine-le \u00een ap\u0103 cu l\u0103m\u00e2ie pentru un aspect proasp\u0103t \u0219i culoare frumoas\u0103.<\/li>\n<\/ul>\n\n\n\n<p><\/p>\n\n\n\n<h2>\ud83e\uddc4 Re\u021beta 1: Vinete pr\u0103jite cu usturoi (f\u0103r\u0103 sterilizare)<\/h2>\n\n\n\n<p><\/p>\n\n\n\n<p><strong>Ingrediente (1 borcan de 1L):<\/strong><\/p>\n\n\n\n<ul>\n<li>1,3 kg vinete<\/li>\n\n\n\n<li>2 c\u0103p\u0103\u021b\u00e2ni usturoi<\/li>\n\n\n\n<li>1 lingur\u0103 p\u0103trunjel uscat<\/li>\n\n\n\n<li>2 linguri o\u021bet (9%)<\/li>\n\n\n\n<li>2 linguri sare<\/li>\n\n\n\n<li>150 g ulei<\/li>\n<\/ul>\n\n\n\n<p><\/p>\n\n\n\n<p><strong>Mod de preparare:<\/strong><\/p>\n\n\n\n<ol>\n<li>Taie vinetele felii, presar\u0103 sare \u0219i las\u0103-le s\u0103 se scurg\u0103 1\u20132 ore.<\/li>\n\n\n\n<li>Pr\u0103je\u0219te-le \u00een ulei p\u00e2n\u0103 devin aurii.<\/li>\n\n\n\n<li>Amestec\u0103 usturoiul zdrobit cu o\u021bet, p\u0103trunjel \u0219i pu\u021bin ulei.<\/li>\n\n\n\n<li>Treci fiecare felie prin acest amestec \u0219i pune-le \u00een borcane.<\/li>\n\n\n\n<li>Umple borcanele bine, \u00eenchide ermetic \u0219i depoziteaz\u0103 la rece.<\/li>\n<\/ol>\n\n\n\n<p><\/p>\n\n\n\n<h2>\ud83c\udf45 Re\u021beta 2: Vinete cu usturoi \u0219i ro\u0219ii \u2013 \u00een straturi<\/h2>\n\n\n\n<p><\/p>\n\n\n\n<p><strong>Ingrediente (pentru 2 borcane de 500 ml):<\/strong><\/p>\n\n\n\n<ul>\n<li>700 g vinete<\/li>\n\n\n\n<li>600 g ro\u0219ii<\/li>\n\n\n\n<li>150 g usturoi<\/li>\n\n\n\n<li>1 lingur\u0103 zah\u0103r<\/li>\n\n\n\n<li>80 ml o\u021bet<\/li>\n\n\n\n<li>1 can\u0103 ulei<\/li>\n\n\n\n<li>3 linguri\u021be sare<\/li>\n<\/ul>\n\n\n\n<p><\/p>\n\n\n\n<p><strong>Pa\u0219i:<\/strong><\/p>\n\n\n\n<ol>\n<li>Taie vinetele \u00een felii de 7 mm, ro\u0219iile de 5 mm.<\/li>\n\n\n\n<li>S\u0103reaz\u0103 vinetele \u0219i cl\u0103te\u0219te-le dup\u0103 20 minute.<\/li>\n\n\n\n<li>Pr\u0103je\u0219te-le u\u0219or \u00een ulei.<\/li>\n\n\n\n<li>\u00cen borcane, pune \u00een straturi: v\u00e2n\u0103t\u0103 \u2192 usturoi \u2192 ro\u0219ie \u2192 usturoi \u2192 repet\u0103.<\/li>\n\n\n\n<li>Fierbe marinada (ulei, zah\u0103r, sare, o\u021bet) \u0219i toarn-o fierbinte \u00een borcane.<\/li>\n\n\n\n<li>\u00cenchide borcanele, \u00eentoarce-le \u0219i \u00eenvele\u0219te-le \u00eentr-o p\u0103tur\u0103 p\u00e2n\u0103 se r\u0103cesc lent.<\/li>\n<\/ol>\n\n\n\n<p><\/p>\n\n\n\n<h2>\ud83e\uddc2 Re\u021beta 3: Vinete cu usturoi (f\u0103r\u0103 o\u021bet)<\/h2>\n\n\n\n<p><\/p>\n\n\n\n<p><strong>Ingrediente:<\/strong><\/p>\n\n\n\n<ul>\n<li>1 kg vinete<\/li>\n\n\n\n<li>1 c\u0103p\u0103\u021b\u00e2n\u0103 usturoi<\/li>\n\n\n\n<li>1 ardei iute<\/li>\n\n\n\n<li>1 linguri\u021b\u0103 sare<\/li>\n\n\n\n<li>1 linguri\u021b\u0103 zah\u0103r<\/li>\n\n\n\n<li>2 c\u0103ni ap\u0103<\/li>\n\n\n\n<li>Condimente: foi dafin, cui\u0219oare, piper boabe<\/li>\n<\/ul>\n\n\n\n<p><\/p>\n\n\n\n<p><strong>Preparare:<\/strong><\/p>\n\n\n\n<ol>\n<li>Pr\u0103je\u0219te vinetele.<\/li>\n\n\n\n<li>Pune \u00een borcane straturi de vinete, usturoi \u0219i ardei iute.<\/li>\n\n\n\n<li>Fierbe o marinad\u0103 din ap\u0103, condimente, zah\u0103r \u0219i sare.<\/li>\n\n\n\n<li>Toarn\u0103 marinada fierbinte \u00een borcane, \u00eenchide \u0219i p\u0103streaz\u0103 la r\u0103coare.<\/li>\n<\/ol>\n\n\n\n<p><\/p>\n\n\n\n<h2>\ud83c\udf36 Re\u021beta 4: Vinete cu ardei gras \u0219i usturoi \u2013 colorat \u0219i gustos<\/h2>\n\n\n\n<p><\/p>\n\n\n\n<p><strong>Ingrediente:<\/strong><\/p>\n\n\n\n<ul>\n<li>500 g vinete<\/li>\n\n\n\n<li>1 kg ardei gras (ro\u0219u, galben, verde)<\/li>\n\n\n\n<li>1 c\u0103p\u0103\u021b\u00e2n\u0103 usturoi<\/li>\n\n\n\n<li>50 g zah\u0103r<\/li>\n\n\n\n<li>50 ml o\u021bet<\/li>\n\n\n\n<li>\u00bd can\u0103 ulei<\/li>\n\n\n\n<li>Sare, piper, ardei iute (op\u021bional)<\/li>\n<\/ul>\n\n\n\n<p><\/p>\n\n\n\n<p><strong>Preparare:<\/strong><\/p>\n\n\n\n<ol>\n<li>Taie \u0219i pr\u0103je\u0219te vinetele \u0219i ardeii separat.<\/li>\n\n\n\n<li>Paseaz\u0103 usturoiul \u0219i amestec\u0103-l cu zah\u0103r, o\u021bet, sare \u0219i ardei iute.<\/li>\n\n\n\n<li>\u00cenmoaie fiecare felie \u00een sos \u0219i pune-le \u00een borcane \u00een straturi.<\/li>\n\n\n\n<li>Toarn\u0103 sosul r\u0103mas deasupra, \u00eenchide \u0219i \u00eenvele\u0219te borcanele pentru r\u0103cire lent\u0103.<\/li>\n<\/ol>\n\n\n\n<p><\/p>\n\n\n\n<h2>\ud83c\udf3f Re\u021beta 5: Vinete cu usturoi \u0219i verdea\u021b\u0103 \u2013 arom\u0103 proasp\u0103t\u0103<\/h2>\n\n\n\n<p><\/p>\n\n\n\n<p><strong>Ingrediente:<\/strong><\/p>\n\n\n\n<ul>\n<li>2 kg vinete<\/li>\n\n\n\n<li>2 c\u0103p\u0103\u021b\u00e2ni usturoi<\/li>\n\n\n\n<li>2 leg\u0103turi p\u0103trunjel \u0219i m\u0103rar<\/li>\n\n\n\n<li>1 lingur\u0103 o\u021bet<\/li>\n\n\n\n<li>1 can\u0103 ulei<\/li>\n\n\n\n<li>Sare \u0219i piper dup\u0103 gust<\/li>\n<\/ul>\n\n\n\n<p><\/p>\n\n\n\n<p><strong>Pa\u0219i:<\/strong><\/p>\n\n\n\n<ol>\n<li>Pr\u0103je\u0219te vinetele feliate.<\/li>\n\n\n\n<li>Toac\u0103 verdea\u021ba cu usturoiul \u0219i asezoneaz\u0103.<\/li>\n\n\n\n<li>Pune \u00een borcane straturi de vinete \u0219i verdea\u021b\u0103.<\/li>\n\n\n\n<li>Toarn\u0103 deasupra ulei \u0219i o\u021bet. \u00cenchide \u0219i p\u0103streaz\u0103 la rece.<\/li>\n<\/ol>\n\n\n\n<p><\/p>\n\n\n\n<h2>\ud83e\uddca Sfaturi pentru depozitare corect\u0103:<\/h2>\n\n\n\n<ul>\n<li><strong>Temperatura ideal\u0103:<\/strong> +4\u00b0C p\u00e2n\u0103 la +10\u00b0C<\/li>\n\n\n\n<li><strong>Locuri recomandate:<\/strong> pivni\u021b\u0103, beci, balcon izolat, frigider<\/li>\n\n\n\n<li><strong>Evit\u0103:<\/strong> lumina direct\u0103 \u0219i umezeala excesiv\u0103<\/li>\n<\/ul>\n\n\n\n<h2>\ud83c\udf7d Cum s\u0103 serve\u0219ti aceste vinete:<\/h2>\n\n\n\n<ul>\n<li>Aperitiv pe p\u00e2ine pr\u0103jit\u0103 \ud83c\udf5e<\/li>\n\n\n\n<li>Garnitur\u0103 l\u00e2ng\u0103 carne sau cartofi \ud83c\udf56\ud83e\udd54<\/li>\n\n\n\n<li>Salat\u0103 rapid\u0103 \u0219i gustoas\u0103 \u00een sezonul rece \ud83e\udd57<\/li>\n<\/ul>\n\n\n\n<p>\ud83d\udccc <strong>\u00cencearc\u0103 aceste re\u021bete delicioase, simple \u0219i f\u0103r\u0103 stres, pentru un gust autentic de var\u0103 pe tot parcursul iernii!<\/strong><\/p>\n","protected":false},"excerpt":{"rendered":"<p>Re\u021bete simple, gustoase, f\u0103r\u0103 sterilizare Din iulie, vinetele apar din abunden\u021b\u0103 pe tarabe \u2014 momentul ideal s\u0103 te preg\u0103te\u0219ti pentru iarn\u0103! Dac\u0103 iube\u0219ti vinetele \u0219i<\/p>\n","protected":false},"author":1,"featured_media":39984,"comment_status":"closed","ping_status":"closed","sticky":false,"template":"","format":"standard","meta":[],"categories":[1],"tags":[],"_links":{"self":[{"href":"https:\/\/calatorinromania.com\/index.php?rest_route=\/wp\/v2\/posts\/40014"}],"collection":[{"href":"https:\/\/calatorinromania.com\/index.php?rest_route=\/wp\/v2\/posts"}],"about":[{"href":"https:\/\/calatorinromania.com\/index.php?rest_route=\/wp\/v2\/types\/post"}],"author":[{"embeddable":true,"href":"https:\/\/calatorinromania.com\/index.php?rest_route=\/wp\/v2\/users\/1"}],"replies":[{"embeddable":true,"href":"https:\/\/calatorinromania.com\/index.php?rest_route=%2Fwp%2Fv2%2Fcomments&post=40014"}],"version-history":[{"count":1,"href":"https:\/\/calatorinromania.com\/index.php?rest_route=\/wp\/v2\/posts\/40014\/revisions"}],"predecessor-version":[{"id":40015,"href":"https:\/\/calatorinromania.com\/index.php?rest_route=\/wp\/v2\/posts\/40014\/revisions\/40015"}],"wp:featuredmedia":[{"embeddable":true,"href":"https:\/\/calatorinromania.com\/index.php?rest_route=\/wp\/v2\/media\/39984"}],"wp:attachment":[{"href":"https:\/\/calatorinromania.com\/index.php?rest_route=%2Fwp%2Fv2%2Fmedia&parent=40014"}],"wp:term":[{"taxonomy":"category","embeddable":true,"href":"https:\/\/calatorinromania.com\/index.php?rest_route=%2Fwp%2Fv2%2Fcategories&post=40014"},{"taxonomy":"post_tag","embeddable":true,"href":"https:\/\/calatorinromania.com\/index.php?rest_route=%2Fwp%2Fv2%2Ftags&post=40014"}],"curies":[{"name":"wp","href":"https:\/\/api.w.org\/{rel}","templated":true}]}}