{"id":40012,"date":"2025-06-11T06:35:30","date_gmt":"2025-06-11T06:35:30","guid":{"rendered":"https:\/\/calatorinromania.com\/?p=40012"},"modified":"2025-06-11T06:35:31","modified_gmt":"2025-06-11T06:35:31","slug":"un-fermier-a-descoperit-oua-neobisnuite-pe-campul-sau-specialistii-au-oferit-o-explicatie-surprinzatoare","status":"publish","type":"post","link":"https:\/\/calatorinromania.com\/?p=40012","title":{"rendered":"Un fermier a descoperit ou\u0103 neobi\u0219nuite pe c\u00e2mpul s\u0103u \u2014 speciali\u0219tii au oferit o explica\u021bie surprinz\u0103toare"},"content":{"rendered":"\n<p>\u00centr-o diminea\u021b\u0103, un fermier \u00een v\u00e2rst\u0103 de 64 de ani pe nume Tomasz, care locuia la \u021bar\u0103 \u0219i cultiva soia, a observat ceva neobi\u0219nuit \u00een timpul rondului s\u0103u matinal. Dup\u0103 o ploaie recent\u0103, pe o bucat\u0103 de p\u0103m\u00e2nt au ap\u0103rut zeci de ou\u0103 mici, semitransparente, cu o nuan\u021b\u0103 alb\u0103struie.<\/p>\n\n\n\n<p><\/p>\n\n\n\n<p>Tomasz a fost surprins, deoarece nu mai v\u0103zuse niciodat\u0103 astfel de ou\u0103. Erau prea mari pentru a fi de insecte, dar prea mici pentru a fi de p\u0103s\u0103ri. F\u0103r\u0103 s\u0103 le ating\u0103, a f\u0103cut fotografii \u0219i le-a trimis unui biolog de la universitatea local\u0103.<\/p>\n\n\n\n<p><\/p>\n\n\n<div class=\"wp-block-image\">\n<figure class=\"aligncenter\"><img decoding=\"async\" src=\"http:\/\/lifeblog.am\/wp-content\/uploads\/2025\/05\/dp214539d.png\" alt=\"\" class=\"wp-image-556\"\/><\/figure><\/div>\n\n\n<p>Deja a doua zi, la fa\u021ba locului a sosit un grup de cercet\u0103tori. Dup\u0103 inspec\u021bie, au explicat c\u0103 acele ou\u0103 apar\u021bin, cel mai probabil, unei specii rare de broasc\u0103 arboricol\u0103, care a \u00eenceput s\u0103 apar\u0103 mai des \u00een aceast\u0103 regiune datorit\u0103 climei bl\u00e2nde \u0219i umidit\u0103\u021bii ridicate.<\/p>\n\n\n\n<p><\/p>\n\n\n\n<p>Potrivit biologilor, femela ar fi putut depune ou\u0103le pe solul umed dup\u0103 ploaie, ghid\u00e2ndu-se dup\u0103 acumularea temporar\u0103 de ap\u0103. Este un comportament neobi\u0219nuit, dar nu periculos \u0219i, conform speciali\u0219tilor, ar putea reprezenta o form\u0103 de adaptare la schimb\u0103rile de mediu.<\/p>\n\n\n\n<p><\/p>\n\n\n\n<p>Tomasz a urm\u0103rit cu interes evolu\u021bia situa\u021biei. Dup\u0103 c\u00e2teva zile, o parte dintre ou\u0103 au \u00eenceput, \u00eentr-adev\u0103r, s\u0103 se dezvolte. El a preg\u0103tit un mic bazin sigur cu ap\u0103 pentru noii locuitori ai naturii, astfel \u00eenc\u00e2t ace\u0219tia s\u0103 \u00ee\u0219i poat\u0103 finaliza ciclul de via\u021b\u0103.<\/p>\n\n\n\n<p><\/p>\n\n\n\n<p>Aceast\u0103 poveste a devenit un exemplu interesant despre cum natura ne poate surprinde \u00een cele mai nea\u0219teptate locuri \u2013 chiar \u0219i pe un simplu c\u00e2mp agricol.<\/p>\n\n\n\n<p>SURSA: https:\/\/lifeblog.am\/<\/p>\n","protected":false},"excerpt":{"rendered":"<p>\u00centr-o diminea\u021b\u0103, un fermier \u00een v\u00e2rst\u0103 de 64 de ani pe nume Tomasz, care locuia la \u021bar\u0103 \u0219i cultiva soia, a observat ceva neobi\u0219nuit \u00een<\/p>\n","protected":false},"author":1,"featured_media":39984,"comment_status":"closed","ping_status":"closed","sticky":false,"template":"","format":"standard","meta":[],"categories":[1],"tags":[],"_links":{"self":[{"href":"https:\/\/calatorinromania.com\/index.php?rest_route=\/wp\/v2\/posts\/40012"}],"collection":[{"href":"https:\/\/calatorinromania.com\/index.php?rest_route=\/wp\/v2\/posts"}],"about":[{"href":"https:\/\/calatorinromania.com\/index.php?rest_route=\/wp\/v2\/types\/post"}],"author":[{"embeddable":true,"href":"https:\/\/calatorinromania.com\/index.php?rest_route=\/wp\/v2\/users\/1"}],"replies":[{"embeddable":true,"href":"https:\/\/calatorinromania.com\/index.php?rest_route=%2Fwp%2Fv2%2Fcomments&post=40012"}],"version-history":[{"count":1,"href":"https:\/\/calatorinromania.com\/index.php?rest_route=\/wp\/v2\/posts\/40012\/revisions"}],"predecessor-version":[{"id":40013,"href":"https:\/\/calatorinromania.com\/index.php?rest_route=\/wp\/v2\/posts\/40012\/revisions\/40013"}],"wp:featuredmedia":[{"embeddable":true,"href":"https:\/\/calatorinromania.com\/index.php?rest_route=\/wp\/v2\/media\/39984"}],"wp:attachment":[{"href":"https:\/\/calatorinromania.com\/index.php?rest_route=%2Fwp%2Fv2%2Fmedia&parent=40012"}],"wp:term":[{"taxonomy":"category","embeddable":true,"href":"https:\/\/calatorinromania.com\/index.php?rest_route=%2Fwp%2Fv2%2Fcategories&post=40012"},{"taxonomy":"post_tag","embeddable":true,"href":"https:\/\/calatorinromania.com\/index.php?rest_route=%2Fwp%2Fv2%2Ftags&post=40012"}],"curies":[{"name":"wp","href":"https:\/\/api.w.org\/{rel}","templated":true}]}}