{"id":40010,"date":"2025-06-11T06:24:48","date_gmt":"2025-06-11T06:24:48","guid":{"rendered":"https:\/\/calatorinromania.com\/?p=40010"},"modified":"2025-06-11T06:24:48","modified_gmt":"2025-06-11T06:24:48","slug":"mama-m-a-abandonat-la-10-ani-ca-sa-si-creasca-fiul-perfect-dar-bunica-a-facut-o-sa-plateasca-pentru-asta","status":"publish","type":"post","link":"https:\/\/calatorinromania.com\/?p=40010","title":{"rendered":"<strong>MAMA M-A ABANDONAT LA 10 ANI CA S\u0102-\u0218I CREASC\u0102 \u201cFIUL PERFECT\u201d, DAR BUNICA A F\u0102CUT-O S\u0102 PL\u0102TEASC\u0102 PENTRU ASTA<\/strong>"},"content":{"rendered":"\n<p>MAMA M-A ABANDONAT C\u00c2ND AVEAM 10 ANI CA S\u0102-\u0218I CREASC\u0102 \u201eFIUL PERFECT\u201d, DAR BUNICA A F\u0102CUT-O S\u0102 PL\u0102TEASC\u0102 PENTRU ASTA<\/p>\n\n\n\n<p><\/p>\n\n\n\n<p>Aveam zece ani c\u00e2nd mama a decis c\u0103 sunt o povar\u0103. Avea o familie nou\u0103 \u0219i eu nu m\u0103 mai potriveam \u00een peisaj. A\u0219a c\u0103 s-a descotorosit de mine \u0219i m-a dat bunicii, ca \u0219i cum nu a\u0219 fi fost nimic, pentru a-\u0219i cre\u0219te \u201efiul perfect\u201d. Bunica m-a primit cu bra\u021bele deschise \u0219i mi-a oferit iubirea ei. Ani mai t\u00e2rziu, femeia care m-a abandonat a ap\u0103rut la u\u0219a mea\u2026 implor\u00e2nd.<\/p>\n\n\n\n<p><\/p>\n\n\n\n<p>Exist\u0103 un moment \u00een via\u021b\u0103 c\u00e2nd \u00ee\u021bi dai seama c\u0103 unele r\u0103ni nu se vor vindeca niciodat\u0103. Pentru mine, acel moment a venit la 32 de ani, c\u00e2nd st\u0103team l\u00e2ng\u0103 morm\u00e2ntul bunicii mele. Singura persoan\u0103 care m-a iubit cu adev\u0103rat nu mai era, iar femeia care mi-a dat via\u021b\u0103 \u0219i m-a abandonat se afla de cealalt\u0103 parte a cimitirului, f\u0103r\u0103 s\u0103 m\u0103 priveasc\u0103 m\u0103car.<\/p>\n\n\n\n<p><\/p>\n\n\n\n<p>Nu o mai v\u0103zusem pe mama de ani buni. Nu de c\u00e2nd hot\u0103r\u00e2se c\u0103 fratele meu merita s\u0103 fie crescut, iar eu nu.<\/p>\n\n\n\n<p><\/p>\n\n\n\n<p>Ploua cu g\u0103leata \u00een acea zi, \u00eembib\u00e2ndu-mi rochia neagr\u0103 \u00een timp ce priveam cum sicriul bunicii Brooke era cobor\u00e2t \u00een p\u0103m\u00e2nt. Mama mea, Pamela, st\u0103tea sub o umbrel\u0103, \u00eenso\u021bit\u0103 de familia ei perfect\u0103: so\u021bul ei, Charlie, \u0219i fiul ei, Jason\u2026 \u00eenlocuitorul meu \u0219i \u201eb\u0103iatul de aur\u201d vrednic de iubirea ei.<\/p>\n\n\n\n<p><\/p>\n\n\n\n<p>Ea nu pl\u00e2ngea. Nu cu adev\u0103rat. Doar \u00ee\u0219i \u0219tergea din c\u00e2nd \u00een c\u00e2nd ochii, ca s\u0103 par\u0103 c\u0103 sufer\u0103.<\/p>\n\n\n\n<p><\/p>\n\n\n\n<p>C\u00e2nd totul s-a terminat, s-a \u00eentors \u0219i a plecat f\u0103r\u0103 s\u0103-mi spun\u0103 un cuv\u00e2nt, exact cum f\u0103cuse \u0219i \u00een urm\u0103 cu 22 de ani, c\u00e2nd aveam zece ani. Eu am r\u0103mas acolo, singur\u0103, l\u00e2ng\u0103 gr\u0103mada de p\u0103m\u00e2nt proasp\u0103t care acoperea singura mam\u0103 pe care o avusesem cu adev\u0103rat.<\/p>\n\n\n\n<p><\/p>\n\n\n\n<p>\u2014 Nu \u0219tiu cum s\u0103 fac fa\u021b\u0103 f\u0103r\u0103 tine, bunico, am \u0219optit c\u0103tre morm\u00e2nt.<\/p>\n\n\n\n<p><\/p>\n\n\n\n<p>M-am n\u0103scut dintr-o aventur\u0103 trec\u0103toare \u0219i am fost o povar\u0103 pe care mama mea n-a dorit-o niciodat\u0103. C\u00e2nd aveam zece ani, s-a c\u0103s\u0103torit cu tat\u0103l vitreg, Charlie, \u0219i a adus pe lume \u201efiul perfect\u201d, Jason. Dintr-o dat\u0103, eu nu mai eram dec\u00e2t o amintire ru\u0219inoas\u0103 a gre\u0219elilor ei din trecut.<\/p>\n\n\n\n<p><\/p>\n\n\n\n<p>\u00cemi amintesc \u0219i acum ziua \u00een care mi-a spus c\u0103 nu voi mai locui cu ei.<\/p>\n\n\n\n<p><\/p>\n\n\n\n<p>\u2014 Rebecca, vino pu\u021bin, m-a chemat ea de la masa din buc\u0103t\u0103rie, unde st\u0103tea cu bunica Brooke.<\/p>\n\n\n\n<p><\/p>\n\n\n\n<p>Am intrat, cu speran\u021b\u0103 \u00een suflet.<\/p>\n\n\n\n<p><\/p>\n\n\n\n<p>\u2014 Da, mam\u0103? am \u00eentrebat. Aproape c\u0103 nu-mi mai vorbea direct \u00een acea perioad\u0103.<\/p>\n\n\n\n<p><\/p>\n\n\n\n<p>Privirea ei era rece \u0219i distant\u0103. \u2014 Vei locui de acum cu bunica.<\/p>\n\n\n\n<p><\/p>\n\n\n\n<p>Cuvintele nu aveau sens la \u00eenceput. \u2014 Adic\u0103\u2026 pentru weekend?<\/p>\n\n\n\n<p><\/p>\n\n\n\n<p>\u2014 Nu, a spus ea, evit\u00e2nd s\u0103 m\u0103 priveasc\u0103 \u00een ochi. \u2014 Definitiv. Bunica se va ocupa de tine de acum \u00eenainte.<\/p>\n\n\n\n<p><\/p>\n\n\n\n<p>M-am uitat la bunica, al c\u0103rei chip era \u00eencordat de furie \u0219i durere.<\/p>\n\n\n\n<p><\/p>\n\n\n\n<p>\u2014 Dar\u2026 de ce? Am f\u0103cut ceva gre\u0219it?<\/p>\n\n\n\n<p>\u2014 Nu complica lucrurile, a replicat mama. \u2014 Acum am o familie adev\u0103rat\u0103. Tu doar\u2026 \u00eencurci.<\/p>\n\n\n\n<p>Bunica a tr\u00e2ntit m\u00e2na pe mas\u0103. \u2014 Destul, Pamela! E un copil, pentru numele lui Dumnezeu. E FIICA TA.<\/p>\n\n\n\n<p>Mama a ridicat din umeri. \u2014 O gre\u0219eal\u0103 pentru care am pl\u0103tit destul. Ori o iei tu, ori g\u0103sesc pe altcineva care s-o fac\u0103.<\/p>\n\n\n\n<p>Am r\u0103mas acolo, cu lacrimile curg\u00e2nd pe fa\u021b\u0103, invizibil\u0103 pentru femeia care \u00eemi d\u0103duse via\u021b\u0103.<\/p>\n\n\n\n<p>\u2014 F\u0103-\u021bi bagajele, draga mea, a spus bunica, \u00eembr\u0103\u021bi\u0219\u00e2ndu-m\u0103 cu bl\u00e2nde\u021be. \u2014 Vom face s\u0103 mearg\u0103, \u00ee\u021bi promit.<\/p>\n\n\n\n<p>Casa bunicii a devenit sanctuarul meu. Un loc unde eram iubit\u0103 \u0219i unde cineva se lumina la fa\u021b\u0103 c\u00e2nd intram \u00eentr-o camer\u0103. Ea \u00eemi ag\u0103\u021ba desenele pe frigider, m\u0103 ajuta la teme \u0219i m\u0103 \u00eenvelea \u00een fiecare sear\u0103.<\/p>\n\n\n\n<p>Totu\u0219i, rana l\u0103sat\u0103 de indiferen\u021ba mamei nu se vindeca.<\/p>\n\n\n\n<p>\u2014 De ce nu m\u0103 iube\u0219te? am \u00eentrebat \u00eentr-o sear\u0103, \u00een timp ce bunica \u00eemi piept\u0103na p\u0103rul \u00eenainte de culcare.<\/p>\n\n\n\n<p>M\u00e2inile ei s-au oprit. \u2014 Oh, Becca. Exist\u0103 oameni care nu sunt \u00een stare s\u0103 ofere dragostea pe care ar trebui s-o ofere. Nu e vina ta, draga mea. S\u0103 nu crezi vreodat\u0103 asta.<\/p>\n\n\n\n<p>Bunica \u0219i-a reluat mi\u0219c\u0103rile, bl\u00e2nde \u0219i reconfortante. \u2014 Mama ta e stricat\u0103 \u00eentr-un fel pe care eu nu am reu\u0219it s\u0103-l repar. Am \u00eencercat, Dumnezeu \u0219tie c\u0103 am \u00eencercat. Dar ea mereu a fugit de gre\u0219elile ei \u00een loc s\u0103 le \u00eenfrunte.<\/p>\n\n\n\n<p>\u2014 Tu e\u0219ti un dar. Ceva minunat care mi s-a \u00eent\u00e2mplat. Mama ta nu poate vedea dincolo de egoismul ei ca s\u0103 \u00een\u021beleag\u0103 ce pierde.<\/p>\n\n\n\n<p>M-am cuib\u0103rit \u00een \u00eembr\u0103\u021bi\u0219area ei, respir\u00e2nd parfumul de lavand\u0103 care \u00eei \u00eenv\u0103luia hainele.<\/p>\n\n\n\n<p>\u2014 O s\u0103 m\u0103 p\u0103r\u0103se\u0219ti \u0219i tu, bunico? am \u0219optit.<\/p>\n\n\n\n<p>\u2014 Niciodat\u0103, a spus hot\u0103r\u00e2t\u0103. \u2014 C\u00e2t timp am suflare \u00een mine, vei avea mereu o cas\u0103 la mine.<\/p>\n\n\n\n<p>C\u00e2nd aveam 11 ani, bunica a insistat s\u0103 mergem la o \u201ecin\u0103 de familie\u201d. Credea c\u0103 e important s\u0103 men\u021binem o minim\u0103 conexiune. \u00cen ad\u00e2ncul sufletului, spera c\u0103 mama mea avea s\u0103 realizeze ce pierduse \u0219i m\u0103 va reprimi cu bra\u021bele deschise.<\/p>\n\n\n\n<p>C\u00e2nd am intrat, am v\u0103zut-o r\u0103sf\u0103\u021b\u00e2ndu-l pe fratele meu, r\u00e2z\u00e2nd cu m\u00e2ndrie\u2026 de parc\u0103 nu m-ar fi p\u0103r\u0103sit niciodat\u0103. Jason, care avea un an, st\u0103tea \u00een scaunul lui, cu piure de cartofi pe fa\u021ba rotunjoar\u0103. Mama \u00eel \u0219tergea cu o tandre\u021be care m-a durut.<\/p>\n\n\n\n<p>Abia dac\u0103 m-a privit.<\/p>\n\n\n\n<p>\u2014 Bun\u0103, mam\u0103, am spus, for\u021b\u00e2nd un z\u00e2mbet.<\/p>\n\n\n\n<p>Ea a str\u00e2mbat din nas. \u2014 Ah. Ai venit.<\/p>\n\n\n\n<p>Mi s-a str\u00e2ns inima, dar am \u00eenghi\u021bit nodul din g\u00e2t \u0219i am b\u0103gat m\u00e2na \u00een buzunar. Am scos o felicitare f\u0103cut\u0103 de m\u00e2n\u0103, pu\u021bin bo\u021bit\u0103. Muncisem ore \u00eentregi la ea, \u00eendoind cu grij\u0103 h\u00e2rtia, scriind \u201eTe iubesc, mam\u0103\u201d pe copert\u0103 cu cea mai frumoas\u0103 scriere a mea.<\/p>\n\n\n\n<p>\u00cen\u0103untru desenasem o imagine cu familia noastr\u0103 \u2014 eu, mama, tat\u0103l vitreg, fratele bebelu\u0219 \u0219i bunica. Colorasem cu grij\u0103 fiecare chip cu markerele mele vechi, pun\u00e2nd z\u00e2mbete peste tot. Pentru c\u0103 a\u0219a \u00eemi doream s\u0103 fim\u2026 o familie adev\u0103rat\u0103 \u0219i fericit\u0103.<\/p>\n\n\n\n<p>Cu ochi plini de speran\u021b\u0103, i-am \u00eentins felicitarea. \u2014 Am f\u0103cut-o pentru tine.<\/p>\n\n\n\n<p>Ea abia s-a uitat la ea \u0219i apoi i-a \u00eentins-o fratelui meu. \u2014 Ia, dragule. Ceva pentru tine.<\/p>\n\n\n\n<p>Am r\u0103mas \u00eempietrit\u0103. Cadoul nu era pentru el. Era pentru ea. Mama mea.<\/p>\n\n\n\n<p>Ea a ridicat din umeri cu dispre\u021b. \u2014 La ce mi-ar folosi? Am deja tot ce-mi doresc.<\/p>\n\n\n\n<p>Ani \u00eentregi de nep\u0103sare pluteau \u00eentre noi. Bunica mi-a aruncat o privire plin\u0103 de compasiune, dar eu am for\u021bat un z\u00e2mbet. Nu voiam s\u0103 m\u0103 vad\u0103 cum m\u0103 fr\u00e2ng.<\/p>\n\n\n\n<p>\u2014 Cina e gata, a strigat Charlie din sufragerie, fie neatent, fie aleg\u00e2nd s\u0103 ignore ce se \u00eent\u00e2mplase.<\/p>\n\n\n\n<p>\u2014 Hai, a zis mama, ridic\u00e2ndu-l pe Jason din scaun. \u2014 Se r\u0103ce\u0219te friptura.<\/p>\n\n\n\n<p>Aceea a fost ultima dat\u0103 c\u00e2nd am vrut s\u0103-mi v\u0103d mama. Dup\u0103 acea sear\u0103, am \u00eencetat s\u0103 mai \u00eencerc. \u0218i ei p\u0103rea c\u0103 nici nu-i pas\u0103. La scurt timp dup\u0103, s-a mutat \u00een alt ora\u0219 \u0219i i-a mai dat bunicii un telefon din c\u00e2nd \u00een c\u00e2nd. Dar pe mine\u2026 pe mine nu m-a mai sunat niciodat\u0103.<\/p>\n\n\n\n<p>Au trecut anii. Am crescut, am devenit o femeie de succes \u0219i mi-am construit propria via\u021b\u0103. Am urmat facultatea cu burse, am ob\u021binut un job \u00een marketing \u0219i mi-am cump\u0103rat o c\u0103su\u021b\u0103 aproape de cabana bunicii. Am avut c\u00e2teva rela\u021bii, unele mai serioase, dar era greu s\u0103 am \u00eencredere\u2026 c\u00e2nd propria mea mam\u0103 nu fusese \u00een stare s\u0103 m\u0103 iubeasc\u0103.<\/p>\n\n\n\n<p>Bunica a fost st\u00e2nca mea \u00een tot acest timp. Nu a lipsit de la nicio absolvire, zi de na\u0219tere sau moment important. A pus diploma mea universitar\u0103 l\u00e2ng\u0103 propriile ei realiz\u0103ri. A avut grij\u0103 s\u0103 \u0219tiu c\u0103 am un loc al meu.<\/p>\n\n\n\n<p>Dar timpul nu iart\u0103 pe nimeni. Bunica, adev\u0103rata mea mam\u0103, a \u00eemb\u0103tr\u00e2nit. M\u00e2inile i-au fost r\u0103v\u0103\u0219ite de artrit\u0103, pa\u0219ii i s-au \u00eencetinit, iar memoria a \u00eenceput uneori s\u0103 se joace cu ea.<\/p>\n\n\n\n<p>P\u00e2n\u0103 \u00eentr-o zi, c\u00e2nd a plecat \u0219i ea.<\/p>\n\n\n\n<p>\u0218i de\u0219i am r\u0103mas cu tot ce m-a \u00eenv\u0103\u021bat\u2026 ce m-a durut cu adev\u0103rat a fost c\u0103, p\u00e2n\u0103 la final\u2026 mama mea nu s-a schimbat niciodat\u0103.<\/p>\n","protected":false},"excerpt":{"rendered":"<p>MAMA M-A ABANDONAT C\u00c2ND AVEAM 10 ANI CA S\u0102-\u0218I CREASC\u0102 \u201eFIUL PERFECT\u201d, DAR BUNICA A F\u0102CUT-O S\u0102 PL\u0102TEASC\u0102 PENTRU ASTA Aveam zece ani c\u00e2nd mama<\/p>\n","protected":false},"author":1,"featured_media":39984,"comment_status":"closed","ping_status":"closed","sticky":false,"template":"","format":"standard","meta":[],"categories":[1],"tags":[],"_links":{"self":[{"href":"https:\/\/calatorinromania.com\/index.php?rest_route=\/wp\/v2\/posts\/40010"}],"collection":[{"href":"https:\/\/calatorinromania.com\/index.php?rest_route=\/wp\/v2\/posts"}],"about":[{"href":"https:\/\/calatorinromania.com\/index.php?rest_route=\/wp\/v2\/types\/post"}],"author":[{"embeddable":true,"href":"https:\/\/calatorinromania.com\/index.php?rest_route=\/wp\/v2\/users\/1"}],"replies":[{"embeddable":true,"href":"https:\/\/calatorinromania.com\/index.php?rest_route=%2Fwp%2Fv2%2Fcomments&post=40010"}],"version-history":[{"count":1,"href":"https:\/\/calatorinromania.com\/index.php?rest_route=\/wp\/v2\/posts\/40010\/revisions"}],"predecessor-version":[{"id":40011,"href":"https:\/\/calatorinromania.com\/index.php?rest_route=\/wp\/v2\/posts\/40010\/revisions\/40011"}],"wp:featuredmedia":[{"embeddable":true,"href":"https:\/\/calatorinromania.com\/index.php?rest_route=\/wp\/v2\/media\/39984"}],"wp:attachment":[{"href":"https:\/\/calatorinromania.com\/index.php?rest_route=%2Fwp%2Fv2%2Fmedia&parent=40010"}],"wp:term":[{"taxonomy":"category","embeddable":true,"href":"https:\/\/calatorinromania.com\/index.php?rest_route=%2Fwp%2Fv2%2Fcategories&post=40010"},{"taxonomy":"post_tag","embeddable":true,"href":"https:\/\/calatorinromania.com\/index.php?rest_route=%2Fwp%2Fv2%2Ftags&post=40010"}],"curies":[{"name":"wp","href":"https:\/\/api.w.org\/{rel}","templated":true}]}}