{"id":40006,"date":"2025-06-11T06:13:22","date_gmt":"2025-06-11T06:13:22","guid":{"rendered":"https:\/\/calatorinromania.com\/?p=40006"},"modified":"2025-06-11T06:13:22","modified_gmt":"2025-06-11T06:13:22","slug":"baiatul-a-salvat-un-copil-dintr-o-masina-incuiata-spargand-geamul","status":"publish","type":"post","link":"https:\/\/calatorinromania.com\/?p=40006","title":{"rendered":"B\u0103iatul a salvat un copil dintr-o ma\u0219in\u0103 \u00eencuiat\u0103, sp\u0103rg\u00e2nd geamul"},"content":{"rendered":"\n<p><strong>B\u0103iatul a salvat un copil dintr-o ma\u0219in\u0103 \u00eencuiat\u0103, sp\u0103rg\u00e2nd geamul \u2014 dar \u00een loc de mul\u021bumiri, mama copilului a chemat poli\u021bia. \u0218i iat\u0103 ce s-a \u00eent\u00e2mplat mai departe\u00a0<\/strong><\/p>\n\n\n\n<p><\/p>\n\n\n\n<p>Slavic se \u00eentorcea acas\u0103 dup\u0103 o tur\u0103 grea. Strada fierbea sub soare: c\u0103ldura era insuportabil\u0103, nu mai pu\u021bin de treizeci de grade. Oamenii parc\u0103 disp\u0103ruser\u0103 \u2014 ascun\u0219i prin case, pasaje subterane sau sub copaci rari. Aerul tremura, asfaltul ardea sub t\u0103lpi.<\/p>\n\n\n\n<p><\/p>\n\n\n\n<p>A luat-o pe c\u0103rarea obi\u0219nuit\u0103 pe l\u00e2ng\u0103 vechiul supermarket, \u0219i dintr-o dat\u0103 s-a oprit. Brusc. Nu pentru c\u0103 era obosit sau v\u0103zuse ceva. Nu. Ceva parc\u0103 l-a str\u00e2ns din interior. Pl\u00e2ns. De copil.<\/p>\n\n\n\n<p><\/p>\n\n\n\n<p>A \u00eencremenit. Inima i-a luat-o razna. S-a \u00eentors \u2014 o parcare. Aproape goal\u0103. \u0218i, \u00een cea mai slab\u0103 umbr\u0103, sub un copac uscat \u2014 o ma\u0219in\u0103. Un model scump, geamuri fumurii. Sunetul venea clar de acolo.<\/p>\n\n\n\n<p><\/p>\n\n\n\n<p>S-a apropiat \u00eencet. Fiecare pas i se sim\u021bea ca o piatr\u0103 \u00een piept. Geamurile aburite. \u0218i \u00een\u0103untru\u2026 da, era un copil. Un b\u0103ie\u021bel. De un an, cel mult. Obrajii ro\u0219ii, ochii pe jum\u0103tate \u00eenchi\u0219i, buzele cr\u0103pate de sete.<\/p>\n\n\n\n<p><\/p>\n\n\n\n<p>Slavic a tras brusc de u\u0219\u0103. \u00cencuiat\u0103. A verificat toate celelalte \u2014 la fel.<\/p>\n\n\n\n<p><\/p>\n\n\n\n<p>\u2014 E CINEVA?! AJUTOR! \u2014 a strigat el. Niciun r\u0103spuns.<\/p>\n\n\n\n<p><\/p>\n\n\n\n<p>Atunci a v\u0103zut o piatr\u0103 l\u00e2ng\u0103 bordur\u0103. \u00cen cap \u00eei urla un g\u00e2nd: \u201eNu ai voie. E ilegal.\u201d Dar privirea i-a c\u0103zut din nou pe copil. A luat piatra \u0219i a spart geamul.<\/p>\n\n\n\n<p><\/p>\n\n\n\n<p>Aerul arz\u0103tor a \u021b\u00e2\u0219nit din ma\u0219in\u0103. A deschis u\u0219a, a desprins centura. L-a luat pe copil \u00een bra\u021be \u2014 abia mai respira. A alergat. Policlinica era la dou\u0103 blocuri distan\u021b\u0103. Nu-\u0219i mai sim\u021bea picioarele, doar fugea. U\u0219ile s-au deschis automat.<\/p>\n\n\n\n<p><\/p>\n\n\n\n<p>\u2014 AJUTOR! \u2014 a strigat.<\/p>\n\n\n\n<p><\/p>\n\n\n\n<p>O asistent\u0103 a venit imediat.<\/p>\n\n\n\n<p><\/p>\n\n\n\n<p>\u2014 Copil\u2026 \u00een ma\u0219in\u0103\u2026 c\u0103ldur\u0103\u2026 el\u2026 \u2014 abia a reu\u0219it s\u0103 rosteasc\u0103.<\/p>\n\n\n\n<p><\/p>\n\n\n\n<p>L-au luat imediat. I-au spus c\u0103 a ajuns la timp. B\u0103ie\u021belul fusese salvat.<\/p>\n\n\n\n<p><\/p>\n\n\n\n<p>Dup\u0103 cincisprezece minute, o femeie a intrat \u00een fug\u0103 \u00een sec\u021bie. L-a v\u0103zut pe Slavic \u0219i \u2014 \u00een loc s\u0103-i mul\u021bumeasc\u0103 \u2014 a izbucnit:<\/p>\n\n\n\n<p><\/p>\n\n\n\n<p>\u2014 Ai SPART ma\u0219ina mea?! E\u0219ti nebun?! Scrisesem NUM\u0102RUL pe parbriz! Am fost doar un minut \u00een supermarket!<\/p>\n\n\n\n<p>Slavic n-a zis nimic. O privea \u00een t\u0103cere, \u00eenc\u0103 ne\u00eencrez\u0103tor. Un minut? \u00cen asemenea c\u0103ldur\u0103?<\/p>\n\n\n\n<p>\u2014 Vei pl\u0103ti pentru repara\u021bii! Chem poli\u021bia! \u2014 a strigat ea, deja form\u00e2nd num\u0103rul.<\/p>\n\n\n\n<p><strong>C\u00e2nd a venit poli\u021bia, s-a \u00eent\u00e2mplat ceva total nea\u0219teptat\u2026<\/strong><\/p>\n\n\n\n<p>O ma\u0219in\u0103 de poli\u021bie a sosit rapid. Un ofi\u021ber \u2014 scund, solid, cu gesturi sigure \u2014 l-a ascultat pe Slavic. Tot. De la \u00eenceput p\u00e2n\u0103 la sf\u00e2r\u0219it. A dat din cap. Apoi s-a \u00eentors lent c\u0103tre femeie.<\/p>\n\n\n\n<p>\u2014 A\u021bi l\u0103sat un bebelu\u0219 \u00eentr-o ma\u0219in\u0103 \u00eencuiat\u0103, la peste treizeci de grade, cu geamurile \u00eenchise? \u2014 a \u00eentrebat el sec.<\/p>\n\n\n\n<p>\u2014 V-am spus, doar pentru un minut\u2026<\/p>\n\n\n\n<p>\u2014 V\u0103 pa\u0219te dec\u0103derea din drepturile p\u0103rinte\u0219ti, \u2014 a \u00eentrerupt-o rece. \u2014 \u0218i r\u0103spundere penal\u0103 pentru punerea \u00een pericol a vie\u021bii copilului.<\/p>\n\n\n\n<p>Femeia a p\u0103lit.<\/p>\n\n\n\n<p>\u2014 Iar tu, b\u0103iete, ai reac\u021bionat impecabil, i-ai salvat via\u021ba copilului. P\u0103cat doar c\u0103 p\u0103rin\u021bii lui sunt at\u00e2t de nerecunosc\u0103tori. \u00cencep s\u0103 cred c\u0103 nu a fost o \u00eent\u00e2mplare. Avem nevoie de oameni ca tine!<\/p>\n\n\n\n<p>Slavic st\u0103tea acolo. \u00cei tremurau \u00eenc\u0103 m\u00e2inile. Nu voia nimic \u2014 nici pedeaps\u0103 pentru ea, nici laude pentru el. Doar a f\u0103cut ce trebuia f\u0103cut.<\/p>\n\n\n\n<p><strong>Tu ce crezi? A procedat corect?<\/strong><\/p>\n\n\n\n<p><strong>Dac\u0103 \u021bi-a pl\u0103cut povestea, nu uita s\u0103 o distribui cu prietenii t\u0103i! \u00cempreun\u0103 putem duce mai departe emo\u021bia \u0219i inspira\u021bia.<\/strong><\/p>\n","protected":false},"excerpt":{"rendered":"<p>B\u0103iatul a salvat un copil dintr-o ma\u0219in\u0103 \u00eencuiat\u0103, sp\u0103rg\u00e2nd geamul \u2014 dar \u00een loc de mul\u021bumiri, mama copilului a chemat poli\u021bia. \u0218i iat\u0103 ce s-a<\/p>\n","protected":false},"author":1,"featured_media":39984,"comment_status":"closed","ping_status":"closed","sticky":false,"template":"","format":"standard","meta":[],"categories":[1],"tags":[],"_links":{"self":[{"href":"https:\/\/calatorinromania.com\/index.php?rest_route=\/wp\/v2\/posts\/40006"}],"collection":[{"href":"https:\/\/calatorinromania.com\/index.php?rest_route=\/wp\/v2\/posts"}],"about":[{"href":"https:\/\/calatorinromania.com\/index.php?rest_route=\/wp\/v2\/types\/post"}],"author":[{"embeddable":true,"href":"https:\/\/calatorinromania.com\/index.php?rest_route=\/wp\/v2\/users\/1"}],"replies":[{"embeddable":true,"href":"https:\/\/calatorinromania.com\/index.php?rest_route=%2Fwp%2Fv2%2Fcomments&post=40006"}],"version-history":[{"count":1,"href":"https:\/\/calatorinromania.com\/index.php?rest_route=\/wp\/v2\/posts\/40006\/revisions"}],"predecessor-version":[{"id":40007,"href":"https:\/\/calatorinromania.com\/index.php?rest_route=\/wp\/v2\/posts\/40006\/revisions\/40007"}],"wp:featuredmedia":[{"embeddable":true,"href":"https:\/\/calatorinromania.com\/index.php?rest_route=\/wp\/v2\/media\/39984"}],"wp:attachment":[{"href":"https:\/\/calatorinromania.com\/index.php?rest_route=%2Fwp%2Fv2%2Fmedia&parent=40006"}],"wp:term":[{"taxonomy":"category","embeddable":true,"href":"https:\/\/calatorinromania.com\/index.php?rest_route=%2Fwp%2Fv2%2Fcategories&post=40006"},{"taxonomy":"post_tag","embeddable":true,"href":"https:\/\/calatorinromania.com\/index.php?rest_route=%2Fwp%2Fv2%2Ftags&post=40006"}],"curies":[{"name":"wp","href":"https:\/\/api.w.org\/{rel}","templated":true}]}}