{"id":40002,"date":"2025-06-11T06:08:44","date_gmt":"2025-06-11T06:08:44","guid":{"rendered":"https:\/\/calatorinromania.com\/?p=40002"},"modified":"2025-06-11T06:08:44","modified_gmt":"2025-06-11T06:08:44","slug":"continuarea-aici-21","status":"publish","type":"post","link":"https:\/\/calatorinromania.com\/?p=40002","title":{"rendered":"Continuarea aici&#8230;"},"content":{"rendered":"\n<p>Andrei a clipit de c\u00e2teva ori, apoi a z\u00e2mbit ciudat.<\/p>\n\n\n\n<p><\/p>\n\n\n\n<p>\u2014 Ah, da\u2026 era o prieten\u0103 veche. M-a vizitat scurt. Voiam s\u0103-\u021bi fac o surpriz\u0103, de asta am \u021binut secret.<\/p>\n\n\n\n<p><\/p>\n\n\n\n<p>\u2014 Ce fel de surpriz\u0103?<\/p>\n\n\n\n<p><\/p>\n\n\n\n<p>\u2014 Am vrut s\u0103-\u021bi ar\u0103t cum am transformat pivni\u021ba. Vreau s\u0103 o transform \u00eentr-un atelier pentru tine\u2026 pentru pictur\u0103. \u0218tiu c\u0103 visai la asta\u2026<\/p>\n\n\n\n<p><\/p>\n\n\n\n<p>Dar cuvintele lui sunau gol. Iar ochii\u2026 min\u021beau.<\/p>\n\n\n\n<p><\/p>\n\n\n\n<p>\u00cen diminea\u021ba urm\u0103toare, c\u00e2t el era plecat, am cobor\u00e2t \u00een pivni\u021b\u0103.<\/p>\n\n\n\n<p><\/p>\n\n\n\n<p>Printre cutii, era un raft nou cu haine feminine \u2014 \u0219i pe un scaun, o cea\u0219c\u0103 de cafea \u00eenc\u0103 cald\u0103.<\/p>\n\n\n\n<p><\/p>\n\n\n\n<p>\u00cen acel moment, am \u0219tiut:\u00a0<strong>ceva nu era deloc \u00een regul\u0103 cu Andrei<\/strong>. Iar adev\u0103rul, oric\u00e2t de mult ar durea\u2026 urma s\u0103 ias\u0103 la lumin\u0103.<\/p>\n\n\n\n<p><\/p>\n\n\n\n<p><strong>Dac\u0103 \u021bi-a pl\u0103cut povestea, nu uita s\u0103 o distribui cu prietenii t\u0103i! \u00cempreun\u0103 putem duce mai departe emo\u021bia \u0219i inspira\u021bia.<\/strong><\/p>\n","protected":false},"excerpt":{"rendered":"<p>Andrei a clipit de c\u00e2teva ori, apoi a z\u00e2mbit ciudat. \u2014 Ah, da\u2026 era o prieten\u0103 veche. M-a vizitat scurt. Voiam s\u0103-\u021bi fac o surpriz\u0103,<\/p>\n","protected":false},"author":1,"featured_media":39984,"comment_status":"closed","ping_status":"closed","sticky":false,"template":"","format":"standard","meta":[],"categories":[1],"tags":[],"_links":{"self":[{"href":"https:\/\/calatorinromania.com\/index.php?rest_route=\/wp\/v2\/posts\/40002"}],"collection":[{"href":"https:\/\/calatorinromania.com\/index.php?rest_route=\/wp\/v2\/posts"}],"about":[{"href":"https:\/\/calatorinromania.com\/index.php?rest_route=\/wp\/v2\/types\/post"}],"author":[{"embeddable":true,"href":"https:\/\/calatorinromania.com\/index.php?rest_route=\/wp\/v2\/users\/1"}],"replies":[{"embeddable":true,"href":"https:\/\/calatorinromania.com\/index.php?rest_route=%2Fwp%2Fv2%2Fcomments&post=40002"}],"version-history":[{"count":1,"href":"https:\/\/calatorinromania.com\/index.php?rest_route=\/wp\/v2\/posts\/40002\/revisions"}],"predecessor-version":[{"id":40003,"href":"https:\/\/calatorinromania.com\/index.php?rest_route=\/wp\/v2\/posts\/40002\/revisions\/40003"}],"wp:featuredmedia":[{"embeddable":true,"href":"https:\/\/calatorinromania.com\/index.php?rest_route=\/wp\/v2\/media\/39984"}],"wp:attachment":[{"href":"https:\/\/calatorinromania.com\/index.php?rest_route=%2Fwp%2Fv2%2Fmedia&parent=40002"}],"wp:term":[{"taxonomy":"category","embeddable":true,"href":"https:\/\/calatorinromania.com\/index.php?rest_route=%2Fwp%2Fv2%2Fcategories&post=40002"},{"taxonomy":"post_tag","embeddable":true,"href":"https:\/\/calatorinromania.com\/index.php?rest_route=%2Fwp%2Fv2%2Ftags&post=40002"}],"curies":[{"name":"wp","href":"https:\/\/api.w.org\/{rel}","templated":true}]}}