{"id":39994,"date":"2025-06-11T05:51:49","date_gmt":"2025-06-11T05:51:49","guid":{"rendered":"https:\/\/calatorinromania.com\/?p=39994"},"modified":"2025-06-11T05:51:49","modified_gmt":"2025-06-11T05:51:49","slug":"am-fugit-in-mijlocul-noptii-cu-fiul-meu-pentru-a-scapa-de-sotul-meu-si-de-soacra-mea","status":"publish","type":"post","link":"https:\/\/calatorinromania.com\/?p=39994","title":{"rendered":"AM FUGIT \u00ceN MIJLOCUL NOP\u021aII CU FIUL MEU PENTRU A SC\u0102PA DE SO\u021aUL MEU \u0218I DE SOACRA MEA"},"content":{"rendered":"\n<p><strong>Am fugit \u00een toiul nop\u021bii cu fiul meu ca s\u0103 scap de so\u021bul meu \u0219i de soacra mea \u2014 ceea ce au f\u0103cut dup\u0103 aceea mi-a schimbat via\u021ba pentru totdeauna\u2026<\/strong><\/p>\n\n\n\n<p><\/p>\n\n\n\n<p>C\u00e2nd\u00a0<strong>Candela<\/strong>, \u00een v\u00e2rst\u0103 de 35 de ani, a aflat adev\u0103rul \u00eenfior\u0103tor despre so\u021bul ei,\u00a0<strong>Marius<\/strong>, \u0219i-a luat copilul \u00een bra\u021be \u0219i a fugit descul\u021b\u0103, cu inima b\u0103t\u00e2nd nebune\u0219te, spre casa p\u0103rin\u021bilor s\u0103i, \u00een miezul nop\u021bii.<\/p>\n\n\n\n<p><\/p>\n\n\n\n<p>Nu avea niciun plan. \u0218tia un singur lucru:\u00a0<strong>nu putea r\u0103m\u00e2ne nici m\u0103car o secund\u0103 \u00een plus \u00een acea cas\u0103.<\/strong><\/p>\n\n\n\n<p><\/p>\n\n\n\n<p>P\u0103rin\u021bii ei au r\u0103mas \u0219oca\u021bi c\u00e2nd au deschis u\u0219a \u0219i au v\u0103zut-o pl\u00e2ng\u00e2nd, cu bebelu\u0219ul str\u00e2ns la piept.<\/p>\n\n\n\n<p><\/p>\n\n\n\n<p>Dar dup\u0103 ce le-a povestit ce s-a \u00eent\u00e2mplat, au \u00een\u021beles totul.<\/p>\n\n\n\n<p><\/p>\n\n\n\n<p>\u00cen ultimul an, Marius devenise distant, obsedat s\u0103 petreac\u0103 nop\u021bi \u00eentregi \u00eenchis \u00een pivni\u021b\u0103.<\/p>\n\n\n\n<p><\/p>\n\n\n\n<p>Candela credea c\u0103 e vorba doar de stres\u2026 p\u00e2n\u0103 \u00eentr-o noapte, c\u00e2nd el a uitat s\u0103 \u00eencuie u\u0219a.<\/p>\n\n\n\n<p><\/p>\n\n\n\n<p>C\u00e2nd a cobor\u00e2t, a g\u0103sit pere\u021bii acoperi\u021bi cu desene \u0219i picturi ale\u00a0<strong>Dacianei<\/strong>\u00a0\u2014 fosta iubit\u0103 a lui Marius \u0219i prietena din copil\u0103rie a Candelei, decedat\u0103 \u00een urm\u0103 cu cinci ani.<\/p>\n\n\n\n<p><\/p>\n\n\n\n<p><strong>Pivni\u021ba ar\u0103ta ca un altar ridicat \u00een cinstea unui fantom\u0103.<\/strong><\/p>\n\n\n\n<p><\/p>\n\n\n\n<p>Apoi a auzit ceva care a \u00eengrozit-o: Marius \u00eei m\u0103rturisea mamei lui,\u00a0<strong>Lidia<\/strong>, c\u0103\u00a0<strong>\u00ee\u0219i dorea ca \u00een locul Dacianei s\u0103 fi murit Candela<\/strong>.<\/p>\n\n\n\n<p><\/p>\n\n\n\n<p>Recuno\u0219tea c\u0103 s-a c\u0103s\u0103torit cu ea doar pentru c\u0103 \u00eei sem\u0103na Dacianei \u0219i c\u0103\u00a0<strong>singurul motiv pentru care o mai \u021binea l\u00e2ng\u0103 el era fiul lor<\/strong>.<\/p>\n\n\n\n<p><\/p>\n\n\n\n<p>Sprijinit\u0103 necondi\u021bionat de p\u0103rin\u021bi, Candela a \u00eenceput demersurile pentru divor\u021b \u0219i pentru ob\u021binerea custodiei copilului.<\/p>\n\n\n\n<p><\/p>\n\n\n\n<p>\u00cens\u0103 Marius \u0219i Lidia nu aveau de g\u00e2nd s\u0103 renun\u021be. \u00centr-o noapte, au intrat cu for\u021ba \u00een casa p\u0103rin\u021bilor ei, cer\u00e2nd ca ea s\u0103 se \u00eentoarc\u0103 acas\u0103.<\/p>\n\n\n\n<p><\/p>\n\n\n\n<p>Marius a apucat-o de bra\u021b, spun\u00e2nd cu insisten\u021b\u0103 c\u0103 sunt \u201edestina\u021bi s\u0103 fie \u00eempreun\u0103\u201d. Din fericire, tat\u0103l ei a sunat imediat la poli\u021bie.<\/p>\n\n\n\n<p><\/p>\n\n\n\n<p><strong>Marius \u0219i Lidia au fost aresta\u021bi pentru tentativ\u0103 de r\u0103pire.<\/strong><\/p>\n\n\n\n<p>Presa a relatat pe larg cazul, iar aten\u021bia public\u0103 a fost cople\u0219itoare. Candela a decis s\u0103 \u00eenceap\u0103 o via\u021b\u0103 nou\u0103: s-a mutat \u00een alt ora\u0219, \u0219i-a schimbat numele \u0219i a construit un nou \u00eenceput al\u0103turi de fiul ei.<\/p>\n\n\n\n<p>Terapia a ajutat-o s\u0103-\u0219i recapete puterea, iar cu timpul a reu\u0219it s\u0103 le ofere am\u00e2ndurora un c\u0103min sigur \u0219i lini\u0219tit.<\/p>\n\n\n\n<p>Nu va uita niciodat\u0103 prin ce a trecut, dar \u00eentr-o zi, c\u00e2nd fiul ei a \u00eentrebat-o:<br><strong>\u2014 Mami, acum suntem \u00een siguran\u021b\u0103?<\/strong><br>a reu\u0219it, \u00een sf\u00e2r\u0219it, s\u0103 r\u0103spund\u0103 cu lini\u0219te:<br><strong>\u2014 Da, dragul meu. Suntem \u00een siguran\u021b\u0103. \u0218i totul va fi bine.<\/strong><\/p>\n\n\n\n<p><strong>Dac\u0103 \u021bi-a pl\u0103cut povestea, nu uita s\u0103 o distribui cu prietenii t\u0103i! \u00cempreun\u0103 putem duce mai departe emo\u021bia \u0219i inspira\u021bia.<\/strong><\/p>\n","protected":false},"excerpt":{"rendered":"<p>Am fugit \u00een toiul nop\u021bii cu fiul meu ca s\u0103 scap de so\u021bul meu \u0219i de soacra mea \u2014 ceea ce au f\u0103cut dup\u0103 aceea<\/p>\n","protected":false},"author":1,"featured_media":39984,"comment_status":"closed","ping_status":"closed","sticky":false,"template":"","format":"standard","meta":[],"categories":[1],"tags":[],"_links":{"self":[{"href":"https:\/\/calatorinromania.com\/index.php?rest_route=\/wp\/v2\/posts\/39994"}],"collection":[{"href":"https:\/\/calatorinromania.com\/index.php?rest_route=\/wp\/v2\/posts"}],"about":[{"href":"https:\/\/calatorinromania.com\/index.php?rest_route=\/wp\/v2\/types\/post"}],"author":[{"embeddable":true,"href":"https:\/\/calatorinromania.com\/index.php?rest_route=\/wp\/v2\/users\/1"}],"replies":[{"embeddable":true,"href":"https:\/\/calatorinromania.com\/index.php?rest_route=%2Fwp%2Fv2%2Fcomments&post=39994"}],"version-history":[{"count":1,"href":"https:\/\/calatorinromania.com\/index.php?rest_route=\/wp\/v2\/posts\/39994\/revisions"}],"predecessor-version":[{"id":39995,"href":"https:\/\/calatorinromania.com\/index.php?rest_route=\/wp\/v2\/posts\/39994\/revisions\/39995"}],"wp:featuredmedia":[{"embeddable":true,"href":"https:\/\/calatorinromania.com\/index.php?rest_route=\/wp\/v2\/media\/39984"}],"wp:attachment":[{"href":"https:\/\/calatorinromania.com\/index.php?rest_route=%2Fwp%2Fv2%2Fmedia&parent=39994"}],"wp:term":[{"taxonomy":"category","embeddable":true,"href":"https:\/\/calatorinromania.com\/index.php?rest_route=%2Fwp%2Fv2%2Fcategories&post=39994"},{"taxonomy":"post_tag","embeddable":true,"href":"https:\/\/calatorinromania.com\/index.php?rest_route=%2Fwp%2Fv2%2Ftags&post=39994"}],"curies":[{"name":"wp","href":"https:\/\/api.w.org\/{rel}","templated":true}]}}