{"id":39965,"date":"2025-06-10T05:55:46","date_gmt":"2025-06-10T05:55:46","guid":{"rendered":"https:\/\/calatorinromania.com\/?p=39965"},"modified":"2025-06-10T05:55:46","modified_gmt":"2025-06-10T05:55:46","slug":"un-sofer-roman-de-tir-a-oprit-pe-autostrada-pentru-a-salva-o-caprioara-ranita-gestul-lui-a-uimit-o-europa-intreaga","status":"publish","type":"post","link":"https:\/\/calatorinromania.com\/?p=39965","title":{"rendered":"\u00a0Un \u0219ofer rom\u00e2n de TIR a oprit pe autostrad\u0103 pentru a salva o c\u0103prioar\u0103 r\u0103nit\u0103\u2026 Gestul lui a uimit o Europ\u0103 \u00eentreag\u0103!"},"content":{"rendered":"\n<h2>Poveste emo\u021bionant\u0103: un \u0219ofer rom\u00e2n de TIR a salvat o c\u0103prioar\u0103 r\u0103nit\u0103 pe o autostrad\u0103 din Germania. Gestul s\u0103u a devenit viral \u0219i a fost l\u0103udat \u00een toat\u0103 Europa.<\/h2>\n\n\n\n<p><\/p>\n\n\n\n<p>Un gest de omenie a emo\u021bionat mii de oameni \u00een ultimele zile. Ionel P., un \u0219ofer rom\u00e2n de TIR \u00een v\u00e2rst\u0103 de 42 de ani, a devenit erou pe re\u021belele sociale dup\u0103 ce a oprit pe o autostrad\u0103 din Germania pentru a salva o c\u0103prioar\u0103 r\u0103nit\u0103.<\/p>\n\n\n\n<p><\/p>\n\n\n\n<blockquote class=\"wp-block-quote\">\n<p>\u201eAm v\u0103zut animalul pe marginea drumului, era r\u0103nit \u0219i abia se mai mi\u0219ca. N-am putut s\u0103 trec mai departe cu inima \u00eemp\u0103cat\u0103\u201d, a povestit Ionel.<\/p>\n\n\n\n<p><\/p>\n<\/blockquote>\n\n\n\n<h2>A oprit TIR-ul \u0219i a cerut ajutor<\/h2>\n\n\n\n<p>De\u0219i circula pe o por\u021biune de autostrad\u0103 aglomerat\u0103, \u0219oferul a tras pe banda de urgen\u021b\u0103 \u0219i a pus triunghiurile reflectorizante pentru a avertiza ceilal\u021bi \u0219oferi.<\/p>\n\n\n\n<p><\/p>\n\n\n\n<blockquote class=\"wp-block-quote\">\n<p>\u201eM-am apropiat cu grij\u0103. C\u0103prioara avea un picior r\u0103nit \u0219i respira greu. Am sunat imediat la serviciile de urgen\u021b\u0103.\u201d<\/p>\n<\/blockquote>\n\n\n\n<p>\u00cen scurt timp, un echipaj de protec\u021bie a animalelor a sosit la fa\u021ba locului \u0219i a preluat c\u0103prioara.<\/p>\n\n\n\n<p><\/p>\n\n\n\n<h2>Poveste viral\u0103 \u00een Europa<\/h2>\n\n\n\n<p><\/p>\n\n\n\n<p>Gestul \u0219oferului rom\u00e2n a fost fotografiat de un alt participant la trafic, care a postat imaginile pe Facebook \u0219i Instagram. Povestea s-a viralizat rapid \u0219i a fost preluat\u0103 de mai multe publica\u021bii din Germania \u0219i din alte \u021b\u0103ri europene.<\/p>\n\n\n\n<p><\/p>\n\n\n\n<blockquote class=\"wp-block-quote\">\n<p>\u201eUn exemplu minunat de umanitate venind de la un \u0219ofer rom\u00e2n. Respect!\u201d, a scris un utilizator german.<\/p>\n\n\n\n<p><\/p>\n<\/blockquote>\n\n\n\n<h2>Mii de aprecieri din Rom\u00e2nia<\/h2>\n\n\n\n<p><\/p>\n\n\n\n<p>Mii de rom\u00e2ni au reac\u021bionat cu m\u00e2ndrie la gestul lui Ionel.<\/p>\n\n\n\n<p><\/p>\n\n\n\n<blockquote class=\"wp-block-quote\">\n<p>\u201eBravo, Ionel! Ai ar\u0103tat ce \u00eenseamn\u0103 sufletul rom\u00e2nesc!\u201d, a scris un comentator.<\/p>\n\n\n\n<p><\/p>\n<\/blockquote>\n\n\n\n<p>Modest, \u0219oferul a spus c\u0103 a f\u0103cut \u201ece era normal pentru orice om cu inim\u0103\u201d.<\/p>\n\n\n\n<p><\/p>\n\n\n\n<blockquote class=\"wp-block-quote\">\n<p>\u201ePentru mine, via\u021ba e via\u021b\u0103, indiferent c\u0103 e om sau animal. Nu puteam s\u0103 merg mai departe f\u0103r\u0103 s\u0103 ajut\u201d, a mai spus Ionel.<\/p>\n\n\n\n<p><\/p>\n<\/blockquote>\n\n\n\n<p><strong>Tu ai face acela\u0219i gest? Ce p\u0103rere ai despre gestul acestui \u0219ofer rom\u00e2n? Spune-ne \u00een comentarii!<\/strong><\/p>\n","protected":false},"excerpt":{"rendered":"<p>Poveste emo\u021bionant\u0103: un \u0219ofer rom\u00e2n de TIR a salvat o c\u0103prioar\u0103 r\u0103nit\u0103 pe o autostrad\u0103 din Germania. Gestul s\u0103u a devenit viral \u0219i a fost<\/p>\n","protected":false},"author":1,"featured_media":39810,"comment_status":"closed","ping_status":"closed","sticky":false,"template":"","format":"standard","meta":[],"categories":[1],"tags":[],"_links":{"self":[{"href":"https:\/\/calatorinromania.com\/index.php?rest_route=\/wp\/v2\/posts\/39965"}],"collection":[{"href":"https:\/\/calatorinromania.com\/index.php?rest_route=\/wp\/v2\/posts"}],"about":[{"href":"https:\/\/calatorinromania.com\/index.php?rest_route=\/wp\/v2\/types\/post"}],"author":[{"embeddable":true,"href":"https:\/\/calatorinromania.com\/index.php?rest_route=\/wp\/v2\/users\/1"}],"replies":[{"embeddable":true,"href":"https:\/\/calatorinromania.com\/index.php?rest_route=%2Fwp%2Fv2%2Fcomments&post=39965"}],"version-history":[{"count":1,"href":"https:\/\/calatorinromania.com\/index.php?rest_route=\/wp\/v2\/posts\/39965\/revisions"}],"predecessor-version":[{"id":39966,"href":"https:\/\/calatorinromania.com\/index.php?rest_route=\/wp\/v2\/posts\/39965\/revisions\/39966"}],"wp:featuredmedia":[{"embeddable":true,"href":"https:\/\/calatorinromania.com\/index.php?rest_route=\/wp\/v2\/media\/39810"}],"wp:attachment":[{"href":"https:\/\/calatorinromania.com\/index.php?rest_route=%2Fwp%2Fv2%2Fmedia&parent=39965"}],"wp:term":[{"taxonomy":"category","embeddable":true,"href":"https:\/\/calatorinromania.com\/index.php?rest_route=%2Fwp%2Fv2%2Fcategories&post=39965"},{"taxonomy":"post_tag","embeddable":true,"href":"https:\/\/calatorinromania.com\/index.php?rest_route=%2Fwp%2Fv2%2Ftags&post=39965"}],"curies":[{"name":"wp","href":"https:\/\/api.w.org\/{rel}","templated":true}]}}