{"id":39961,"date":"2025-06-10T05:42:27","date_gmt":"2025-06-10T05:42:27","guid":{"rendered":"https:\/\/calatorinromania.com\/?p=39961"},"modified":"2025-06-10T05:42:27","modified_gmt":"2025-06-10T05:42:27","slug":"am-avut-grija-de-sotul-meu-cand-era-bolnav-iar-el-a-lasat-totul-copiilor-lui-asa-ca-i-am-vandut-cenusa-pe-internet","status":"publish","type":"post","link":"https:\/\/calatorinromania.com\/?p=39961","title":{"rendered":"Am avut grij\u0103 de so\u021bul meu c\u00e2nd era bolnav, iar el a l\u0103sat totul copiilor lui, a\u0219a c\u0103 i-am v\u00e2ndut cenu\u0219a pe internet."},"content":{"rendered":"\n<p>L-am hr\u0103nit cu lingura c\u00e2nd nu mai putea \u021bine furculi\u021ba. L-am sp\u0103lat c\u00e2nd nu mai avea timp nici m\u0103car s\u0103 ajung\u0103 la baie. Am stat treaz\u0103 noaptea, \u0219optindu-i cuvinte de alinare, \u00een timp ce se stingea \u00eencet.<\/p>\n\n\n\n<p><\/p>\n\n\n\n<p>\u0218i c\u00e2nd a murit, am crezut c\u0103 m\u0103car voi r\u0103m\u00e2ne \u00een casa noastr\u0103. \u00cen via\u021ba pe care am construit-o \u00eempreun\u0103.<\/p>\n\n\n\n<p><\/p>\n\n\n\n<p>Totul \u2014 casa, economiile, chiar \u0219i ma\u0219ina mea \u2014 a ajuns la copiii lui din prima c\u0103snicie. Cei care nu l-au vizitat niciodat\u0103. Cei care sunau doar c\u00e2nd aveau nevoie de bani.<\/p>\n\n\n\n<p><\/p>\n\n\n\n<p>Apoi avocatul mi-a \u00eenm\u00e2nat Testamentul.<\/p>\n\n\n\n<p><\/p>\n\n\n\n<p>Nu am primit nimic. Nici m\u0103car un cuv\u00e2nt de mul\u021bumire.<\/p>\n\n\n\n<p><\/p>\n\n\n\n<p>A\u0219a c\u0103 am luat ce-mi mai r\u0103m\u0103sese \u2014 cenu\u0219a lui.<\/p>\n\n\n\n<p><\/p>\n\n\n\n<p>\u0218i am pus-o la v\u00e2nzare pe Internet.<\/p>\n\n\n\n<p><\/p>\n\n\n\n<p>Dup\u0103 o or\u0103 am primit un mesaj:<\/p>\n\n\n\n<p><\/p>\n\n\n\n<p>\u201ePl\u0103tesc dublu. Dar am nevoie de ea chiar azi.\u201d<\/p>\n\n\n\n<p><\/p>\n\n\n\n<p>\u0218i atunci mi-am dat seama c\u0103 cineva avea mai mare nevoie de el dec\u00e2t mine.<\/p>\n\n\n\n<p><\/p>\n\n\n\n<p>Un cump\u0103r\u0103tor a ap\u0103rut la u\u0219a mea la apus, cu un plic plin cu bani \u0219i o pelerin\u0103 lung\u0103, ca \u00eentr-un film noir vechi. Prin coresponden\u021b\u0103, se numea Theo. \u00cenalt, slab, cu ochi ad\u00e2nci care p\u0103reau s\u0103 str\u0103luceasc\u0103 \u00een jurul lui, ca un om obi\u0219nuit s\u0103 fie mereu \u00een alert\u0103.<\/p>\n\n\n\n<p><\/p>\n\n\n\n<p>\u2013 O ave\u021bi? \u2013 a \u00eentrebat.<\/p>\n\n\n\n<p>Am dat din cap afirmativ \u0219i m-am dat la o parte, l\u0103s\u00e2ndu-l s\u0103 intre \u00een micul apartament pe care acum \u00eel numeam \u201eacas\u0103\u201d, o locuin\u021b\u0103 temporar\u0103 \u00een care m\u0103 mutasem dup\u0103 ce fusesem dat\u0103 afar\u0103 din casa \u00een care locuisem cincisprezece ani. Totul p\u0103rea gre\u0219it \u2014 s\u0103 v\u00e2nd cenu\u0219a lui Radu \u00een felul \u0103sta \u2014 dar disperarea \u00ee\u021bi schimb\u0103 moralitatea. \u00cen plus, la ce bun? Nu-l va aduce \u00eenapoi. \u0218i cu siguran\u021b\u0103 nu m\u0103 va ajuta s\u0103 merg mai departe.<\/p>\n\n\n\n<p>Theo a desf\u0103cut plicul \u0219i a pus cu grij\u0103 bancnotele pe masa din buc\u0103t\u0103rie.<\/p>\n\n\n\n<p>\u2013 Asta e tot ce am, a spus, ar\u0103t\u00e2nd spre urna pe care o a\u0219ezasem cu grij\u0103 pe mas\u0103.<\/p>\n\n\n\n<p>\u2014 Da, am r\u0103spuns, \u00eencerc\u00e2nd s\u0103 nu mi se simt\u0103 vocea tremur\u00e2nd\u0103. \u2014 Asta e\u2026 tot ce a mai r\u0103mas din el.<\/p>\n\n\n\n<p>A luat urna, a rotit-o \u00een m\u00e2ini, de parc\u0103 voia s\u0103-i verifice autenticitatea. Apoi, aproape cu delicate\u021be, a ap\u0103sat-o la piept. Ajuns la u\u0219\u0103, s-a oprit \u0219i, \u00eentorc\u00e2ndu-se, a spus:<\/p>\n\n\n\n<p>\u2014 N-ai idee c\u00e2t \u00eenseamn\u0103 asta pentru mine, a spus mai \u00eencet dec\u00e2t \u00eenainte. Apoi a disp\u0103rut, dizolv\u00e2ndu-se \u00een amurg ca o umbr\u0103.<\/p>\n\n\n\n<p>\u00cen aceea\u0219i noapte, st\u00e2nd \u00een pat \u0219i uit\u00e2ndu-m\u0103 la tavan, m-am \u00eentrebat brusc: de ce avea Theo at\u00e2ta nevoie de cenu\u0219a lui Radu? Ce putea face ca un b\u0103rbat s\u0103 caute cu at\u00e2ta disperare r\u0103m\u0103\u0219i\u021bele cuiva pe care abia dac\u0103-l cuno\u0219tea, dac\u0103 \u00eel cuno\u0219tea, \u0219i s\u0103 ofere dublu?<\/p>\n\n\n\n<p>Curiozitatea nu-mi d\u0103dea pace. \u00cen diminea\u021ba asta m-am decis.<\/p>\n\n\n\n<p>Folosind adresa de e-mail pe care Theo o l\u0103sase \u00een timpul tranzac\u021biei, i-am scris un mesaj scurt: \u201eDe ce ai nevoie de cenu\u0219a lui Radu?\u201d Nu m\u0103 a\u0219teptam la r\u0103spuns. Dar dup\u0103 c\u00e2teva minute, telefonul a vibrat.<\/p>\n\n\n\n<p>\u201ePentru c\u0103 mi-a salvat via\u021ba.\u201d<\/p>\n\n\n\n<p>Am stabilit s\u0103 ne \u00eent\u00e2lnim a doua zi, \u00eentr-o cafenea lini\u0219tit\u0103 din centru. C\u00e2nd am ajuns, era deja acolo, \u00eentr-un col\u021b, cu o cea\u0219c\u0103 de cafea. De aproape, p\u0103rea mai t\u00e2n\u0103r dec\u00e2t crezusem ini\u021bial: pu\u021bin peste treizeci de ani. Sub ochi, umbre de nop\u021bi nedormite sau poveri grele. Sau poate ambele.<\/p>\n\n\n\n<p>\u2014 Ai vrut s\u0103 \u0219tii de ce, a \u00eenceput el \u00eencet. Radu nu era doar cineva pentru mine. Era tat\u0103l meu.<\/p>\n\n\n\n<p>Am clipit. \u2014 Dar\u2026 a spus c\u0103 fiii lui \u00eel urau. C\u0103 nu s-au mai \u00eentors niciodat\u0103.<\/p>\n\n\n\n<p>\u2014 Nu-l uram, m-a corectat cu bl\u00e2nde\u021be Theo. \u2014 Ne-am sim\u021bit r\u0103ni\u021bi. Eu \u0219i fra\u021bii mei am crezut c\u0103 ne-a abandonat\u2026 din cauza ta. \u2014 A \u00eenclinat capul spre mine. \u2014 Dup\u0103 moartea mamei, a plecat. Pur \u0219i simplu \u0219i-a f\u0103cut bagajele \u0219i a \u00eenceput o via\u021b\u0103 nou\u0103. Eram copii. Ni s-a p\u0103rut c\u0103 a ales pe altcineva \u00een locul nostru.<\/p>\n\n\n\n<p>\u2014 Dar\u2026 \u2014 A vorbit despre VOI. Mi-a spus c\u0103 tu nu-l mai iubeai.<\/p>\n\n\n\n<p>\u2014 A min\u021bit, a spus Theo calm. \u2014 Sau poate m-am convins eu de asta ca s\u0103 pot merge mai departe. Dar niciunul dintre noi nu a \u00eencetat s\u0103-l iubeasc\u0103. Doar c\u0103 nu \u0219tiam cum s\u0103 repar\u0103m lucrurile. \u0218i apoi, acum c\u00e2\u021biva ani, am intrat \u00eentr-o mare \u00eencurc\u0103tur\u0103: datorii, pariuri, gre\u0219eli\u2026 i-am scris. Am crezut c\u0103 m\u0103 va refuza. Dar m-a ajutat. Mi-a dat via\u021ba \u00eenapoi. F\u0103r\u0103 condi\u021bii. Doar\u2026 m-a ajutat.<\/p>\n\n\n\n<p>Aceste cuvinte au lovit \u00een pieptul meu ca un ciocan. Acest Radu, cel care \u0219i-a ajutat fiul \u00een t\u0103cere, nu era omul pe care \u00eel \u0219tiusem eu. Sau poate c\u0103 era\u2026 \u0219i eu nu mi-am dat seama.<\/p>\n\n\n\n<p>\u2014 De ce a ascuns asta? \u2014 De ce nu mi-a spus?<\/p>\n\n\n\n<p>Theo a ridicat din umeri:<\/p>\n\n\n\n<p>\u2014 Poate \u00eei era ru\u0219ine. Poate a crezut c\u0103 n-ai s\u0103 \u00een\u021belegi. Sau poate nu voia s\u0103 redeschid\u0103 r\u0103ni vechi. Nu \u0219tiu. Dar a p\u0103strat totul pentru el. \u0218i acum\u2026 \u2014 a t\u0103cut, privind \u00een cea\u0219c\u0103. \u2014 Acum am, \u00een sf\u00e2r\u0219it, ocazia s\u0103-mi iau r\u0103mas bun.<\/p>\n\n\n\n<p>Theo \u0219i cu mine am petrecut urm\u0103toarele zile vorbind. Despre Radu. Despre trecut. Mi-a povestit amintiri din copil\u0103rie, durerea de a cre\u0219te f\u0103r\u0103 tat\u0103. Vinov\u0103\u021bia de a nu fi \u00eentins m\u00e2na mai devreme. Iar eu i-am \u00eemp\u0103rt\u0103\u0219it amintiri despre bun\u0103tatea lui Radu, despre cum se sacrifica \u0219i despre cum, uneori, m\u0103 dezam\u0103gea.<\/p>\n\n\n\n<p>\u0218i treptat am \u00eenceput s\u0103-l v\u0103d nu ca pe un so\u021b, nu ca pe un tr\u0103d\u0103tor, ci ca pe un om. Complex, contradictoriu. Capabil de generozitate, dar \u0219i de gre\u0219eli. Nu mai era o imagine pentru mine, ci o realitate.<\/p>\n\n\n\n<p>\u00centr-o zi, Theo m-a invitat s\u0103 mergem \u00eempreun\u0103 \u00eentr-un parc unde, \u00een copil\u0103rie, el \u0219i tat\u0103l lui lansau zmee. Acolo am \u00eempr\u0103\u0219tiat cenu\u0219a. \u0218i c\u00e2nd v\u00e2ntul a purtat r\u0103m\u0103\u0219i\u021bele unui om pe care am\u00e2ndoi l-am iubit, fiecare \u00een felul s\u0103u, am sim\u021bit pentru prima dat\u0103 pace dup\u0103 moartea lui. Am realizat c\u0103 durerea nu este despre ce de\u021bii. Este despre leg\u0103tura dintre suflete.<\/p>\n\n\n\n<p>Theo \u0219i cu mine am continuat s\u0103 \u021binem leg\u0103tura. \u00cencet, pas cu pas, am \u00eenceput s\u0103 reconstruim ce fusese distrus, tot ce Radu l\u0103sase \u00een urm\u0103. Prin el, i-am cunoscut pe fra\u021bii lui. La \u00eenceput au fost rezerva\u021bi, dar cu timpul s-a creat o leg\u0103tur\u0103 cald\u0103 \u00eentre noi.<\/p>\n\n\n\n<p>C\u00e2t despre mine\u2026 am \u00eenv\u0103\u021bat s\u0103-l las s\u0103 plece. Nu doar pe Radu, ci \u0219i furia, durerea cu care am tr\u0103it de c\u00e2nd am citit Testamentul. V\u00e2nzarea cenu\u0219ii lui a fost un gest de disperare. Dar acel gest m-a condus spre iertare. Spre vindecare.<\/p>\n\n\n\n<p>Via\u021ba e un haos. Oamenii sunt un haos \u0219i mai mare. Iubirea nu e mereu ceea ce ne imagin\u0103m. Nici durerea. Dar uneori, \u00een mijlocul acestei confuzii, primim daruri nea\u0219teptate: o a doua \u0219ans\u0103, un nou \u00eenceput, ocazia de a vindeca r\u0103ni vechi.<\/p>\n\n\n\n<p>Dac\u0103 te-ai sim\u021bit vreodat\u0103 tr\u0103dat sau uitat, s\u0103 \u0219tii c\u0103 e\u0219ti mai puternic dec\u00e2t crezi. \u0218i c\u0103 lumea e plin\u0103 de posibilit\u0103\u021bi de care nici nu e\u0219ti con\u0219tient. Continu\u0103. Continu\u0103 s\u0103 cau\u021bi o leg\u0103tur\u0103. \u0218i crede c\u0103, chiar \u0219i \u00een cea mai \u00eentunecat\u0103 noapte, lumina va g\u0103si totu\u0219i calea.<\/p>\n\n\n\n<p><strong>Dac\u0103 \u021bi-a pl\u0103cut povestea, nu uita s\u0103 o distribui cu prietenii t\u0103i! \u00cempreun\u0103 putem duce mai departe emo\u021bia \u0219i inspira\u021bia.<\/strong><\/p>\n","protected":false},"excerpt":{"rendered":"<p>L-am hr\u0103nit cu lingura c\u00e2nd nu mai putea \u021bine furculi\u021ba. L-am sp\u0103lat c\u00e2nd nu mai avea timp nici m\u0103car s\u0103 ajung\u0103 la baie. Am stat<\/p>\n","protected":false},"author":1,"featured_media":39810,"comment_status":"closed","ping_status":"closed","sticky":false,"template":"","format":"standard","meta":[],"categories":[1],"tags":[],"_links":{"self":[{"href":"https:\/\/calatorinromania.com\/index.php?rest_route=\/wp\/v2\/posts\/39961"}],"collection":[{"href":"https:\/\/calatorinromania.com\/index.php?rest_route=\/wp\/v2\/posts"}],"about":[{"href":"https:\/\/calatorinromania.com\/index.php?rest_route=\/wp\/v2\/types\/post"}],"author":[{"embeddable":true,"href":"https:\/\/calatorinromania.com\/index.php?rest_route=\/wp\/v2\/users\/1"}],"replies":[{"embeddable":true,"href":"https:\/\/calatorinromania.com\/index.php?rest_route=%2Fwp%2Fv2%2Fcomments&post=39961"}],"version-history":[{"count":1,"href":"https:\/\/calatorinromania.com\/index.php?rest_route=\/wp\/v2\/posts\/39961\/revisions"}],"predecessor-version":[{"id":39962,"href":"https:\/\/calatorinromania.com\/index.php?rest_route=\/wp\/v2\/posts\/39961\/revisions\/39962"}],"wp:featuredmedia":[{"embeddable":true,"href":"https:\/\/calatorinromania.com\/index.php?rest_route=\/wp\/v2\/media\/39810"}],"wp:attachment":[{"href":"https:\/\/calatorinromania.com\/index.php?rest_route=%2Fwp%2Fv2%2Fmedia&parent=39961"}],"wp:term":[{"taxonomy":"category","embeddable":true,"href":"https:\/\/calatorinromania.com\/index.php?rest_route=%2Fwp%2Fv2%2Fcategories&post=39961"},{"taxonomy":"post_tag","embeddable":true,"href":"https:\/\/calatorinromania.com\/index.php?rest_route=%2Fwp%2Fv2%2Ftags&post=39961"}],"curies":[{"name":"wp","href":"https:\/\/api.w.org\/{rel}","templated":true}]}}