{"id":39954,"date":"2025-06-09T06:15:58","date_gmt":"2025-06-09T06:15:58","guid":{"rendered":"https:\/\/calatorinromania.com\/?p=39954"},"modified":"2025-06-09T06:15:58","modified_gmt":"2025-06-09T06:15:58","slug":"%f0%9f%a5%ac-oua-cu-varza-reteta-rapida-si-sanatoasa","status":"publish","type":"post","link":"https:\/\/calatorinromania.com\/?p=39954","title":{"rendered":"\ud83e\udd6c Ou\u0103 cu Varz\u0103 \u2013 Re\u021bet\u0103 Rapid\u0103 \u0219i S\u0103n\u0103toas\u0103"},"content":{"rendered":"\n<h2><\/h2>\n\n\n\n<p><strong>Ideal\u0103 pentru mic dejun, pr\u00e2nz sau cin\u0103<\/strong> \u2013 aceast\u0103 re\u021bet\u0103 combin\u0103 gustul dulceag al verzei cu textura cremoas\u0103 a ou\u0103lor. Rapid\u0103, hr\u0103nitoare \u0219i prietenoas\u0103 cu bugetul!<\/p>\n\n\n\n<p><\/p>\n\n\n\n<h3>\u2705 Ingrediente (pentru 1 por\u021bie):<\/h3>\n\n\n\n<ul>\n<li>1 lingur\u0103 de unt, ulei de m\u0103sline sau amestec<\/li>\n\n\n\n<li>1 c\u0103\u021bel de usturoi, tocat m\u0103runt<\/li>\n\n\n\n<li>1 can\u0103 de varz\u0103 alb\u0103 t\u0103iat\u0103 fin<\/li>\n\n\n\n<li>2 ou\u0103, b\u0103tute u\u0219or<\/li>\n\n\n\n<li>Sare \u0219i piper, dup\u0103 gust<\/li>\n<\/ul>\n\n\n\n<p><\/p>\n\n\n\n<h3>\ud83c\udf73 Mod de preparare:<\/h3>\n\n\n\n<ol>\n<li><strong>\u00cenc\u0103lze\u0219te tigaia<\/strong> antiaderent\u0103 la foc mediu \u0219i adaug\u0103 uleiul\/untul.<\/li>\n\n\n\n<li>Dup\u0103 20 secunde, adaug\u0103 <strong>usturoiul<\/strong> \u0219i c\u0103le\u0219te-l 30 secunde, p\u00e2n\u0103 devine aromat.<\/li>\n\n\n\n<li>Adaug\u0103 <strong>varza tocat\u0103<\/strong> \u0219i g\u0103te\u0219te-o 3\u20135 minute, amestec\u00e2nd des. Vrei o textur\u0103 moale \u0219i u\u0219or caramelizat\u0103.<\/li>\n\n\n\n<li>\u00centinde varza \u00eentr-un strat sub\u021bire \u0219i toarn\u0103 <strong>ou\u0103le b\u0103tute<\/strong> peste, \u00eenclin\u00e2nd tigaia ca s\u0103 se distribuie uniform.<\/li>\n\n\n\n<li>Las\u0103 ou\u0103le s\u0103 se g\u0103teasc\u0103 1\u20132 minute, apoi <strong>pliaz\u0103-le delicat<\/strong> pentru a termina g\u0103tirea.<\/li>\n\n\n\n<li>Ia de pe foc \u0219i <strong>serve\u0219te imediat.<\/strong><\/li>\n<\/ol>\n\n\n\n<p><\/p>\n\n\n\n<h3>\ud83c\udf5e Sugestii de servire:<\/h3>\n\n\n\n<ul>\n<li>Cu <strong>p\u00e2ine pr\u0103jit\u0103<\/strong> din cereale integrale<\/li>\n\n\n\n<li>Presar\u0103 <strong>verde\u021buri proaspete<\/strong>: p\u0103trunjel, ceap\u0103 verde, m\u0103rar<\/li>\n\n\n\n<li>Adaug\u0103 un strop de <strong>sos picant<\/strong> pentru extra arom\u0103<\/li>\n\n\n\n<li>Serve\u0219te cu <strong>o salat\u0103 crocant\u0103<\/strong> sau cartofi pr\u0103ji\u021bi pentru o cin\u0103 complet\u0103<\/li>\n<\/ul>\n\n\n\n<p><\/p>\n\n\n\n<h3>\ud83d\udca1 Beneficii:<\/h3>\n\n\n\n<ul>\n<li><strong>Bogat\u0103 \u00een proteine<\/strong> \u0219i fibre<\/li>\n\n\n\n<li><strong>S\u0103rac\u0103 \u00een calorii<\/strong><\/li>\n\n\n\n<li>Ideal\u0103 pentru o alimenta\u021bie echilibrat\u0103<\/li>\n\n\n\n<li>Poate fi adaptat\u0103 u\u0219or cu alte legume (ardei, spanac, ceap\u0103 ro\u0219ie)<\/li>\n<\/ul>\n\n\n\n<p><\/p>\n\n\n\n<p>\ud83d\udccc <em>Sfaturi rapide:<\/em><\/p>\n\n\n\n<ul>\n<li>Dac\u0103 varza e prea tare, presar-o cu pu\u021bin\u0103 sare \u0219i fr\u0103m\u00e2nt-o u\u0219or \u00eenainte de g\u0103tit.<\/li>\n\n\n\n<li>Po\u021bi \u00eenlocui ou\u0103le cu tofu pentru o versiune vegan\u0103.<\/li>\n<\/ul>\n","protected":false},"excerpt":{"rendered":"<p>Ideal\u0103 pentru mic dejun, pr\u00e2nz sau cin\u0103 \u2013 aceast\u0103 re\u021bet\u0103 combin\u0103 gustul dulceag al verzei cu textura cremoas\u0103 a ou\u0103lor. Rapid\u0103, hr\u0103nitoare \u0219i prietenoas\u0103 cu<\/p>\n","protected":false},"author":1,"featured_media":39955,"comment_status":"closed","ping_status":"closed","sticky":false,"template":"","format":"standard","meta":[],"categories":[1],"tags":[],"_links":{"self":[{"href":"https:\/\/calatorinromania.com\/index.php?rest_route=\/wp\/v2\/posts\/39954"}],"collection":[{"href":"https:\/\/calatorinromania.com\/index.php?rest_route=\/wp\/v2\/posts"}],"about":[{"href":"https:\/\/calatorinromania.com\/index.php?rest_route=\/wp\/v2\/types\/post"}],"author":[{"embeddable":true,"href":"https:\/\/calatorinromania.com\/index.php?rest_route=\/wp\/v2\/users\/1"}],"replies":[{"embeddable":true,"href":"https:\/\/calatorinromania.com\/index.php?rest_route=%2Fwp%2Fv2%2Fcomments&post=39954"}],"version-history":[{"count":1,"href":"https:\/\/calatorinromania.com\/index.php?rest_route=\/wp\/v2\/posts\/39954\/revisions"}],"predecessor-version":[{"id":39956,"href":"https:\/\/calatorinromania.com\/index.php?rest_route=\/wp\/v2\/posts\/39954\/revisions\/39956"}],"wp:featuredmedia":[{"embeddable":true,"href":"https:\/\/calatorinromania.com\/index.php?rest_route=\/wp\/v2\/media\/39955"}],"wp:attachment":[{"href":"https:\/\/calatorinromania.com\/index.php?rest_route=%2Fwp%2Fv2%2Fmedia&parent=39954"}],"wp:term":[{"taxonomy":"category","embeddable":true,"href":"https:\/\/calatorinromania.com\/index.php?rest_route=%2Fwp%2Fv2%2Fcategories&post=39954"},{"taxonomy":"post_tag","embeddable":true,"href":"https:\/\/calatorinromania.com\/index.php?rest_route=%2Fwp%2Fv2%2Ftags&post=39954"}],"curies":[{"name":"wp","href":"https:\/\/api.w.org\/{rel}","templated":true}]}}