{"id":39949,"date":"2025-06-09T06:06:49","date_gmt":"2025-06-09T06:06:49","guid":{"rendered":"https:\/\/calatorinromania.com\/?p=39949"},"modified":"2025-06-09T06:06:49","modified_gmt":"2025-06-09T06:06:49","slug":"%f0%9f%8c%b1-cum-am-scapat-de-afide-si-furnici-cu-o-picatura-de-pasta-de-dinti-fara-chimicale","status":"publish","type":"post","link":"https:\/\/calatorinromania.com\/?p=39949","title":{"rendered":"\ud83c\udf31 Cum am sc\u0103pat de afide \u0219i furnici cu o pic\u0103tur\u0103 de past\u0103 de din\u021bi \u2013 f\u0103r\u0103 chimicale!"},"content":{"rendered":"\n<p>\u00cengrijirea gr\u0103dinii mele era o provocare continu\u0103 din cauza <strong>afidelor \u0219i furnicilor<\/strong>. Produsele chimice din comer\u021b nu ofereau dec\u00e2t solu\u021bii temporare, iar plantele p\u0103reau din ce \u00een ce mai afectate.<\/p>\n\n\n\n<p><\/p>\n\n\n\n<p>P\u00e2n\u0103 c\u00e2nd\u2026 o prieten\u0103 gr\u0103din\u0103reas\u0103 mi-a spus secretul ei simplu \u0219i natural:<\/p>\n\n\n\n<p><\/p>\n\n\n\n<h3>\ud83e\uddea Solu\u021bie natural\u0103 anti-d\u0103un\u0103tori (DIY)<\/h3>\n\n\n\n<p><\/p>\n\n\n\n<p><strong>Ai nevoie de:<\/strong><\/p>\n\n\n\n<ul>\n<li>2 linguri past\u0103 de din\u021bi mentolat\u0103<\/li>\n\n\n\n<li>1 lingur\u0103 bicarbonat de sodiu<\/li>\n\n\n\n<li>1 lingur\u0103 o\u021bet de mere<\/li>\n<\/ul>\n\n\n\n<p><\/p>\n\n\n\n<p><strong>Mod de preparare:<\/strong><\/p>\n\n\n\n<ol>\n<li>Amestec\u0103 ingredientele \u00eentr-un bol p\u00e2n\u0103 devin o past\u0103.<\/li>\n\n\n\n<li>Ia o lingur\u0103 din past\u0103 \u0219i dizolv-o \u00eentr-un litru de ap\u0103.<\/li>\n\n\n\n<li>Pune lichidul \u00eentr-un pulverizator \u0219i agit\u0103 bine.<\/li>\n<\/ol>\n\n\n\n<p><\/p>\n\n\n\n<p><strong>Aplicare:<\/strong> Pulverizeaz\u0103 pe frunze, tulpini, \u00een jurul r\u0103d\u0103cinilor \u0219i \u00een zonele umbroase ale gr\u0103dinii.<\/p>\n\n\n\n<p><\/p>\n\n\n\n<h3>\ud83c\udf3f Rezultatul?<\/h3>\n\n\n\n<p><\/p>\n\n\n\n<p>\u00cen doar c\u00e2teva zile:<\/p>\n\n\n\n<ul>\n<li><strong>F\u0103r\u0103 afide. F\u0103r\u0103 furnici.<\/strong><\/li>\n\n\n\n<li>Frunzele mai verzi, plantele mai viguroase.<\/li>\n\n\n\n<li>Sol curat, f\u0103r\u0103 reziduuri chimice.<\/li>\n<\/ul>\n\n\n\n<p><\/p>\n\n\n\n<h3>\ud83d\udc69\u200d\ud83c\udf3e Truc suplimentar:<\/h3>\n\n\n\n<ul>\n<li>Planteaz\u0103 <strong>ment\u0103<\/strong> \u0219i <strong>salvie<\/strong> printre legume \u0219i flori.\n<ul>\n<li>Menta alung\u0103 afidele.<\/li>\n\n\n\n<li>Salvia descurajeaz\u0103 furnicile.<\/li>\n<\/ul>\n<\/li>\n<\/ul>\n\n\n\n<p><\/p>\n\n\n\n<p>Aceast\u0103 solu\u021bie simpl\u0103 mi-a salvat gr\u0103dina. F\u0103r\u0103 toxine. F\u0103r\u0103 costuri mari. Doar eficien\u021b\u0103 100% natural\u0103.<\/p>\n\n\n\n<p>Tu ce metode naturale folose\u0219ti \u00een gr\u0103dina ta? Scrie-mi \u00eentr-un comentariu \ud83d\udc47<\/p>\n\n\n\n<p>\ud83d\udc49 Dac\u0103 \u021bi-a fost util, <strong>distribuie articolul<\/strong> \u2013 poate ajut\u0103 \u0219i al\u021bi gr\u0103dinari!<\/p>\n","protected":false},"excerpt":{"rendered":"<p>\u00cengrijirea gr\u0103dinii mele era o provocare continu\u0103 din cauza afidelor \u0219i furnicilor. Produsele chimice din comer\u021b nu ofereau dec\u00e2t solu\u021bii temporare, iar plantele p\u0103reau din<\/p>\n","protected":false},"author":1,"featured_media":39950,"comment_status":"closed","ping_status":"closed","sticky":false,"template":"","format":"standard","meta":[],"categories":[1],"tags":[],"_links":{"self":[{"href":"https:\/\/calatorinromania.com\/index.php?rest_route=\/wp\/v2\/posts\/39949"}],"collection":[{"href":"https:\/\/calatorinromania.com\/index.php?rest_route=\/wp\/v2\/posts"}],"about":[{"href":"https:\/\/calatorinromania.com\/index.php?rest_route=\/wp\/v2\/types\/post"}],"author":[{"embeddable":true,"href":"https:\/\/calatorinromania.com\/index.php?rest_route=\/wp\/v2\/users\/1"}],"replies":[{"embeddable":true,"href":"https:\/\/calatorinromania.com\/index.php?rest_route=%2Fwp%2Fv2%2Fcomments&post=39949"}],"version-history":[{"count":1,"href":"https:\/\/calatorinromania.com\/index.php?rest_route=\/wp\/v2\/posts\/39949\/revisions"}],"predecessor-version":[{"id":39951,"href":"https:\/\/calatorinromania.com\/index.php?rest_route=\/wp\/v2\/posts\/39949\/revisions\/39951"}],"wp:featuredmedia":[{"embeddable":true,"href":"https:\/\/calatorinromania.com\/index.php?rest_route=\/wp\/v2\/media\/39950"}],"wp:attachment":[{"href":"https:\/\/calatorinromania.com\/index.php?rest_route=%2Fwp%2Fv2%2Fmedia&parent=39949"}],"wp:term":[{"taxonomy":"category","embeddable":true,"href":"https:\/\/calatorinromania.com\/index.php?rest_route=%2Fwp%2Fv2%2Fcategories&post=39949"},{"taxonomy":"post_tag","embeddable":true,"href":"https:\/\/calatorinromania.com\/index.php?rest_route=%2Fwp%2Fv2%2Ftags&post=39949"}],"curies":[{"name":"wp","href":"https:\/\/api.w.org\/{rel}","templated":true}]}}