{"id":39929,"date":"2025-06-09T05:17:55","date_gmt":"2025-06-09T05:17:55","guid":{"rendered":"https:\/\/calatorinromania.com\/?p=39929"},"modified":"2025-06-09T05:17:56","modified_gmt":"2025-06-09T05:17:56","slug":"%f0%9f%8d%8b-racorire-din-2-lamai-si-1-portocala-25-litri-de-magie-pura-de-limonada","status":"publish","type":"post","link":"https:\/\/calatorinromania.com\/?p=39929","title":{"rendered":"\ud83c\udf4b R\u0103corire din 2 l\u0103m\u00e2i \u0219i 1 portocal\u0103: 2,5 litri de magie pur\u0103 de limonad\u0103"},"content":{"rendered":"\n<p><strong>Vara f\u0103r\u0103 limonad\u0103 e ca marea f\u0103r\u0103 valuri.<\/strong> Acest proverb vechi surprinde perfect esen\u021ba unei b\u0103uturi care a devenit un ritual de r\u0103corire \u00een zilele toride. Iar vestea bun\u0103? Cu doar <strong>dou\u0103 l\u0103m\u00e2i \u0219i o portocal\u0103<\/strong>, po\u021bi prepara o limonad\u0103 clar\u0103, parfumat\u0103 \u0219i plin\u0103 de vitamine \u2014 mai s\u0103n\u0103toas\u0103 \u0219i mai gustoas\u0103 dec\u00e2t orice variant\u0103 din comer\u021b.<\/p>\n\n\n\n<p><\/p>\n\n\n\n<h2>\ud83c\udf4a De ce aceast\u0103 limonad\u0103 e special\u0103?<\/h2>\n\n\n\n<p><\/p>\n\n\n\n<ul>\n<li>\u2714\ufe0f <strong>Natural\u0103<\/strong> \u2013 F\u0103r\u0103 aditivi, conservan\u021bi sau coloran\u021bi.<\/li>\n\n\n\n<li>\u2714\ufe0f <strong>Echilibrat\u0103<\/strong> \u2013 \u00cembin\u0103 perfect aciditatea citricelor cu dulcea\u021ba portocalei.<\/li>\n\n\n\n<li>\u2714\ufe0f <strong>Hidratant\u0103<\/strong> \u2013 Ideal\u0103 pentru a combate c\u0103ldura verii.<\/li>\n\n\n\n<li>\u2714\ufe0f <strong>Plin\u0103 de vitamina C<\/strong> \u2013 Sus\u021bine imunitatea \u0219i energizeaz\u0103 organismul.<\/li>\n\n\n\n<li>\u2714\ufe0f <strong>Economic\u0103<\/strong> \u2013 Ob\u021bii 2,5 litri cu ingrediente la \u00eendem\u00e2n\u0103!<\/li>\n<\/ul>\n\n\n\n<p><\/p>\n\n\n\n<h2>\ud83e\uddfa Ingrediente pentru 2,5 litri de limonad\u0103<\/h2>\n\n\n\n<p><\/p>\n\n\n\n<ul>\n<li><strong>2 l\u0103m\u00e2i<\/strong><\/li>\n\n\n\n<li><strong>1 portocal\u0103<\/strong><\/li>\n\n\n\n<li><strong>1,5 c\u0103ni de zah\u0103r<\/strong> (aprox. 250\u2013300 ml, ajustabil)<\/li>\n\n\n\n<li><strong>2,5 litri de ap\u0103<\/strong><\/li>\n\n\n\n<li><em>(Op\u021bional: stevia sau alt \u00eendulcitor natural, pentru o variant\u0103 f\u0103r\u0103 calorii)<\/em><\/li>\n<\/ul>\n\n\n\n<p><\/p>\n\n\n\n<h2>\ud83d\udc69\u200d\ud83c\udf73 Mod de preparare, pas cu pas<\/h2>\n\n\n\n<p><\/p>\n\n\n\n<h3>1. \ud83e\uddfc Spal\u0103 bine fructele<\/h3>\n\n\n\n<p>Frec\u0103-le cu bicarbonat de sodiu pentru a elimina ceara \u0219i impurit\u0103\u021bile, apoi cl\u0103te\u0219te-le bine sub jet de ap\u0103<\/p>\n\n\n\n<p><\/p>\n\n\n\n<h3>2. \u2744\ufe0f Preg\u0103tirea pentru intensificarea aromei<\/h3>\n\n\n\n<ul>\n<li>Taie l\u0103m\u00e2ile \u0219i portocala \u00een buc\u0103\u021bi mari.<\/li>\n\n\n\n<li>Scoate s\u00e2mburii (pot da un gust amar).<\/li>\n\n\n\n<li>Pune totul \u00eentr-o pung\u0103 \u0219i las\u0103 la congelator peste noapte.<\/li>\n<\/ul>\n\n\n\n<blockquote class=\"wp-block-quote\">\n<p>\u2757 <strong>De ce congelarea?<\/strong> Rupe structura celular\u0103 a fructelor, sco\u021b\u00e2nd aroma f\u0103r\u0103 am\u0103real\u0103.<\/p>\n<\/blockquote>\n\n\n\n<p><\/p>\n\n\n\n<h3>3. \ud83c\udf00 Blenduire<\/h3>\n\n\n\n<ul>\n<li>Scoate fructele din congelator \u0219i las\u0103-le 10\u201315 minute la temperatura camerei.<\/li>\n\n\n\n<li>Pune-le \u00een blender cu <strong>1 can\u0103 de ap\u0103 \u0219i 1 can\u0103 de zah\u0103r<\/strong>.<\/li>\n\n\n\n<li>Mixeaz\u0103 bine p\u00e2n\u0103 ob\u021bii o past\u0103 omogen\u0103.<\/li>\n<\/ul>\n\n\n\n<p><\/p>\n\n\n\n<h3>4. \ud83d\udca7 Transform\u0103 \u00een limonad\u0103<\/h3>\n\n\n\n<ul>\n<li>Toarn\u0103 compozi\u021bia \u00eentr-un vas mare.<\/li>\n\n\n\n<li>Adaug\u0103 <strong>2 litri de ap\u0103 rece<\/strong>.<\/li>\n\n\n\n<li>Amestec\u0103 p\u00e2n\u0103 ce zah\u0103rul este complet dizolvat.<\/li>\n<\/ul>\n\n\n\n<p><\/p>\n\n\n\n<h3>5. \ud83e\uddfd Strecoar\u0103 imediat<\/h3>\n\n\n\n<ul>\n<li>Treci limonada printr-o sit\u0103 fin\u0103 sau tifon.<\/li>\n\n\n\n<li>Elimin\u0103 cojile \u0219i pulpa \u2014 acest pas previne gustul amar.<\/li>\n<\/ul>\n\n\n\n<p><\/p>\n\n\n\n<h3>6. \ud83e\uddca Serve\u0219te \u0219i r\u0103core\u0219te-te!<\/h3>\n\n\n\n<p>Toarn\u0103 \u00een pahare cu ghea\u021b\u0103 \u0219i felii de citrice, frunze de ment\u0103 sau chiar castravete pentru un twist fresh.<\/p>\n\n\n\n<p><\/p>\n\n\n\n<p><\/p>\n\n\n\n<h2>\ud83d\udca1 Sfaturi \u0219i varia\u021bii:<\/h2>\n\n\n\n<ul>\n<li>Preferi o arom\u0103 mai bl\u00e2nd\u0103? \u00cencearc\u0103 combina\u021bia <strong>2 portocale + 1 l\u0103m\u00e2ie<\/strong>.<\/li>\n\n\n\n<li>Vrei un boost de antioxidan\u021bi? Adaug\u0103 c\u00e2teva frunze de busuioc sau ghimbir ras.<\/li>\n\n\n\n<li>\u021aii diet\u0103? \u00cenlocuie\u0219te zah\u0103rul cu stevia sau sirop de agave.<\/li>\n<\/ul>\n\n\n\n<p><\/p>\n\n\n\n<h2>\ud83e\uddca P\u0103strare<\/h2>\n\n\n\n<ul>\n<li>Limonada se p\u0103streaz\u0103 <strong>la frigider 1\u20132 zile<\/strong>.<\/li>\n\n\n\n<li>Agit\u0103 recipientul \u00eenainte de servire \u2013 este normal s\u0103 se decanteze u\u0219or.<\/li>\n<\/ul>\n\n\n\n<p><\/p>\n\n\n\n<h2>\ud83c\udf79 Concluzie: Gustul verii, \u00een varianta curat\u0103<\/h2>\n\n\n\n<p>Aceast\u0103 limonad\u0103 nu e doar o b\u0103utur\u0103 \u2013 e un simbol al verii autentice, al grijii pentru s\u0103n\u0103tate \u0219i al bucuriei de a crea ceva simplu \u0219i delicios acas\u0103. Cu fiecare \u00eenghi\u021bitur\u0103 sim\u021bi energia fructelor, prospe\u021bimea naturii \u0219i m\u00e2ng\u00e2ierea unei dup\u0103-amieze calde.<\/p>\n\n\n\n<blockquote class=\"wp-block-quote\">\n<p><strong>Prepar-o \u0219i tu \u2013 \u0219i descoper\u0103 magia unei limonade ca la bunici, dar cu un twist modern!<\/strong><\/p>\n<\/blockquote>\n","protected":false},"excerpt":{"rendered":"<p>Vara f\u0103r\u0103 limonad\u0103 e ca marea f\u0103r\u0103 valuri. Acest proverb vechi surprinde perfect esen\u021ba unei b\u0103uturi care a devenit un ritual de r\u0103corire \u00een zilele<\/p>\n","protected":false},"author":1,"featured_media":39930,"comment_status":"closed","ping_status":"closed","sticky":false,"template":"","format":"standard","meta":[],"categories":[1],"tags":[],"_links":{"self":[{"href":"https:\/\/calatorinromania.com\/index.php?rest_route=\/wp\/v2\/posts\/39929"}],"collection":[{"href":"https:\/\/calatorinromania.com\/index.php?rest_route=\/wp\/v2\/posts"}],"about":[{"href":"https:\/\/calatorinromania.com\/index.php?rest_route=\/wp\/v2\/types\/post"}],"author":[{"embeddable":true,"href":"https:\/\/calatorinromania.com\/index.php?rest_route=\/wp\/v2\/users\/1"}],"replies":[{"embeddable":true,"href":"https:\/\/calatorinromania.com\/index.php?rest_route=%2Fwp%2Fv2%2Fcomments&post=39929"}],"version-history":[{"count":1,"href":"https:\/\/calatorinromania.com\/index.php?rest_route=\/wp\/v2\/posts\/39929\/revisions"}],"predecessor-version":[{"id":39931,"href":"https:\/\/calatorinromania.com\/index.php?rest_route=\/wp\/v2\/posts\/39929\/revisions\/39931"}],"wp:featuredmedia":[{"embeddable":true,"href":"https:\/\/calatorinromania.com\/index.php?rest_route=\/wp\/v2\/media\/39930"}],"wp:attachment":[{"href":"https:\/\/calatorinromania.com\/index.php?rest_route=%2Fwp%2Fv2%2Fmedia&parent=39929"}],"wp:term":[{"taxonomy":"category","embeddable":true,"href":"https:\/\/calatorinromania.com\/index.php?rest_route=%2Fwp%2Fv2%2Fcategories&post=39929"},{"taxonomy":"post_tag","embeddable":true,"href":"https:\/\/calatorinromania.com\/index.php?rest_route=%2Fwp%2Fv2%2Ftags&post=39929"}],"curies":[{"name":"wp","href":"https:\/\/api.w.org\/{rel}","templated":true}]}}