{"id":39926,"date":"2025-06-09T05:06:10","date_gmt":"2025-06-09T05:06:10","guid":{"rendered":"https:\/\/calatorinromania.com\/?p=39926"},"modified":"2025-06-09T05:06:11","modified_gmt":"2025-06-09T05:06:11","slug":"o-generatie-de-neinlocuit-cei-nascuti-intre-1940-si-1985","status":"publish","type":"post","link":"https:\/\/calatorinromania.com\/?p=39926","title":{"rendered":"O Genera\u021bie de Ne\u00eenlocuit: Cei N\u0103scu\u021bi \u00centre 1940 \u0219i 1985"},"content":{"rendered":"\n<h3>DISCLAIMER: Acest site este neutru din punct de vedere politic \u0219i nu sus\u021bine niciun partid sau ideologie politic\u0103.<\/h3>\n\n\n\n<p><\/p>\n\n\n\n<p>Puterea Dialogului \u00eentre Genera\u021bii<\/p>\n\n\n\n<p><\/p>\n\n\n\n<p>Conversa\u021biile dintre p\u0103rin\u021bi \u0219i copii pot avea un impact profund, oferind ocazii pre\u021bioase de introspec\u021bie. Un schimb aparent banal \u00eentre un tat\u0103 \u0219i fiul s\u0103u poate scoate la iveal\u0103 contrastul puternic dintre dou\u0103 epoci: una marcat\u0103 de simplitate \u0219i apropiere uman\u0103, \u0219i alta dominat\u0103 de tehnologie \u0219i interconectivitate digital\u0103.<\/p>\n\n\n\n<p><\/p>\n\n\n\n<p>Schimbarea Lumii prin Ochi Genera\u021bionali<\/p>\n\n\n\n<p><\/p>\n\n\n\n<p>Aceast\u0103 interac\u021biune \u00eentre genera\u021bii subliniaz\u0103 tranzi\u021bia profund\u0103 prin care a trecut societatea. \u00cenainte ca internetul \u0219i dispozitivele mobile s\u0103 devin\u0103 parte din via\u021ba de zi cu zi, copil\u0103ria avea un alt ritm \u0219i o alt\u0103 esen\u021b\u0103: libertate de mi\u0219care, joac\u0103 ne\u00eentrerupt\u0103 \u00een aer liber \u0219i leg\u0103turi sociale formate natural, f\u0103r\u0103 intermedierea ecranelor.<\/p>\n\n\n\n<p><\/p>\n\n\n\n<p>Distrac\u021bia de Odinioar\u0103<\/p>\n\n\n\n<p><\/p>\n\n\n\n<p>\u00cen acea perioad\u0103, bucuria venea din activit\u0103\u021bi simple \u0219i autentice: plimb\u0103ri lungi, jocuri \u00een grup \u0219i explor\u0103ri f\u0103r\u0103 griji. Copiii \u00ee\u0219i foloseau imagina\u021bia pentru a crea lumi proprii, iar fiecare zi era o aventur\u0103 tr\u0103it\u0103 \u00een prezent, nu o serie de notific\u0103ri. Era o vreme \u00een care r\u00e2setele \u0219i interac\u021biunile reale erau sursele principale de distrac\u021bie.<\/p>\n\n\n\n<p><\/p>\n\n\n\n<p>Valori Care Formau Comunit\u0103\u021bi<\/p>\n\n\n\n<p><\/p>\n\n\n\n<p>\u00cen centrul acestor vremuri st\u0103teau valori solide \u2013 respectul, cinstea \u0219i simplitatea. Comunit\u0103\u021bile erau unite, iar leg\u0103turile umane aveau greutate. Oamenii petreceau timp \u00eempreun\u0103 fa\u021b\u0103 \u00een fa\u021b\u0103, discut\u00e2nd sincer \u0219i construind rela\u021bii bazate pe \u00eencredere \u0219i sprijin reciproc.<\/p>\n\n\n\n<p><\/p>\n\n\n\n<p>Tehnologia: Avantaj \u0219i Provocare<\/p>\n\n\n\n<p><\/p>\n\n\n\n<p>Dialogul dintre genera\u021bii scoate la lumin\u0103 un adev\u0103r delicat: de\u0219i tehnologia aduce multe avantaje, ea a \u00eenlocuit adesea conexiunile umane directe cu interac\u021biuni virtuale. Timpul petrecut cu cei dragi, conversa\u021biile profunde \u0219i momentele \u00eemp\u0103rt\u0103\u0219ite au devenit tot mai rare.<\/p>\n\n\n\n<p><\/p>\n\n\n\n<p>Memorii Pline de Culoare \u00een Alb \u0219i Negru<\/p>\n\n\n\n<p><\/p>\n\n\n\n<p>Chiar \u0219i imaginile vechi, alb-negru, p\u0103streaz\u0103 intensitatea emo\u021bional\u0103 a vremurilor trecute. Ele ne reamintesc de esen\u021ba bucuriei \u2013 mesele \u00een familie, discu\u021biile sincere \u0219i r\u00e2setele \u00eemp\u0103rt\u0103\u0219ite. \u00cen ciuda progresului tehnologic, lucrurile cu adev\u0103rat importante \u2013 iubirea, rela\u021biile \u0219i prezen\u021ba autentic\u0103 \u2013 r\u0103m\u00e2n constante.<\/p>\n\n\n\n<p><\/p>\n\n\n\n<p>\u00centre Inova\u021bie \u0219i Adev\u0103rata Conexiune<\/p>\n\n\n\n<p><\/p>\n\n\n\n<p>Aceast\u0103 poveste dintre tat\u0103 \u0219i fiu nu este doar o reflec\u021bie nostalgic\u0103, ci \u0219i o invita\u021bie de a reg\u0103si echilibrul. S\u0103 integr\u0103m tehnologia cu discern\u0103m\u00e2nt, f\u0103r\u0103 a sacrifica valorile \u0219i leg\u0103turile care ne definesc umanitatea. \u00cen cele din urm\u0103, mesajul transmis este unul clar: progresul este esen\u021bial, dar nu ar trebui s\u0103 vin\u0103 \u00een detrimentul lucrurilor simple \u0219i adev\u0103rate care dau sens vie\u021bii.<\/p>\n","protected":false},"excerpt":{"rendered":"<p>DISCLAIMER: Acest site este neutru din punct de vedere politic \u0219i nu sus\u021bine niciun partid sau ideologie politic\u0103. Puterea Dialogului \u00eentre Genera\u021bii Conversa\u021biile dintre p\u0103rin\u021bi<\/p>\n","protected":false},"author":1,"featured_media":39927,"comment_status":"closed","ping_status":"closed","sticky":false,"template":"","format":"standard","meta":[],"categories":[1],"tags":[],"_links":{"self":[{"href":"https:\/\/calatorinromania.com\/index.php?rest_route=\/wp\/v2\/posts\/39926"}],"collection":[{"href":"https:\/\/calatorinromania.com\/index.php?rest_route=\/wp\/v2\/posts"}],"about":[{"href":"https:\/\/calatorinromania.com\/index.php?rest_route=\/wp\/v2\/types\/post"}],"author":[{"embeddable":true,"href":"https:\/\/calatorinromania.com\/index.php?rest_route=\/wp\/v2\/users\/1"}],"replies":[{"embeddable":true,"href":"https:\/\/calatorinromania.com\/index.php?rest_route=%2Fwp%2Fv2%2Fcomments&post=39926"}],"version-history":[{"count":1,"href":"https:\/\/calatorinromania.com\/index.php?rest_route=\/wp\/v2\/posts\/39926\/revisions"}],"predecessor-version":[{"id":39928,"href":"https:\/\/calatorinromania.com\/index.php?rest_route=\/wp\/v2\/posts\/39926\/revisions\/39928"}],"wp:featuredmedia":[{"embeddable":true,"href":"https:\/\/calatorinromania.com\/index.php?rest_route=\/wp\/v2\/media\/39927"}],"wp:attachment":[{"href":"https:\/\/calatorinromania.com\/index.php?rest_route=%2Fwp%2Fv2%2Fmedia&parent=39926"}],"wp:term":[{"taxonomy":"category","embeddable":true,"href":"https:\/\/calatorinromania.com\/index.php?rest_route=%2Fwp%2Fv2%2Fcategories&post=39926"},{"taxonomy":"post_tag","embeddable":true,"href":"https:\/\/calatorinromania.com\/index.php?rest_route=%2Fwp%2Fv2%2Ftags&post=39926"}],"curies":[{"name":"wp","href":"https:\/\/api.w.org\/{rel}","templated":true}]}}