{"id":39924,"date":"2025-06-09T05:03:57","date_gmt":"2025-06-09T05:03:57","guid":{"rendered":"https:\/\/calatorinromania.com\/?p=39924"},"modified":"2025-06-09T05:03:57","modified_gmt":"2025-06-09T05:03:57","slug":"39924","status":"publish","type":"post","link":"https:\/\/calatorinromania.com\/?p=39924","title":{"rendered":""},"content":{"rendered":"\n<h3><em>O lec\u021bie de loialitate pe care niciun om nu ar trebui s\u0103 o uite vreodat\u0103\u2026<\/em><\/h3>\n\n\n\n<p><\/p>\n\n\n\n<p>\u00centr-un mic sat din fosta Uniune Sovietic\u0103, acoperit de nori cenu\u0219ii \u0219i de frigul \u00eenceputului de iarn\u0103, se petrece de c\u00e2teva s\u0103pt\u0103m\u00e2ni o scen\u0103 care fr\u00e2nge inimi.<\/p>\n\n\n\n<p><br>Pe aleea \u00eengust\u0103 a unui cimitir vechi, unde crucile de fier ruginit se \u00eenclin\u0103 sub greutatea vremurilor, un c\u00e2ine loial st\u0103 zi de zi la cap\u0103tul unui morm\u00e2nt modest.<\/p>\n\n\n\n<p><\/p>\n\n\n\n<p>C\u0103\u021belul, pe nume\u00a0<strong>Maxim<\/strong>, fusese adoptat de un b\u0103tr\u00e2n veteran de r\u0103zboi, Ivan Petrovici, cu ani \u00een urm\u0103. Cei doi erau de nedesp\u0103r\u021bit \u2014 mergeau \u00eempreun\u0103 la magazin, la plimbare \u0219i, \u00een serile lungi de iarn\u0103, \u00ee\u0219i \u021bineau reciproc de cald \u00een casa veche de lemn.<\/p>\n\n\n\n<p><\/p>\n\n\n\n<p>Dar, \u00eentr-o zi de toamn\u0103 t\u00e2rzie, Ivan a suferit un infarct. A murit singur \u00een casa lui, iar Maxim a fost g\u0103sit l\u00e2ng\u0103 trupul ne\u00eensufle\u021bit, l\u0103tr\u00e2nd sf\u00e2\u0219ietor.<\/p>\n\n\n\n<p><\/p>\n\n\n\n<p>Dup\u0103 \u00eenmorm\u00e2ntare, ceva cu totul nea\u0219teptat a \u00eenceput s\u0103 se \u00eent\u00e2mple.\u00a0<strong>\u00cen fiecare diminea\u021b\u0103<\/strong>, la prima or\u0103, Maxim pleca din curtea unde fusese ad\u0103postit temporar de un vecin \u0219i mergea direct la cimitir. Se a\u0219eza l\u00e2ng\u0103 morm\u00e2ntul st\u0103p\u00e2nului s\u0103u \u0219i \u00eencepea s\u0103 schel\u0103l\u0103ie \u00eencet, aproape ca un pl\u00e2ns omenesc.<\/p>\n\n\n\n<p><\/p>\n\n\n\n<p><strong>Localnicii spun c\u0103 nici ploaia, nici z\u0103pada, nici gerul nu-l opresc.<\/strong>\u00a0\u00cel v\u0103d acolo \u00een fiecare zi, privind crucea simpl\u0103 marcat\u0103 cu o stea ro\u0219ie decolorat\u0103.<\/p>\n\n\n\n<p><\/p>\n\n\n\n<p>\u201eEste un simbol al loialit\u0103\u021bii absolute\u201d, spune un b\u0103tr\u00e2n din sat. \u201eNoi, oamenii, uit\u0103m repede\u2026 dar acest suflet nu \u0219i-a uitat iubirea.\u201d<\/p>\n\n\n\n<p><\/p>\n\n\n\n<p>S\u0103pt\u0103m\u00e2na trecut\u0103, cineva i-a adus o p\u0103tur\u0103 \u0219i hran\u0103. Alt\u0103 persoan\u0103 i-a l\u0103sat un bile\u021bel emo\u021bionant la cruce:<\/p>\n\n\n\n<p><br><em>\u201cDragul meu prieten, dragostea nu moare niciodat\u0103. Ivan ar fi m\u00e2ndru de tine.\u201d<\/em><\/p>\n\n\n\n<p><\/p>\n\n\n\n<p>Acum, tot mai mul\u021bi oameni vin s\u0103 vad\u0103 cu ochii lor aceast\u0103 dovad\u0103 vie de devotament. Se spune c\u0103 Maxim va continua s\u0103 vegheze acolo, p\u00e2n\u0103 c\u00e2nd sufletul lui Ivan \u00eei va r\u0103spunde chem\u0103rii.<\/p>\n\n\n\n<p><\/p>\n\n\n\n<p><strong>Oare avem \u0219i noi, oamenii, aceea\u0219i capacitate de iubire necondi\u021bionat\u0103?<\/strong>&nbsp;Povestea lui Maxim r\u0103m\u00e2ne o lec\u021bie pe care ar trebui s\u0103 o purt\u0103m cu noi, \u00een fiecare zi.<\/p>\n","protected":false},"excerpt":{"rendered":"<p>O lec\u021bie de loialitate pe care niciun om nu ar trebui s\u0103 o uite vreodat\u0103\u2026 \u00centr-un mic sat din fosta Uniune Sovietic\u0103, acoperit de nori<\/p>\n","protected":false},"author":1,"featured_media":39810,"comment_status":"closed","ping_status":"closed","sticky":false,"template":"","format":"standard","meta":[],"categories":[1],"tags":[],"_links":{"self":[{"href":"https:\/\/calatorinromania.com\/index.php?rest_route=\/wp\/v2\/posts\/39924"}],"collection":[{"href":"https:\/\/calatorinromania.com\/index.php?rest_route=\/wp\/v2\/posts"}],"about":[{"href":"https:\/\/calatorinromania.com\/index.php?rest_route=\/wp\/v2\/types\/post"}],"author":[{"embeddable":true,"href":"https:\/\/calatorinromania.com\/index.php?rest_route=\/wp\/v2\/users\/1"}],"replies":[{"embeddable":true,"href":"https:\/\/calatorinromania.com\/index.php?rest_route=%2Fwp%2Fv2%2Fcomments&post=39924"}],"version-history":[{"count":1,"href":"https:\/\/calatorinromania.com\/index.php?rest_route=\/wp\/v2\/posts\/39924\/revisions"}],"predecessor-version":[{"id":39925,"href":"https:\/\/calatorinromania.com\/index.php?rest_route=\/wp\/v2\/posts\/39924\/revisions\/39925"}],"wp:featuredmedia":[{"embeddable":true,"href":"https:\/\/calatorinromania.com\/index.php?rest_route=\/wp\/v2\/media\/39810"}],"wp:attachment":[{"href":"https:\/\/calatorinromania.com\/index.php?rest_route=%2Fwp%2Fv2%2Fmedia&parent=39924"}],"wp:term":[{"taxonomy":"category","embeddable":true,"href":"https:\/\/calatorinromania.com\/index.php?rest_route=%2Fwp%2Fv2%2Fcategories&post=39924"},{"taxonomy":"post_tag","embeddable":true,"href":"https:\/\/calatorinromania.com\/index.php?rest_route=%2Fwp%2Fv2%2Ftags&post=39924"}],"curies":[{"name":"wp","href":"https:\/\/api.w.org\/{rel}","templated":true}]}}