{"id":39920,"date":"2025-06-07T19:55:31","date_gmt":"2025-06-07T19:55:31","guid":{"rendered":"https:\/\/calatorinromania.com\/?p=39920"},"modified":"2025-06-07T19:55:31","modified_gmt":"2025-06-07T19:55:31","slug":"capitanul-unui-avion-a-observat-un-barbat-care-semana-izbitor-cu-el-cateva-minute-mai-tarziu-s-a-aflat-ceva-ingrozitor","status":"publish","type":"post","link":"https:\/\/calatorinromania.com\/?p=39920","title":{"rendered":"C\u0103pitanul unui avion a observat un b\u0103rbat care sem\u0103na izbitor cu el: c\u00e2teva minute mai t\u00e2rziu s-a aflat ceva \u00eengrozitor"},"content":{"rendered":"\n<p><strong>C\u0103pitanul avionului a observat un b\u0103rbat care sem\u0103na izbitor cu el: c\u00e2teva minute mai t\u00e2rziu s-a aflat ceva \u00eengrozitor\u00a0<\/strong><\/p>\n\n\n\n<p><\/p>\n\n\n\n<p>C\u00e2nd cursa 417 a aterizat \u00een aeroportul de destina\u021bie, c\u0103pitanul Alexandru Morozov, un pilot experimentat cu dou\u0103zeci de ani de carier\u0103, a oprit motoarele \u0219i a predat controlul echipelor de la sol. Totul decurgea normal, p\u00e2n\u0103 c\u00e2nd privirea i s-a oprit \u00eent\u00e2mpl\u0103tor asupra unuia dintre pasagerii care treceau pe l\u00e2ng\u0103 hublou.<\/p>\n\n\n\n<p><\/p>\n\n\n\n<p>B\u0103rbatul mergea cu bagajul de m\u00e2n\u0103, f\u0103r\u0103 nicio b\u0103nuial\u0103, dar c\u0103pitanul a \u00eencremenit. Era copia lui fidel\u0103 \u2014 p\u00e2n\u0103 la cele mai mici detalii. Aceea\u0219i linie a maxilarului, aceea\u0219i culoare a ochilor, acela\u0219i nas. Privea c\u0103tre o reflexie vie a propriei persoane, doar c\u0103 \u00een haine civile.<\/p>\n\n\n\n<p><\/p>\n\n\n\n<p>Alexandru a chemat \u0219efa echipajului de bord \u0219i, ar\u0103t\u00e2nd spre pasager, i-a \u0219optit:<\/p>\n\n\n\n<p><\/p>\n\n\n\n<p>\u2014 Roag\u0103-l s\u0103 mai r\u0103m\u00e2n\u0103 pu\u021bin. Spune-i c\u0103 am o \u00eentrebare pentru el. Dar cu grij\u0103.<\/p>\n\n\n\n<p>\u00censo\u021bitoarea, nedumerit\u0103, l-a ajuns din urm\u0103 pe b\u0103rbat la ie\u0219ire \u0219i i-a spus:<\/p>\n\n\n\n<p>\u2014 Scuza\u021bi-m\u0103, domnule, c\u0103pitanul a rugat s\u0103 mai r\u0103m\u00e2ne\u021bi pu\u021bin. Este legat de o verificare a documentelor.<\/p>\n\n\n\n<p>\u2014 Desigur, \u2014 a spus b\u0103rbatul uimit, ridic\u00e2nd din umeri.<\/p>\n\n\n\n<p>C\u0103pitanul a ie\u0219it \u00een salon. Fa\u021ba i s-a albit c\u00e2nd \u0219i-a v\u0103zut dublura. Voia s\u0103 spun\u0103 ceva, dar necunoscutul a vorbit primul.<\/p>\n\n\n\n<p>\u2014 Ce se \u00eent\u00e2mpl\u0103 aici?\u2026 \u2014 a \u00eentrebat b\u0103rbatul.<\/p>\n\n\n\n<p>\u2014 Asta voiam eu s\u0103 \u00eentreb, \u2014 i-a r\u0103spuns Alexandru.<\/p>\n\n\n\n<p>B\u0103rbatul s-a prezentat:<\/p>\n\n\n\n<p>\u2014 M\u0103 numesc Ilie Socolov. Sunt istoric, lector, c\u0103l\u0103toresc des la conferin\u021be. Noi doi\u2026 suntem ca dou\u0103 pic\u0103turi de ap\u0103.<\/p>\n\n\n\n<p>A urmat o clip\u0103 de t\u0103cere. Apoi Alexandru i-a propus:<\/p>\n\n\n\n<p>\u2014 Hai \u00een camera de protocol, s\u0103 vorbim. E ceva foarte ciudat.<\/p>\n\n\n\n<p>\u00cen sala destinat\u0103 personalului, \u0219i-au comparat actele. Nume diferite, date de na\u0219tere diferite, dar\u2026 la rubrica \u201elocul na\u0219terii\u201d ap\u0103rea acela\u0219i or\u0103\u0219el \u2014 Viazemsk, regiunea Habarovsk.<\/p>\n\n\n\n<p>\u2014 Eu am crescut la orfelinat, \u2014 a m\u0103rturisit Ilie. \u2014 Nu mi-am cunoscut p\u0103rin\u021bii. Am g\u0103sit ni\u0219te documente vechi, dar erau greu de citit.<\/p>\n\n\n\n<p>Alexandru a sim\u021bit un fior rece pe \u0219ira spin\u0103rii.<\/p>\n\n\n\n<p>\u2014 \u0218i eu\u2026 din acela\u0219i orfelinat.<\/p>\n\n\n\n<p>\u2014 Crezi c\u0103 suntem\u2026 gemeni? \u2014 a \u00eentrebat Ilie.<\/p>\n\n\n\n<p>Alexandru a dat din cap:<\/p>\n\n\n\n<p>\u2014 Posibil. Ne-ar fi putut separa la na\u0219tere. A\u0219a se \u00eent\u00e2mpla. Mai ales \u00een anii \u201980. Orfelinatele erau pline, arhivele incomplete. Poate cineva din personal a decis s\u0103 ne separe, pentru a ne da mai u\u0219or \u00een adop\u021bie.<\/p>\n\n\n\n<p>\u2014 Sau\u2026 \u2014 Ilie s-a oprit pentru o clip\u0103, \u2014 poate n-a fost \u00eent\u00e2mpl\u0103tor.<\/p>\n\n\n\n<p>\u2014 Ce vrei s\u0103 spui?<\/p>\n\n\n\n<p>\u2014 Studiul meu e despre experimentele secrete din URSS. Unele documente indic\u0103 faptul c\u0103 la sf\u00e2r\u0219itul anilor \u201970 \u2013 \u00eenceputul anilor \u201980, \u00een regiunea Habarovsk aveau loc cercet\u0103ri genetice. Gemenii erau folosi\u021bi pentru a testa teoria \u201esincroniz\u0103rii psihologice\u201d. Uneori erau trimi\u0219i \u00een familii diferite, pentru a le urm\u0103ri dezvoltarea.<\/p>\n\n\n\n<p>\u2014 Crezi c\u0103 facem parte dintr-un astfel de experiment?<\/p>\n\n\n\n<p>\u2014 Ar trebui s\u0103 facem un test ADN?<\/p>\n\n\n\n<p>C\u00e2teva s\u0103pt\u0103m\u00e2ni mai t\u00e2rziu, rezultatele testului ADN au confirmat: erau fra\u021bi gemeni. Unul devenise c\u0103pitan de avion, cel\u0103lalt \u2014 istoric. Soarta i-a dus \u00een col\u021buri diferite ale lumii, dar i-a adus \u00eempreun\u0103, sus \u2014 \u00een aer \u2014 \u00een acel avion.<\/p>\n\n\n\n<p>Au decis s\u0103 plece \u00eempreun\u0103 la Viazemsk, pentru a \u00eencerca s\u0103 g\u0103seasc\u0103 urme ale familiei lor\u2026 \u0219i, poate, adev\u0103rul despre motivul pentru care drumurile lor au fost desp\u0103r\u021bite \u00eenc\u0103 de la \u00eenceput.<\/p>\n\n\n\n<p><strong>Dac\u0103 \u021bi-a pl\u0103cut povestea, nu uita s\u0103 o distribui cu prietenii t\u0103i! \u00cempreun\u0103 putem duce mai departe emo\u021bia \u0219i inspira\u021bia.<\/strong><\/p>\n","protected":false},"excerpt":{"rendered":"<p>C\u0103pitanul avionului a observat un b\u0103rbat care sem\u0103na izbitor cu el: c\u00e2teva minute mai t\u00e2rziu s-a aflat ceva \u00eengrozitor\u00a0 C\u00e2nd cursa 417 a aterizat \u00een<\/p>\n","protected":false},"author":1,"featured_media":39810,"comment_status":"closed","ping_status":"closed","sticky":false,"template":"","format":"standard","meta":[],"categories":[1],"tags":[],"_links":{"self":[{"href":"https:\/\/calatorinromania.com\/index.php?rest_route=\/wp\/v2\/posts\/39920"}],"collection":[{"href":"https:\/\/calatorinromania.com\/index.php?rest_route=\/wp\/v2\/posts"}],"about":[{"href":"https:\/\/calatorinromania.com\/index.php?rest_route=\/wp\/v2\/types\/post"}],"author":[{"embeddable":true,"href":"https:\/\/calatorinromania.com\/index.php?rest_route=\/wp\/v2\/users\/1"}],"replies":[{"embeddable":true,"href":"https:\/\/calatorinromania.com\/index.php?rest_route=%2Fwp%2Fv2%2Fcomments&post=39920"}],"version-history":[{"count":1,"href":"https:\/\/calatorinromania.com\/index.php?rest_route=\/wp\/v2\/posts\/39920\/revisions"}],"predecessor-version":[{"id":39921,"href":"https:\/\/calatorinromania.com\/index.php?rest_route=\/wp\/v2\/posts\/39920\/revisions\/39921"}],"wp:featuredmedia":[{"embeddable":true,"href":"https:\/\/calatorinromania.com\/index.php?rest_route=\/wp\/v2\/media\/39810"}],"wp:attachment":[{"href":"https:\/\/calatorinromania.com\/index.php?rest_route=%2Fwp%2Fv2%2Fmedia&parent=39920"}],"wp:term":[{"taxonomy":"category","embeddable":true,"href":"https:\/\/calatorinromania.com\/index.php?rest_route=%2Fwp%2Fv2%2Fcategories&post=39920"},{"taxonomy":"post_tag","embeddable":true,"href":"https:\/\/calatorinromania.com\/index.php?rest_route=%2Fwp%2Fv2%2Ftags&post=39920"}],"curies":[{"name":"wp","href":"https:\/\/api.w.org\/{rel}","templated":true}]}}