{"id":39916,"date":"2025-06-07T19:51:26","date_gmt":"2025-06-07T19:51:26","guid":{"rendered":"https:\/\/calatorinromania.com\/?p=39916"},"modified":"2025-06-07T19:51:27","modified_gmt":"2025-06-07T19:51:27","slug":"o-femeie-in-varsta-din-autobuz-a-inceput-sa-fie-obraznica-cu-o-tanara-si-a-insultat-parintii-acesteia-dar-atunci-fata-a-facut-ceva-neasteptat","status":"publish","type":"post","link":"https:\/\/calatorinromania.com\/?p=39916","title":{"rendered":"O femeie \u00een v\u00e2rst\u0103 din autobuz a \u00eenceput s\u0103 fie obraznic\u0103 cu o t\u00e2n\u0103r\u0103 \u0219i a insultat p\u0103rin\u021bii acesteia, dar atunci fata a f\u0103cut ceva nea\u0219teptat"},"content":{"rendered":"\n<p>O femeie \u00een v\u00e2rst\u0103 din autobuz a \u00eenceput s\u0103 fie obraznic\u0103 cu o t\u00e2n\u0103r\u0103 \u0219i i-a insultat p\u0103rin\u021bii, dar atunci fata a f\u0103cut ceva nea\u0219teptat\u00a0\u00a0<\/p>\n\n\n\n<p>Mergeam acas\u0103 cu autobuzul \u2014 ca de obicei, dup\u0103 munc\u0103, epuizat\u0103. Era sear\u0103, oamenii \u2014 la fel de obosi\u021bi, cu fe\u021bele \u00een semi\u00eentuneric, cufunda\u021bi \u00een telefoane.<\/p>\n\n\n\n<p>La una dintre sta\u021bii a urcat o femeie \u2014 cam de 60 de ani, \u00eengrijit\u0103, modern \u00eembr\u0103cat\u0103, cu p\u0103rul prins str\u00e2ns \u00eentr-o coad\u0103 \u0219i o geant\u0103 elegant\u0103. Locuri libere, desigur, nu mai erau. A oftat zgomotos, s-a frecat la spate \u0219i a privit insistent spre cei a\u0219eza\u021bi. Nimeni nu s-a clintit.<\/p>\n\n\n\n<p>\u00cen spatele autobuzului dormea o fat\u0103 \u2014 t\u00e2n\u0103r\u0103, ciufulit\u0103, cu un rucsac mare \u0219i telefonul \u00een m\u00e2n\u0103. Dormea profund: cu gura \u00eentredeschis\u0103, capul dat pe spate.<\/p>\n\n\n\n<p>Femeia s-a apropiat \u0219i a morm\u0103it ceva printre din\u021bi. Fata nu a reac\u021bionat. Atunci a tras-o de p\u0103r \u0219i a \u00eenceput s\u0103 o certe.<\/p>\n\n\n\n<p>\u2014 Nu te-au \u00eenv\u0103\u021bat s\u0103 respec\u021bi b\u0103tr\u00e2nii?! \u2014 a strigat c\u00e2t a putut de tare.<\/p>\n\n\n\n<p>Fata s-a speriat, s-a trezit \u0219i s-a uitat z\u0103p\u0103cit\u0103 \u00een jur.<\/p>\n\n\n\n<p>\u2014 Eu\u2026 dormeam. Putea\u021bi pur \u0219i simplu s\u0103-mi cere\u021bi, \u2014 a spus ea calm \u0219i \u00eencet.<\/p>\n\n\n\n<p>Lini\u0219te. Tot autobuzul a \u00eencremenit. Femeia, se pare, a luat calmul fetei drept sl\u0103biciune.<\/p>\n\n\n\n<p>\u2014 Uite ce obraznic\u0103 ai crescut! Nesim\u021bit\u0103 nerecunosc\u0103toare! \u2014 a \u00eenceput s\u0103 strige din ce \u00een ce mai tare.<\/p>\n\n\n\n<p>Atmosfera devenea st\u00e2njenitoare. Fata st\u0103tea nemi\u0219cat\u0103, parc\u0103 lipit\u0103 de scaun, dar nu-\u0219i ab\u0103tea privirea.<\/p>\n\n\n\n<p>\u2014 Nu avea\u021bi dreptul s\u0103 m\u0103 atinge\u021bi, \u2014 a spus ea cu voce stins\u0103. \u2014 M-a\u0219 fi ridicat dac\u0103 a\u021bi fi vorbit frumos. Dar a\u021bi \u00eenceput cu \u021bipete \u0219i jigniri.<\/p>\n\n\n\n<p>Femeia s-a aprins din nou \u0219i, dintr-o dat\u0103, a \u00eenceput s\u0103 vorbeasc\u0103 despre p\u0103rin\u021bii fetei: c\u0103 astfel de oameni trebuie reeduca\u021bi, c\u0103 e crescut\u0103 f\u0103r\u0103 tat\u0103, c\u0103 e needucat\u0103\u2026<\/p>\n\n\n\n<p>\u0218i atunci fata a f\u0103cut ceva care a redus femeia la t\u0103cere, iar to\u021bi pasagerii au r\u0103mas \u0219oca\u021bi\u00a0<\/p>\n\n\n\n<p>Fata a scos brusc o sticl\u0103 cu ap\u0103 \u0219i a v\u0103rsat-o peste femeie \u2014 cu calm, f\u0103r\u0103 isterie, dar hot\u0103r\u00e2t.<\/p>\n\n\n\n<p>\u2014 Nu v\u0103 lua\u021bi de p\u0103rin\u021bii mei, \u2014 a spus ea re\u021binut, dar cu at\u00e2ta siguran\u021b\u0103, \u00eenc\u00e2t \u00een autobuz s-a l\u0103sat o lini\u0219te de ghea\u021b\u0103.<\/p>\n\n\n\n<p>Femeia a r\u0103mas f\u0103r\u0103 cuvinte. Cineva a chicotit, altcineva a oftat surprins.<\/p>\n\n\n\n<p>\u2014 Poate c\u0103 ajunge? \u2014 s-a auzit o voce de b\u0103rbat din spate.<\/p>\n\n\n\n<p>Au urmat \u0219i alte voci:<\/p>\n\n\n\n<p>\u2014 Doar dormea\u2026<\/p>\n\n\n\n<p>\u2014 \u0218i ce leg\u0103tur\u0103 aveau p\u0103rin\u021bii?<\/p>\n\n\n\n<p>Femeia s-a pr\u0103bu\u0219it pe un loc. Fa\u021ba ud\u0103, machiajul \u00eentins. Dar nici fata nu p\u0103rea s\u0103 se bucure \u2014 doar s-a ridicat, \u0219i-a aranjat rucsacul.<\/p>\n\n\n\n<p>\u2014 Chiar a\u0219 fi cedat locul. Doar c\u0103 nimeni nu a cerut omene\u0219te, \u2014 a spus ea \u0219i a cobor\u00e2t la urm\u0103toarea sta\u021bie.<\/p>\n\n\n\n<p>\u00cen autobuz plutea o t\u0103cere ap\u0103s\u0103toare. Nimeni nu \u0219tia de partea cui s\u0103 fie. To\u021bi doar \u00ee\u0219i puneau \u00een g\u00e2nd \u00eentrebarea: \u201eEu ce a\u0219 fi f\u0103cut?\u201d<\/p>\n\n\n\n<p>Femeia \u00ee\u0219i \u0219tergea fa\u021ba cu un \u0219erve\u021bel. Poate c\u0103 \u00eei era \u00eentr-adev\u0103r greu, poate avea mult\u0103 durere \u00een via\u021b\u0103\u2026 Sau poate era doar obosit\u0103 s\u0103 nu fie b\u0103gat\u0103 \u00een seam\u0103.<\/p>\n\n\n\n<p>\u0218oferul s-a \u00eentors peste um\u0103r:<\/p>\n\n\n\n<p>\u2014 \u00cenc\u0103 o scen\u0103 \u0219i v\u0103 dau pe to\u021bi jos. M-am s\u0103turat de via\u021ba asta mai tare dec\u00e2t voi to\u021bi la un loc.<\/p>\n\n\n\n<p><strong>Dac\u0103 \u021bi-a pl\u0103cut povestea, nu uita s\u0103 o distribui cu prietenii t\u0103i! \u00cempreun\u0103 putem duce mai departe emo\u021bia \u0219i inspira\u021bia.<\/strong><\/p>\n","protected":false},"excerpt":{"rendered":"<p>O femeie \u00een v\u00e2rst\u0103 din autobuz a \u00eenceput s\u0103 fie obraznic\u0103 cu o t\u00e2n\u0103r\u0103 \u0219i i-a insultat p\u0103rin\u021bii, dar atunci fata a f\u0103cut ceva nea\u0219teptat\u00a0\u00a0<\/p>\n","protected":false},"author":1,"featured_media":39810,"comment_status":"closed","ping_status":"closed","sticky":false,"template":"","format":"standard","meta":[],"categories":[1],"tags":[],"_links":{"self":[{"href":"https:\/\/calatorinromania.com\/index.php?rest_route=\/wp\/v2\/posts\/39916"}],"collection":[{"href":"https:\/\/calatorinromania.com\/index.php?rest_route=\/wp\/v2\/posts"}],"about":[{"href":"https:\/\/calatorinromania.com\/index.php?rest_route=\/wp\/v2\/types\/post"}],"author":[{"embeddable":true,"href":"https:\/\/calatorinromania.com\/index.php?rest_route=\/wp\/v2\/users\/1"}],"replies":[{"embeddable":true,"href":"https:\/\/calatorinromania.com\/index.php?rest_route=%2Fwp%2Fv2%2Fcomments&post=39916"}],"version-history":[{"count":1,"href":"https:\/\/calatorinromania.com\/index.php?rest_route=\/wp\/v2\/posts\/39916\/revisions"}],"predecessor-version":[{"id":39917,"href":"https:\/\/calatorinromania.com\/index.php?rest_route=\/wp\/v2\/posts\/39916\/revisions\/39917"}],"wp:featuredmedia":[{"embeddable":true,"href":"https:\/\/calatorinromania.com\/index.php?rest_route=\/wp\/v2\/media\/39810"}],"wp:attachment":[{"href":"https:\/\/calatorinromania.com\/index.php?rest_route=%2Fwp%2Fv2%2Fmedia&parent=39916"}],"wp:term":[{"taxonomy":"category","embeddable":true,"href":"https:\/\/calatorinromania.com\/index.php?rest_route=%2Fwp%2Fv2%2Fcategories&post=39916"},{"taxonomy":"post_tag","embeddable":true,"href":"https:\/\/calatorinromania.com\/index.php?rest_route=%2Fwp%2Fv2%2Ftags&post=39916"}],"curies":[{"name":"wp","href":"https:\/\/api.w.org\/{rel}","templated":true}]}}