{"id":39900,"date":"2025-06-06T07:24:01","date_gmt":"2025-06-06T07:24:01","guid":{"rendered":"https:\/\/calatorinromania.com\/?p=39900"},"modified":"2025-06-06T07:24:02","modified_gmt":"2025-06-06T07:24:02","slug":"toti-o-judecau-pentru-cum-arata-pana-cand-au-aflat-ce-facea-cu-adevarat-in-fiecare-noapte-povestea-larisei-femeia-cu-trup-de-zeita-si-suflet-de-aur","status":"publish","type":"post","link":"https:\/\/calatorinromania.com\/?p=39900","title":{"rendered":"\u201eTo\u021bi o judecau pentru cum arat\u0103\u2026 p\u00e2n\u0103 c\u00e2nd au aflat ce f\u0103cea cu adev\u0103rat \u00een fiecare noapte.\u201dPovestea Larisei, femeia cu trup de zei\u021b\u0103 \u0219i suflet de aur"},"content":{"rendered":"\n<p>Pe str\u0103zile din ora\u0219, Larisa nu trece neobservat\u0103. Rochiile ei mulate, formele voluptuoase \u0219i mersul \u00eencrez\u0103tor \u00eentorc capete. B\u0103rba\u021bii \u0219uier\u0103. Femeile o analizeaz\u0103 din cap p\u00e2n\u0103 \u00een picioare.<\/p>\n\n\n\n<p><\/p>\n\n\n\n<p>\u201eCu s\u00e2nii \u0103ia \u0219i fundul \u0103la, sigur n-are un job normal\u2026\u201d<\/p>\n\n\n\n<p><\/p>\n\n\n\n<p>Dar nimeni n-a \u0219tiut ce se ascunde \u00een spatele aparen\u021belor. Pentru c\u0103 Larisa nu a sim\u021bit niciodat\u0103 nevoia s\u0103 se justifice.<\/p>\n\n\n\n<p><\/p>\n\n\n\n<p>Ziua lucreaz\u0103 \u00eentr-un salon de frumuse\u021be. Seara\u2026 dispare. Nu merge la petreceri, nu posteaz\u0103 story-uri din cluburi.<\/p>\n\n\n\n<p><\/p>\n\n\n\n<p>\u00cen fiecare noapte, merge la azilul unde mama ei, bolnav\u0103 de Alzheimer, o mai recunoa\u0219te uneori doar dup\u0103 voce.<\/p>\n\n\n\n<p><\/p>\n\n\n\n<p>\u201eFata mea e frumoas\u0103. Ca o regin\u0103\u201d, spune femeia \u00een \u0219oapt\u0103.<\/p>\n\n\n\n<p><\/p>\n\n\n\n<p>Larisa o spal\u0103, o hr\u0103ne\u0219te, \u00eei cite\u0219te pove\u0219ti \u0219i c\u00e2nt\u0103 melodiile preferate din tinere\u021be. \u00centr-o sear\u0103, i-a spus: \u201eMam\u0103, lumea m\u0103 judec\u0103 pentru cum ar\u0103t. Dar tu m-ai \u00eenv\u0103\u021bat c\u0103 ce ai \u00een inim\u0103 valoreaz\u0103 mai mult.\u201d<\/p>\n\n\n\n<p><\/p>\n\n\n\n<p>Nimeni n-ar fi b\u0103nuit c\u0103 femeia aceea, pe care to\u021bi o admirau (sau o invidiau), car\u0103 zilnic saci cu scutece, pl\u00e2nge pe holurile reci ale spitalului \u0219i doarme c\u00e2teva ore pe noapte.<\/p>\n\n\n\n<p><\/p>\n\n\n\n<p>Larisa nu vrea mil\u0103. Nici validare.<\/p>\n\n\n\n<p><\/p>\n\n\n\n<p>Vrea doar ca mama ei s\u0103 nu se simt\u0103 singur\u0103.<\/p>\n\n\n\n<p><\/p>\n\n\n\n<p>\u0218i poate, \u00eentr-o zi, s\u0103 fie v\u0103zut\u0103 nu doar pentru trupul ei\u2026 ci pentru puterea ei.<\/p>\n","protected":false},"excerpt":{"rendered":"<p>Pe str\u0103zile din ora\u0219, Larisa nu trece neobservat\u0103. Rochiile ei mulate, formele voluptuoase \u0219i mersul \u00eencrez\u0103tor \u00eentorc capete. B\u0103rba\u021bii \u0219uier\u0103. Femeile o analizeaz\u0103 din cap<\/p>\n","protected":false},"author":1,"featured_media":39781,"comment_status":"closed","ping_status":"closed","sticky":false,"template":"","format":"standard","meta":[],"categories":[1],"tags":[],"_links":{"self":[{"href":"https:\/\/calatorinromania.com\/index.php?rest_route=\/wp\/v2\/posts\/39900"}],"collection":[{"href":"https:\/\/calatorinromania.com\/index.php?rest_route=\/wp\/v2\/posts"}],"about":[{"href":"https:\/\/calatorinromania.com\/index.php?rest_route=\/wp\/v2\/types\/post"}],"author":[{"embeddable":true,"href":"https:\/\/calatorinromania.com\/index.php?rest_route=\/wp\/v2\/users\/1"}],"replies":[{"embeddable":true,"href":"https:\/\/calatorinromania.com\/index.php?rest_route=%2Fwp%2Fv2%2Fcomments&post=39900"}],"version-history":[{"count":1,"href":"https:\/\/calatorinromania.com\/index.php?rest_route=\/wp\/v2\/posts\/39900\/revisions"}],"predecessor-version":[{"id":39901,"href":"https:\/\/calatorinromania.com\/index.php?rest_route=\/wp\/v2\/posts\/39900\/revisions\/39901"}],"wp:featuredmedia":[{"embeddable":true,"href":"https:\/\/calatorinromania.com\/index.php?rest_route=\/wp\/v2\/media\/39781"}],"wp:attachment":[{"href":"https:\/\/calatorinromania.com\/index.php?rest_route=%2Fwp%2Fv2%2Fmedia&parent=39900"}],"wp:term":[{"taxonomy":"category","embeddable":true,"href":"https:\/\/calatorinromania.com\/index.php?rest_route=%2Fwp%2Fv2%2Fcategories&post=39900"},{"taxonomy":"post_tag","embeddable":true,"href":"https:\/\/calatorinromania.com\/index.php?rest_route=%2Fwp%2Fv2%2Ftags&post=39900"}],"curies":[{"name":"wp","href":"https:\/\/api.w.org\/{rel}","templated":true}]}}