{"id":39895,"date":"2025-06-06T07:03:49","date_gmt":"2025-06-06T07:03:49","guid":{"rendered":"https:\/\/calatorinromania.com\/?p=39895"},"modified":"2025-06-06T07:03:49","modified_gmt":"2025-06-06T07:03:49","slug":"stewardesa-l-a-rugat-pe-barbat-sa-iasa-din-cauza-constitutiei-sale-dar-el-a-oferit-o-explicatie-neasteptata","status":"publish","type":"post","link":"https:\/\/calatorinromania.com\/?p=39895","title":{"rendered":"Stewardesa l-a rugat pe b\u0103rbat s\u0103 ias\u0103 din cauza constitu\u021biei sale, dar el a oferit o explica\u021bie nea\u0219teptat\u0103"},"content":{"rendered":"\n<p>Cabina avionului se umplea rapid cu pasageri. Oamenii \u00ee\u0219i aranjau bagajele, \u00ee\u0219i c\u0103utau locurile, se salutau \u00eentre ei. Unul dintre pasageri \u2014 un b\u0103rbat \u00eembr\u0103cat \u00eentr-un tricou gri \u2014 a ocupat locul de l\u00e2ng\u0103 culoar. Era de statur\u0103 impun\u0103toare, a\u0219a c\u0103 locul de l\u00e2ng\u0103 el devenea incomod: vecinul de la mijloc se sim\u021bea \u00eenghesuit, iar culoarul era par\u021bial blocat.<\/p>\n\n\n\n<p><\/p>\n\n\n\n<p>Unii pasageri f\u0103ceau schimb de priviri, al\u021bii \u0219opteau ceva \u00eentre ei. Dup\u0103 c\u00e2teva minute, a venit o stewardes\u0103. Politicos, dar ferm, l-a rugat pe b\u0103rbat s\u0103 ias\u0103 pentru un moment din cabin\u0103, pentru a discuta o chestiune legat\u0103 de locuri. Atmosfera devenise tensionat\u0103.<\/p>\n\n\n\n<p><\/p>\n\n\n\n<p>Dar b\u0103rbatul a reac\u021bionat calm. S-a ridicat, s-a \u00eentors c\u0103tre pasageri \u0219i a spus:<\/p>\n\n\n\n<p><\/p>\n\n\n\n<p>\u2014 \u00cen\u021beleg c\u0103 pot cauza un oarecare disconfort. Tocmai de aceea am cump\u0103rat dou\u0103 locuri al\u0103turate, pentru a nu deranja pe nimeni. Se pare c\u0103 a avut loc o eroare \u2014 cel de-al doilea bilet al meu a fost atribuit altui pasager.<\/p>\n\n\n\n<p><\/p>\n\n\n\n<p>I-a ar\u0103tat stewardesei c\u0103r\u021bile de \u00eembarcare. Dup\u0103 ce le-a verificat, ea a z\u00e2mbit \u0219i i-a mul\u021bumit pentru \u00een\u021belegere. Dup\u0103 c\u00e2teva momente, locul de l\u00e2ng\u0103 el a fost eliberat, iar b\u0103rbatul s-a a\u0219ezat confortabil, f\u0103r\u0103 s\u0103 mai deranjeze pe nimeni.<\/p>\n\n\n\n<p><\/p>\n\n\n\n<p>\u00cen cabin\u0103 s-a l\u0103sat lini\u0219tea. Tensiunea a disp\u0103rut. C\u00e2\u021biva oameni au dat din cap \u00een semn de apreciere. Cineva i-a \u0219optit vecinului:<\/p>\n\n\n\n<p><\/p>\n\n\n\n<p>\u2014 Asta \u00eenseamn\u0103 respect.<\/p>\n\n\n\n<p>Uneori, tocmai grija \u0219i polite\u021bea sunt cele mai de pre\u021b calit\u0103\u021bi \u00een timpul unei c\u0103l\u0103torii.<\/p>\n","protected":false},"excerpt":{"rendered":"<p>Cabina avionului se umplea rapid cu pasageri. Oamenii \u00ee\u0219i aranjau bagajele, \u00ee\u0219i c\u0103utau locurile, se salutau \u00eentre ei. Unul dintre pasageri \u2014 un b\u0103rbat \u00eembr\u0103cat<\/p>\n","protected":false},"author":1,"featured_media":39810,"comment_status":"closed","ping_status":"closed","sticky":false,"template":"","format":"standard","meta":[],"categories":[1],"tags":[],"_links":{"self":[{"href":"https:\/\/calatorinromania.com\/index.php?rest_route=\/wp\/v2\/posts\/39895"}],"collection":[{"href":"https:\/\/calatorinromania.com\/index.php?rest_route=\/wp\/v2\/posts"}],"about":[{"href":"https:\/\/calatorinromania.com\/index.php?rest_route=\/wp\/v2\/types\/post"}],"author":[{"embeddable":true,"href":"https:\/\/calatorinromania.com\/index.php?rest_route=\/wp\/v2\/users\/1"}],"replies":[{"embeddable":true,"href":"https:\/\/calatorinromania.com\/index.php?rest_route=%2Fwp%2Fv2%2Fcomments&post=39895"}],"version-history":[{"count":1,"href":"https:\/\/calatorinromania.com\/index.php?rest_route=\/wp\/v2\/posts\/39895\/revisions"}],"predecessor-version":[{"id":39896,"href":"https:\/\/calatorinromania.com\/index.php?rest_route=\/wp\/v2\/posts\/39895\/revisions\/39896"}],"wp:featuredmedia":[{"embeddable":true,"href":"https:\/\/calatorinromania.com\/index.php?rest_route=\/wp\/v2\/media\/39810"}],"wp:attachment":[{"href":"https:\/\/calatorinromania.com\/index.php?rest_route=%2Fwp%2Fv2%2Fmedia&parent=39895"}],"wp:term":[{"taxonomy":"category","embeddable":true,"href":"https:\/\/calatorinromania.com\/index.php?rest_route=%2Fwp%2Fv2%2Fcategories&post=39895"},{"taxonomy":"post_tag","embeddable":true,"href":"https:\/\/calatorinromania.com\/index.php?rest_route=%2Fwp%2Fv2%2Ftags&post=39895"}],"curies":[{"name":"wp","href":"https:\/\/api.w.org\/{rel}","templated":true}]}}