{"id":39890,"date":"2025-06-06T06:37:12","date_gmt":"2025-06-06T06:37:12","guid":{"rendered":"https:\/\/calatorinromania.com\/?p=39890"},"modified":"2025-06-06T06:37:13","modified_gmt":"2025-06-06T06:37:13","slug":"donald-trump-lovitura-pentru-ue-anuntul-momentului","status":"publish","type":"post","link":"https:\/\/calatorinromania.com\/?p=39890","title":{"rendered":"Donald Trump, lovitur\u0103 pentru UE. Anun\u021bul momentului"},"content":{"rendered":"\n<h3>DISCLAIMER: Acest site este neutru din punct de vedere politic \u0219i nu sus\u021bine niciun partid sau ideologie politic\u0103.<\/h3>\n\n\n\n<p><\/p>\n\n\n\n<p><strong>Pre\u0219edintele american Donald Trump<\/strong>\u00a0a anun\u021bat vineri,\u00a0<strong>23 mai<\/strong>, c\u0103\u00a0<strong>Statele Unite<\/strong>\u00a0vor introduce un tarif vamal de\u00a0<strong>50%<\/strong>\u00a0asupra importurilor provenite din\u00a0<strong>Uniunea European\u0103<\/strong>\u00a0\u00eencep\u00e2nd cu data de\u00a0<strong>1 iunie 2025<\/strong>. El a justificat m\u0103sura prin stagnarea negocierilor comerciale cu Bruxelles-ul \u0219i prin ceea ce consider\u0103 a fi un tratament inechitabil aplicat companiilor americane.<\/p>\n\n\n\n<p><\/p>\n\n\n\n<h2>Pie\u021bele financiare europene au reac\u021bionat imediat la anun\u021b, \u00eenregistr\u00e2nd pierderi importante<\/h2>\n\n\n\n<p><\/p>\n\n\n\n<p>\u00centr-o postare publicat\u0103 vineri diminea\u021b\u0103 pe re\u021beaua sa,\u00a0<strong>Adev\u0103rul Social<\/strong>, Trump a afirmat:<\/p>\n\n\n\n<p><\/p>\n\n\n\n<blockquote class=\"wp-block-quote\">\n<p><em>\u201eBarierele lor comerciale puternice, impozitele pe TVA, penalit\u0103\u021bile corporative ridicole, barierele comerciale nemonetare, manipul\u0103rile monetare, procesele nedrepte \u0219i nejustificate \u00eempotriva companiilor americane \u0219i multe altele, au condus la un deficit comercial cu SUA de peste 250.000.000 de dolari pe an, o cifr\u0103 care este total inacceptabil\u0103\u201d.<\/em><\/p>\n<\/blockquote>\n\n\n\n<p>Pre\u0219edintele american a completat \u00eentr-un mesaj citat de&nbsp;<strong>CNN<\/strong>:<\/p>\n\n\n\n<blockquote class=\"wp-block-quote\">\n<p><em>\u201eDiscu\u021biile noastre cu ei nu duc nic\u0103ieri! Prin urmare, recomand un tarif direct de 50% asupra Uniunii Europene, \u00eencep\u00e2nd cu 1 iunie 2025\u201d.<\/em><\/p>\n<\/blockquote>\n\n\n\n<p><strong>Reuters<\/strong>&nbsp;a transmis c\u0103 liderul de la Washington a sugerat \u00een mod direct impunerea acestor taxe vamale, subliniind&nbsp;<strong>dificult\u0103\u021bile \u00eent\u00e2mpinate \u00een negocierile comerciale<\/strong>&nbsp;cu Uniunea European\u0103. \u00cen urma acestui anun\u021b, principalele&nbsp;<strong>burse europene<\/strong>&nbsp;au \u00eenceput s\u0103 scad\u0103 accentuat.<\/p>\n\n\n\n<p>La scurt timp,&nbsp;<strong>indicele DAX<\/strong>&nbsp;al bursei de la Frankfurt a pierdut&nbsp;<strong>2,6%<\/strong>, \u00een timp ce&nbsp;<strong>indicele CAC 40<\/strong>&nbsp;de la Paris a \u00eenregistrat o sc\u0103dere de&nbsp;<strong>2,8%<\/strong>. \u00cen Londra,&nbsp;<strong>indicele FTSE<\/strong>&nbsp;a sc\u0103zut cu&nbsp;<strong>1,3%<\/strong>.<\/p>\n\n\n\n<p>Conform&nbsp;<strong>AFP<\/strong>, citat de&nbsp;<strong>Agerpres<\/strong>, Trump a reiterat afirma\u021biile \u0219i pe platforma&nbsp;<strong>Truth Social<\/strong>:<\/p>\n\n\n\n<blockquote class=\"wp-block-quote\">\n<p><em>\u201eUniunea European\u0103, care a fost format\u0103 cu scopul principal de a profita de pe urma Statelor Unite \u00een comer\u0163, este foarte dificil s\u0103 se negocieze cu ea. Discu\u0163iile noastre cu ei nu duc nic\u0103ieri. \u00cen aceste condi\u0163ii, recomand impunerea unor taxe vamale de 50% \u00eempotriva UE, \u00eencep\u00e2nd cu 1 iunie\u201d.<\/em><\/p>\n<\/blockquote>\n\n\n\n<p>P\u00e2n\u0103 \u00een jurul orei&nbsp;<strong>12:00 GMT<\/strong>, bursele europene au continuat s\u0103 piard\u0103 teren:&nbsp;<strong>Parisul<\/strong>&nbsp;era \u00een sc\u0103dere cu&nbsp;<strong>2,43%<\/strong>,&nbsp;<strong>Frankfurtul<\/strong>&nbsp;pierdea&nbsp;<strong>2,03%<\/strong>, iar&nbsp;<strong>Milano<\/strong>&nbsp;raporta o sc\u0103dere de&nbsp;<strong>2,77%<\/strong>.&nbsp;<strong>Indicele pan-european Stoxx 600<\/strong>&nbsp;era cu&nbsp;<strong>2%<\/strong>&nbsp;mai jos, afectat \u00een special de sc\u0103derea ac\u021biunilor din sectorul auto \u0219i al institu\u021biilor bancare, care au pierdut&nbsp;<strong>peste 3%<\/strong>.<\/p>\n\n\n\n<p>La&nbsp;<strong>12:15 GMT<\/strong>, bursa din Paris a continuat s\u0103 scad\u0103,&nbsp;<strong>indicele CAC 40<\/strong>&nbsp;ajung\u00e2nd la un minus de&nbsp;<strong>3,06%<\/strong>. Cele mai afectate au fost&nbsp;<strong>companiile din industria produselor de lux<\/strong>&nbsp;\u0219i&nbsp;<strong>produc\u0103torii auto<\/strong>.<\/p>\n\n\n\n<p>Ac\u021biunile grupului&nbsp;<strong>Kering<\/strong>&nbsp;au pierdut&nbsp;<strong>3,90%<\/strong>,&nbsp;<strong>LVMH<\/strong>&nbsp;a \u00eenregistrat o sc\u0103dere de&nbsp;<strong>3,16%<\/strong>, iar titlurile&nbsp;<strong>Hermes<\/strong>&nbsp;au fost \u0219i ele \u00een cobor\u00e2re, toate acestea fiind&nbsp;<strong>companii care depind considerabil de pia\u021ba american\u0103<\/strong>.<\/p>\n\n\n\n<p>Pe l\u00e2ng\u0103 sectorul de lux,&nbsp;<strong>industria auto<\/strong>&nbsp;a fost puternic lovit\u0103.&nbsp;<strong>Ac\u021biunile gigantului Stellantis<\/strong>, care are o prezen\u021b\u0103 important\u0103 \u00een SUA, au c\u0103zut cu&nbsp;<strong>4,74%<\/strong>. Pierderile au fost evidente pe \u00eentreg sectorul, alimentate de incertitudinile generate de&nbsp;<strong>tariful propus de Trump<\/strong>.<\/p>\n\n\n\n<p><strong>\u0218ocul economic<\/strong>&nbsp;s-a resim\u021bit \u0219i pe&nbsp;<strong>pia\u021ba valutar\u0103<\/strong>.&nbsp;<strong>Euro<\/strong>&nbsp;a pierdut teren \u00een raport cu&nbsp;<strong>dolarul american<\/strong>, dup\u0103 ce, \u00een ziua anterioar\u0103, \u00eenregistrase un avans de&nbsp;<strong>0,8%<\/strong>. Vineri, dup\u0103 declara\u021biile lui Trump,&nbsp;<strong>moneda european\u0103<\/strong>&nbsp;mai era \u00een cre\u0219tere cu doar&nbsp;<strong>0,3%<\/strong>, fiind cotat\u0103 la&nbsp;<strong>1,1311 dolari<\/strong>.<\/p>\n\n\n\n<p>Ulterior, euro a \u00eenceput s\u0103 scad\u0103 \u0219i \u00een raport cu&nbsp;<strong>yenul japonez<\/strong>, ajung\u00e2nd la&nbsp;<strong>161,43 yeni<\/strong>, cu o sc\u0103dere de&nbsp;<strong>0,56%<\/strong>.<\/p>\n\n\n\n<p><strong>Yenul japonez<\/strong>, considerat&nbsp;<mark>o moned\u0103 de refugiu<\/mark>&nbsp;\u00een perioade de incertitudine, a fost principalul beneficiar al turbulen\u021belor.&nbsp;<strong>Dolarul american<\/strong>&nbsp;a pierdut&nbsp;<strong>0,9%<\/strong>&nbsp;fa\u021b\u0103 de yen, fiind cotat la&nbsp;<strong>142,77 yeni<\/strong>.<\/p>\n\n\n\n<p>Aceast\u0103 evolu\u021bie a \u00eent\u0103rit ideea c\u0103&nbsp;<strong>pie\u021bele interna\u021bionale<\/strong>&nbsp;privesc cu pruden\u021b\u0103&nbsp;<strong>mi\u0219c\u0103rile economice anun\u021bate<\/strong>&nbsp;de administra\u021bia american\u0103.<\/p>\n\n\n\n<p><strong>M\u0103sura de tarif<\/strong>&nbsp;anun\u021bat\u0103 de Trump este de&nbsp;<strong>peste dou\u0103 ori mai mare<\/strong>&nbsp;dec\u00e2t taxa \u201ereciproc\u0103\u201d de&nbsp;<strong>20%<\/strong>&nbsp;propus\u0103 anterior, dar care a fost suspendat\u0103 rapid pentru a permite&nbsp;<strong>continuarea negocierilor<\/strong>.<\/p>\n\n\n\n<p>De aceast\u0103 dat\u0103,&nbsp;<strong>pre\u0219edintele american<\/strong>&nbsp;a transmis clar c\u0103&nbsp;<strong>nu vede o solu\u021bie<\/strong>&nbsp;din partea UE \u0219i c\u0103&nbsp;<strong>tariful de 50%<\/strong>&nbsp;ar trebui aplicat de la&nbsp;<strong>1 iunie<\/strong>&nbsp;f\u0103r\u0103 \u00eent\u00e2rziere.<\/p>\n","protected":false},"excerpt":{"rendered":"<p>DISCLAIMER: Acest site este neutru din punct de vedere politic \u0219i nu sus\u021bine niciun partid sau ideologie politic\u0103. Pre\u0219edintele american Donald Trump\u00a0a anun\u021bat vineri,\u00a023 mai,<\/p>\n","protected":false},"author":1,"featured_media":39781,"comment_status":"closed","ping_status":"closed","sticky":false,"template":"","format":"standard","meta":[],"categories":[1],"tags":[],"_links":{"self":[{"href":"https:\/\/calatorinromania.com\/index.php?rest_route=\/wp\/v2\/posts\/39890"}],"collection":[{"href":"https:\/\/calatorinromania.com\/index.php?rest_route=\/wp\/v2\/posts"}],"about":[{"href":"https:\/\/calatorinromania.com\/index.php?rest_route=\/wp\/v2\/types\/post"}],"author":[{"embeddable":true,"href":"https:\/\/calatorinromania.com\/index.php?rest_route=\/wp\/v2\/users\/1"}],"replies":[{"embeddable":true,"href":"https:\/\/calatorinromania.com\/index.php?rest_route=%2Fwp%2Fv2%2Fcomments&post=39890"}],"version-history":[{"count":1,"href":"https:\/\/calatorinromania.com\/index.php?rest_route=\/wp\/v2\/posts\/39890\/revisions"}],"predecessor-version":[{"id":39891,"href":"https:\/\/calatorinromania.com\/index.php?rest_route=\/wp\/v2\/posts\/39890\/revisions\/39891"}],"wp:featuredmedia":[{"embeddable":true,"href":"https:\/\/calatorinromania.com\/index.php?rest_route=\/wp\/v2\/media\/39781"}],"wp:attachment":[{"href":"https:\/\/calatorinromania.com\/index.php?rest_route=%2Fwp%2Fv2%2Fmedia&parent=39890"}],"wp:term":[{"taxonomy":"category","embeddable":true,"href":"https:\/\/calatorinromania.com\/index.php?rest_route=%2Fwp%2Fv2%2Fcategories&post=39890"},{"taxonomy":"post_tag","embeddable":true,"href":"https:\/\/calatorinromania.com\/index.php?rest_route=%2Fwp%2Fv2%2Ftags&post=39890"}],"curies":[{"name":"wp","href":"https:\/\/api.w.org\/{rel}","templated":true}]}}