{"id":39883,"date":"2025-06-06T06:25:55","date_gmt":"2025-06-06T06:25:55","guid":{"rendered":"https:\/\/calatorinromania.com\/?p=39883"},"modified":"2025-06-06T06:25:55","modified_gmt":"2025-06-06T06:25:55","slug":"acum-15-ani-sotia-mea-a-disparut-in-timp-ce-plecase-sa-cumpere-scutece","status":"publish","type":"post","link":"https:\/\/calatorinromania.com\/?p=39883","title":{"rendered":"Acum 15 ani, so\u021bia mea a disp\u0103rut \u00een timp ce plecase s\u0103 cumpere scutece"},"content":{"rendered":"\n<p>Acum 15 ani, so\u021bia mea, Ana, i-a dat un s\u0103rut fiului nostru nou-n\u0103scut pe frunte, apoi a spus c\u0103 merge s\u0103 cumpere scutece. Nu s-a mai \u00eentors niciodat\u0103. \u00cens\u0103 s\u0103pt\u0103m\u00e2na trecut\u0103 am v\u0103zut-o \u00eentr-un supermarket. Ceea ce mi-a spus atunci mi-a schimbat via\u021ba pentru totdeauna.<\/p>\n\n\n\n<p><\/p>\n\n\n\n<p><strong>Ziua dispari\u021biei<\/strong><\/p>\n\n\n\n<p><br>La acea vreme, \u00eencercam s\u0103 ne obi\u0219nuim cu venirea pe lume a fiului nostru, David. Apartamentul era mic, facturile se adunau, dar eram ferici\u021bi. Cel pu\u021bin, a\u0219a credeam eu.<\/p>\n\n\n\n<p><\/p>\n\n\n\n<p>\u201eM\u0103 duc s\u0103 cump\u0103r scutece\u201d \u2013 a spus Ana \u00een timp ce \u00ee\u0219i lua haina. \u201eC\u00e2t timp lipsesc, \u00eencearc\u0103 s\u0103-l lini\u0219te\u0219ti pu\u021bin pe David.\u201d<\/p>\n\n\n\n<p><\/p>\n\n\n\n<p>\u201eTe \u00eentorci repede, da?\u201d \u2013 am \u00eentrebat, epuizat.<\/p>\n\n\n\n<p><\/p>\n\n\n\n<p>Ana a dat din cap z\u00e2mbind \u0219i s-a \u00eendreptat spre u\u0219\u0103. A fost ultima oar\u0103 c\u00e2nd am v\u0103zut-o.<\/p>\n\n\n\n<p><\/p>\n\n\n\n<p>C\u00e2nd a trecut o or\u0103 \u0219i nu se \u00eentorsese, am \u00eenceput s\u0103 m\u0103 \u00eengrijorez. Am \u00eencercat disperat s\u0103 o sun, dar telefonul era \u00eenchis. \u201ePoate a avut un accident\u201d \u2013 mi-am spus, lu\u00e2ndu-l pe David \u00een bra\u021be \u0219i plec\u00e2nd spre magazin.<\/p>\n\n\n\n<p><\/p>\n\n\n\n<p>Am colindat zona \u00eencerc\u00e2nd s-o g\u0103sesc pe Ana. Am verificat magazinul, parcarea, chiar \u0219i str\u0103zile din apropiere. Nimic. \u00cen cele din urm\u0103, am anun\u021bat poli\u021bia, care a \u00eenceput imediat o anchet\u0103.<\/p>\n\n\n\n<p><\/p>\n\n\n\n<p>\u201eSunte\u021bi sigur c\u0103 nu a vrut s\u0103 plece de bun\u0103voie?\u201d \u2013 m-a \u00eentrebat un detectiv, \u00een timp ce lua noti\u021be.<\/p>\n\n\n\n<p><\/p>\n\n\n\n<p>\u201eAna nu l-ar fi p\u0103r\u0103sit niciodat\u0103 pe David!\u201d \u2013 am spus ferm. \u201eE o ne\u00een\u021belegere. Poate a fost r\u0103pit\u0103 sau a avut un accident.\u201d<\/p>\n\n\n\n<p><\/p>\n\n\n\n<p>Poli\u021bia a periat zona, dar n-a g\u0103sit nicio urm\u0103. Nu folosise cardul bancar, iar telefonul ei era \u00een continuare \u00eenchis. Dup\u0103 c\u00e2teva luni, ancheta a fost oprit\u0103.<\/p>\n\n\n\n<p><\/p>\n\n\n\n<p>\u201ePoate ar trebui s\u0103 accepta\u021bi c\u0103 nu vrea s\u0103 se mai \u00eentoarc\u0103\u201d \u2013 mi-a spus un ofi\u021ber cu compasiune, dar acele cuvinte au fost ca un cu\u021bit \u00een inim\u0103.<\/p>\n\n\n\n<p><\/p>\n\n\n\n<p><strong>Anii singur\u0103t\u0103\u021bii<\/strong><\/p>\n\n\n\n<p><br>Primul an a fost un co\u0219mar. David pl\u00e2ngea noaptea, iar eu \u00eencercam s\u0103 am grij\u0103 de el singur, cu sufletul plin de \u00eentreb\u0103ri. \u201eUnde e\u0219ti, Ana?\u201d \u2013 \u0219opteam adesea \u00een timp ce-l leg\u0103nam.<\/p>\n\n\n\n<p><\/p>\n\n\n\n<p>Mama m-a ajutat enorm. \u201eZoli, trebuie s\u0103 fii puternic pentru David\u201d \u2013 \u00eemi spunea. Cu sprijinul ei, am \u00eenv\u0103\u021bat, treptat, cum s\u0103 m\u0103 descurc singur.<\/p>\n\n\n\n<p><\/p>\n\n\n\n<p>Pe m\u0103sur\u0103 ce David a crescut, via\u021ba mea s-a \u00eenv\u00e2rtit \u00een jurul lui. \u201eTati, \u00eemi spui o poveste disear\u0103?\u201d \u2013 m\u0103 \u00eentreba, iar eu eram mereu acolo. L-am dus la \u0219coal\u0103, am \u00eenv\u0103\u021bat cu el, am \u00eencercat s\u0103 fiu cel mai bun tat\u0103. Dar amintirea Anei nu m-a p\u0103r\u0103sit niciodat\u0103.<\/p>\n\n\n\n<p><strong>Revederea<\/strong><br>S\u0103pt\u0103m\u00e2na trecut\u0103, \u00een timpul unei cump\u0103r\u0103turi obi\u0219nuite, s-a \u00eent\u00e2mplat ceva ce nu a\u0219 fi crezut vreodat\u0103 posibil. La raionul de produse congelate din supermarket, am v\u0103zut o femeie. Inima mi s-a oprit o clip\u0103.<\/p>\n\n\n\n<p>\u201eNu se poate\u2026\u201d \u2013 am \u0219optit.<\/p>\n\n\n\n<p>M-am apropiat. Femeia \u021binea \u00een m\u00e2n\u0103 o pung\u0103 de maz\u0103re congelat\u0103. C\u00e2nd s-a \u00eentors, i-am v\u0103zut chipul. Era Ana. Mai \u00een v\u00e2rst\u0103, cu p\u0103rul mai scurt, dar f\u0103r\u0103 \u00eendoial\u0103 era ea.<\/p>\n\n\n\n<p>\u201eAna?\u201d \u2013 am rostit \u00eencet.<\/p>\n\n\n\n<p>S-a \u00eencordat. S-a \u00eentors lent spre mine, iar c\u00e2nd m-a privit, i-au dat lacrimile. \u201eZoltan?\u201d \u2013 a \u0219optit.<\/p>\n\n\n\n<p><strong>\u201eTrebuie s\u0103 m\u0103 ier\u021bi\u201d<\/strong><br>\u201eCe s-a \u00eent\u00e2mplat cu tine? Unde ai fost tot acest timp?\u201d \u2013 am \u00eentrebat, cople\u0219it de durerea celor 15 ani care izbucnise dintr-o dat\u0103.<\/p>\n\n\n\n<p>\u201eMai \u00eent\u00e2i trebuie s\u0103 m\u0103 ier\u021bi\u201d \u2013 a spus \u00een \u0219oapt\u0103.<\/p>\n\n\n\n<p>\u201eS\u0103 te iert?\u201d \u2013 am \u00eentrebat, \u0219ocat. \u201eNe-ai p\u0103r\u0103sit, Ana! \u0218tii ce i-ai f\u0103cut lui David? \u0218tii ce mi-ai f\u0103cut mie?\u201d<\/p>\n\n\n\n<p>\u201eZoltan, te rog, ascult\u0103-m\u0103\u201d \u2013 a spus printre lacrimi. \u201eNu mai puteam. Sim\u021beam c\u0103 m\u0103 sufoc. Mi-era fric\u0103 c\u0103 nu voi putea s\u0103-i ofer lui David via\u021ba pe care o merita.\u201d<\/p>\n\n\n\n<p>\u201eA\u0219a c\u0103 ne-ai abandonat? Ai l\u0103sat un nou-n\u0103scut cu tat\u0103l lui?\u201d \u2013 am strigat. Durerea \u0219i furia au ie\u0219it la suprafa\u021b\u0103.<\/p>\n\n\n\n<p><strong>Adev\u0103rul<\/strong><br>Ana mi-a spus c\u0103 mama ei a ajutat-o s\u0103 fug\u0103. S-a mutat \u00een Europa, \u0219i-a schimbat numele \u0219i \u0219i-a construit o carier\u0103 de succes. \u201eAcum am suficien\u021bi bani ca s\u0103-i ofer lui David tot ce are nevoie\u201d \u2013 a spus.<\/p>\n\n\n\n<p>\u201eCrezi c\u0103 banii rezolv\u0103 totul?\u201d \u2013 am replicat. \u201eDavid nici nu te cunoa\u0219te. Eu a trebuit s\u0103-i explic de ce nu are mam\u0103. Eu a trebuit s\u0103-l m\u00e2ng\u00e2i c\u00e2nd pl\u00e2ngea dup\u0103 tine.\u201d<\/p>\n\n\n\n<p>\u201eTe rog, las\u0103-m\u0103 s\u0103-l v\u0103d\u201d \u2013 m-a implorat. \u201eM\u0103car o dat\u0103. S\u0103-i spun c\u00e2t de r\u0103u \u00eemi pare.\u201d<\/p>\n\n\n\n<p><strong>Decizia mea<\/strong><br>\u201eNu, Ana\u201d \u2013 am spus ferm. \u201eDavid e fericit acum. Nu pot s\u0103-i dau peste cap via\u021ba doar pentru c\u0103 tu ai ap\u0103rut din nou. Au trecut 15 ani. E prea t\u00e2rziu.\u201d<\/p>\n\n\n\n<p>\u00cen timp ce m\u0103 \u00eentorceam, am auzit-o pl\u00e2ng\u00e2nd \u00een spatele meu. \u201eZoltan, te rog!\u201d<\/p>\n\n\n\n<p>Dar nu m-am uitat \u00eenapoi. Eu \u0219i David ne-am continuat via\u021ba. Nu puteam permite ca ea s\u0103 ne r\u0103neasc\u0103 din nou.<\/p>\n\n\n\n<p><strong>Tu ce ai fi f\u0103cut \u00een locul meu? Merita s\u0103 fac\u0103 din nou parte din via\u021ba noastr\u0103? Sau am f\u0103cut bine c\u0103 i-am \u00eenchis u\u0219a definitiv?<\/strong><\/p>\n\n\n\n<p><strong>Dac\u0103 \u021bi-a pl\u0103cut povestea, nu uita s\u0103 o distribui cu prietenii t\u0103i! \u00cempreun\u0103 putem duce mai departe emo\u021bia \u0219i inspira\u021bia.<\/strong><\/p>\n","protected":false},"excerpt":{"rendered":"<p>Acum 15 ani, so\u021bia mea, Ana, i-a dat un s\u0103rut fiului nostru nou-n\u0103scut pe frunte, apoi a spus c\u0103 merge s\u0103 cumpere scutece. Nu s-a<\/p>\n","protected":false},"author":1,"featured_media":39810,"comment_status":"closed","ping_status":"closed","sticky":false,"template":"","format":"standard","meta":[],"categories":[1],"tags":[],"_links":{"self":[{"href":"https:\/\/calatorinromania.com\/index.php?rest_route=\/wp\/v2\/posts\/39883"}],"collection":[{"href":"https:\/\/calatorinromania.com\/index.php?rest_route=\/wp\/v2\/posts"}],"about":[{"href":"https:\/\/calatorinromania.com\/index.php?rest_route=\/wp\/v2\/types\/post"}],"author":[{"embeddable":true,"href":"https:\/\/calatorinromania.com\/index.php?rest_route=\/wp\/v2\/users\/1"}],"replies":[{"embeddable":true,"href":"https:\/\/calatorinromania.com\/index.php?rest_route=%2Fwp%2Fv2%2Fcomments&post=39883"}],"version-history":[{"count":1,"href":"https:\/\/calatorinromania.com\/index.php?rest_route=\/wp\/v2\/posts\/39883\/revisions"}],"predecessor-version":[{"id":39884,"href":"https:\/\/calatorinromania.com\/index.php?rest_route=\/wp\/v2\/posts\/39883\/revisions\/39884"}],"wp:featuredmedia":[{"embeddable":true,"href":"https:\/\/calatorinromania.com\/index.php?rest_route=\/wp\/v2\/media\/39810"}],"wp:attachment":[{"href":"https:\/\/calatorinromania.com\/index.php?rest_route=%2Fwp%2Fv2%2Fmedia&parent=39883"}],"wp:term":[{"taxonomy":"category","embeddable":true,"href":"https:\/\/calatorinromania.com\/index.php?rest_route=%2Fwp%2Fv2%2Fcategories&post=39883"},{"taxonomy":"post_tag","embeddable":true,"href":"https:\/\/calatorinromania.com\/index.php?rest_route=%2Fwp%2Fv2%2Ftags&post=39883"}],"curies":[{"name":"wp","href":"https:\/\/api.w.org\/{rel}","templated":true}]}}