{"id":39880,"date":"2025-06-06T06:23:18","date_gmt":"2025-06-06T06:23:18","guid":{"rendered":"https:\/\/calatorinromania.com\/?p=39880"},"modified":"2025-06-06T06:23:18","modified_gmt":"2025-06-06T06:23:18","slug":"ieri-la-pranz-in-curtea-mea-am-observat-ceva-foarte-ciudat-miscandu-se-prin-iarba","status":"publish","type":"post","link":"https:\/\/calatorinromania.com\/?p=39880","title":{"rendered":"Ieri la pr\u00e2nz, \u00een curtea mea, am observat ceva foarte ciudat mi\u0219c\u00e2ndu-se prin iarb\u0103"},"content":{"rendered":"\n<p><strong>Ieri, la pr\u00e2nz, \u00een curtea mea, am observat ceva foarte ciudat mi\u0219c\u00e2ndu-se prin iarb\u0103.\u00a0<\/strong><\/p>\n\n\n\n<p><\/p>\n\n\n\n<p>La \u00eenceput, mi s-a p\u0103rut c\u0103 este o simpl\u0103 fr\u00e2nghie \u2013 lung\u0103, ondulat\u0103, de parc\u0103 cineva ar fi sc\u0103pat-o inten\u021bionat acolo. Dar \u00een clipa urm\u0103toare, un g\u00e2nd \u00eengrozitor m-a str\u0103b\u0103tut:\u00a0<em>\u201e\u0218i dac\u0103 este un \u0219arpe?!\u201d<\/em>\u00a0<\/p>\n\n\n\n<p><\/p>\n\n\n\n<p>Inima a \u00eenceput s\u0103-mi bat\u0103 cu putere. Am pus repede m\u00e2na pe telefon, am f\u0103cut o fotografie \u0219i, cu adrenalina \u00een vene, am decis s\u0103 m\u0103 apropii. Fiecare pas era tot mai greu \u2014 sentimentul c\u0103 ar putea fi ceva periculos m\u0103 paraliza.<\/p>\n\n\n\n<p><\/p>\n\n\n\n<p>Dar c\u00e2nd am ajuns suficient de aproape \u0219i am privit cu aten\u021bie\u2026 m-a cuprins o groaz\u0103 adev\u0103rat\u0103.\u00a0<\/p>\n\n\n\n<p><\/p>\n\n\n\n<p><strong>Nu era nici fr\u00e2nghie \u0219i nici \u0219arpe.<\/strong><\/p>\n\n\n\n<p><\/p>\n\n\n\n<p><strong>Era o coloan\u0103 vie format\u0103 din, dup\u0103 cum aveam s\u0103 num\u0103r mai t\u00e2rziu, aproximativ 150 de omizi!<\/strong>\u00a0\u00a0Ele se mi\u0219cau \u00een linie dreapt\u0103, lipite una de alta, de parc\u0103 ar fi urmat un lider invizibil.<\/p>\n\n\n\n<p><\/p>\n\n\n\n<p>Nu aveam idee c\u0103 a\u0219a ceva este posibil \u2014 \u0219i cu at\u00e2t mai pu\u021bin chiar \u00een propria mea curte!<\/p>\n\n\n\n<p><\/p>\n\n\n\n<p><strong>Unde mergeau? De ce erau at\u00e2t de multe?<\/strong>\u00a0\u00centreb\u0103rile acestea nu-mi dau pace nici acum. Unele teorii spun c\u0103 atunci c\u00e2nd omizile se deplaseaz\u0103 \u00een grup, pot speria pr\u0103d\u0103torii. Alte surse sugereaz\u0103 c\u0103 astfel \u00ee\u0219i g\u0103sesc mai u\u0219or hrana sau pur \u0219i simplu \u00ee\u0219i conserv\u0103 energia \u2014 cele din fa\u021b\u0103 \u201esparg\u201d drumul, iar cele din spate depun mai pu\u021bin efort.<\/p>\n\n\n\n<p><\/p>\n\n\n\n<p>Ai v\u0103zut vreodat\u0103 a\u0219a ceva? Ai vreo idee de unde veneau \u0219i \u00eencotro se duceau?\u00a0\u00a0Scrie-mi p\u0103rerea ta \u00een comentarii!<\/p>\n\n\n\n<p><\/p>\n\n\n\n<p><strong>Dac\u0103 \u021bi-a pl\u0103cut povestea, nu uita s\u0103 o distribui cu prietenii t\u0103i! \u00cempreun\u0103 putem duce mai departe emo\u021bia \u0219i inspira\u021bia.<\/strong><\/p>\n","protected":false},"excerpt":{"rendered":"<p>Ieri, la pr\u00e2nz, \u00een curtea mea, am observat ceva foarte ciudat mi\u0219c\u00e2ndu-se prin iarb\u0103.\u00a0 La \u00eenceput, mi s-a p\u0103rut c\u0103 este o simpl\u0103 fr\u00e2nghie \u2013<\/p>\n","protected":false},"author":1,"featured_media":39881,"comment_status":"closed","ping_status":"closed","sticky":false,"template":"","format":"standard","meta":[],"categories":[1],"tags":[],"_links":{"self":[{"href":"https:\/\/calatorinromania.com\/index.php?rest_route=\/wp\/v2\/posts\/39880"}],"collection":[{"href":"https:\/\/calatorinromania.com\/index.php?rest_route=\/wp\/v2\/posts"}],"about":[{"href":"https:\/\/calatorinromania.com\/index.php?rest_route=\/wp\/v2\/types\/post"}],"author":[{"embeddable":true,"href":"https:\/\/calatorinromania.com\/index.php?rest_route=\/wp\/v2\/users\/1"}],"replies":[{"embeddable":true,"href":"https:\/\/calatorinromania.com\/index.php?rest_route=%2Fwp%2Fv2%2Fcomments&post=39880"}],"version-history":[{"count":1,"href":"https:\/\/calatorinromania.com\/index.php?rest_route=\/wp\/v2\/posts\/39880\/revisions"}],"predecessor-version":[{"id":39882,"href":"https:\/\/calatorinromania.com\/index.php?rest_route=\/wp\/v2\/posts\/39880\/revisions\/39882"}],"wp:featuredmedia":[{"embeddable":true,"href":"https:\/\/calatorinromania.com\/index.php?rest_route=\/wp\/v2\/media\/39881"}],"wp:attachment":[{"href":"https:\/\/calatorinromania.com\/index.php?rest_route=%2Fwp%2Fv2%2Fmedia&parent=39880"}],"wp:term":[{"taxonomy":"category","embeddable":true,"href":"https:\/\/calatorinromania.com\/index.php?rest_route=%2Fwp%2Fv2%2Fcategories&post=39880"},{"taxonomy":"post_tag","embeddable":true,"href":"https:\/\/calatorinromania.com\/index.php?rest_route=%2Fwp%2Fv2%2Ftags&post=39880"}],"curies":[{"name":"wp","href":"https:\/\/api.w.org\/{rel}","templated":true}]}}