{"id":39857,"date":"2025-06-05T16:24:59","date_gmt":"2025-06-05T16:24:59","guid":{"rendered":"https:\/\/calatorinromania.com\/?p=39857"},"modified":"2025-06-05T16:25:00","modified_gmt":"2025-06-05T16:25:00","slug":"o-fata-saraca-a-fost-pusa-sa-cante-la-scoala-in-gluma-dar-vocea-ei-a-lasat-sala-fara-grai","status":"publish","type":"post","link":"https:\/\/calatorinromania.com\/?p=39857","title":{"rendered":"O FAT\u0102 S\u0102RAC\u0102 A FOST PUS\u0102 S\u0102 C\u00c2NTE LA \u0218COAL\u0102 \u00ceN GLUM\u0102\u2026 DAR VOCEA EI A L\u0102SAT SALA F\u0102R\u0102 GRAI!"},"content":{"rendered":"\n<p>\u0218i atunci\u2026 Sofia a \u00eenchis ochii.<\/p>\n\n\n\n<p><\/p>\n\n\n\n<p>Pentru o clip\u0103, t\u0103cerea era at\u00e2t de ap\u0103s\u0103toare, \u00eenc\u00e2t putea auzi cum \u00eei bate inima. Picioarele \u00eei tremurau, iar de pe scen\u0103 putea vedea \u00een sal\u0103 fe\u021bele colegilor care chicoteau \u00een banc\u0103, telefoanele ridicate \u00een a\u0219teptare, gata s\u0103 filmeze ru\u0219inea ei.<\/p>\n\n\n\n<p><\/p>\n\n\n\n<p>Dar nu s-a cl\u0103tinat. Nu a fugit.<\/p>\n\n\n\n<p><\/p>\n\n\n\n<p>A inspirat ad\u00e2nc \u0219i a \u00eenceput s\u0103 c\u00e2nte.<\/p>\n\n\n\n<p><\/p>\n\n\n\n<p>Prima not\u0103 a plutit \u00een aer ca o suflare cald\u0103 \u00eentr-o iarn\u0103 t\u0103cut\u0103. Clar\u0103. Curat\u0103. Fragil\u0103 \u0219i totodat\u0103 puternic\u0103. Era o melodie veche, o balad\u0103 pe care mama ei o fredona c\u00e2nd nu aveau nimic altceva dec\u00e2t vise.<\/p>\n\n\n\n<p><\/p>\n\n\n\n<p>Vocea Sofiei a crescut, val dup\u0103 val, vibr\u00e2nd prin aerul greu, umpl\u00e2nd sala de gimnastic\u0103 cu ceva ce nimeni nu se a\u0219tepta: magie.<\/p>\n\n\n\n<p><\/p>\n\n\n\n<p>Gurile au r\u0103mas c\u0103scate. Telefoanele au cobor\u00e2t \u00eencet, uitate.<\/p>\n\n\n\n<p><\/p>\n\n\n\n<p>Unii au l\u0103sat pixurile jos. Al\u021bii, capul pe m\u00e2ini. \u0218i mai mul\u021bi aveau ochii mari, privind-o parc\u0103 pentru prima dat\u0103. \u00cen r\u00e2ndul \u00eent\u00e2i, profesoara de englez\u0103 avea lacrimi \u00een col\u021bul ochilor.<\/p>\n\n\n\n<p><\/p>\n\n\n\n<p>\u0218i c\u00e2nd a atins nota final\u0103 \u2014 o not\u0103 sus\u021binut\u0103, tremur\u00e2nd\u0103, dar plin\u0103 de suflet \u2014 sala a r\u0103mas mut\u0103. Nici m\u0103car un oftat, nici m\u0103car o respira\u021bie gr\u0103bit\u0103. Timpul parc\u0103 s-a oprit cu ea.<\/p>\n\n\n\n<p><\/p>\n\n\n\n<p>Apoi, din fundul s\u0103lii, s-a auzit o singur\u0103 b\u0103taie din palme. Apoi alta. \u0218i alta.<\/p>\n\n\n\n<p><\/p>\n\n\n\n<p>P\u00e2n\u0103 c\u00e2nd \u00eentreaga sal\u0103 s-a ridicat \u00een picioare, aplaud\u00e2nd \u00een hohote, url\u00e2nd \u0219i fluier\u00e2nd \u2014 nu de batjocur\u0103, ci de admira\u021bie.<\/p>\n\n\n\n<p><\/p>\n\n\n\n<p>Sofia a r\u0103mas nemi\u0219cat\u0103. Ochii ei mari \u0219i c\u0103prui erau uimi\u021bi. P\u0103rea c\u0103 nu \u0219tie dac\u0103 s\u0103 pl\u00e2ng\u0103 sau s\u0103 z\u00e2mbeasc\u0103. A f\u0103cut o plec\u0103ciune timid\u0103 \u0219i a cobor\u00e2t de pe scen\u0103, \u00een timp ce colegii o priveau acum altfel \u2014 nu ca pe fata t\u0103cut\u0103 cu rucsac ponosit, ci ca pe o artist\u0103.<\/p>\n\n\n\n<p><\/p>\n\n\n\n<p>\u00cen acea zi, nimeni nu a mai glumit pe seama ei.<\/p>\n\n\n\n<p><\/p>\n\n\n\n<p>\u00cen acea zi, fata invizibil\u0103 a devenit vocea pe care to\u021bi o auzeau.<\/p>\n\n\n\n<p><\/p>\n\n\n\n<p>\u0218i chiar dac\u0103 seara a venit, \u0219i luminile s-au stins, melodia Sofiei a r\u0103mas \u2014 \u00een inimile celor care au ascultat-o \u0219i, cel mai important, \u00een a ei.<\/p>\n\n\n\n<p><\/p>\n\n\n\n<p>Pentru c\u0103 \u00een acea zi, Sofia nu a c\u00e2\u0219tigat doar aplauze.<\/p>\n\n\n\n<p><\/p>\n\n\n\n<p>A c\u00e2\u0219tigat curaj.<\/p>\n\n\n\n<p><\/p>\n\n\n\n<p><strong>Dac\u0103 \u021bi-a pl\u0103cut povestea, nu uita s\u0103 o distribui cu prietenii t\u0103i! \u00cempreun\u0103 putem duce mai departe emo\u021bia \u0219i inspira\u021bia.<\/strong><\/p>\n\n\n\n<h2><\/h2>\n","protected":false},"excerpt":{"rendered":"<p>\u0218i atunci\u2026 Sofia a \u00eenchis ochii. Pentru o clip\u0103, t\u0103cerea era at\u00e2t de ap\u0103s\u0103toare, \u00eenc\u00e2t putea auzi cum \u00eei bate inima. Picioarele \u00eei tremurau, iar<\/p>\n","protected":false},"author":1,"featured_media":39810,"comment_status":"closed","ping_status":"closed","sticky":false,"template":"","format":"standard","meta":[],"categories":[1],"tags":[],"_links":{"self":[{"href":"https:\/\/calatorinromania.com\/index.php?rest_route=\/wp\/v2\/posts\/39857"}],"collection":[{"href":"https:\/\/calatorinromania.com\/index.php?rest_route=\/wp\/v2\/posts"}],"about":[{"href":"https:\/\/calatorinromania.com\/index.php?rest_route=\/wp\/v2\/types\/post"}],"author":[{"embeddable":true,"href":"https:\/\/calatorinromania.com\/index.php?rest_route=\/wp\/v2\/users\/1"}],"replies":[{"embeddable":true,"href":"https:\/\/calatorinromania.com\/index.php?rest_route=%2Fwp%2Fv2%2Fcomments&post=39857"}],"version-history":[{"count":1,"href":"https:\/\/calatorinromania.com\/index.php?rest_route=\/wp\/v2\/posts\/39857\/revisions"}],"predecessor-version":[{"id":39858,"href":"https:\/\/calatorinromania.com\/index.php?rest_route=\/wp\/v2\/posts\/39857\/revisions\/39858"}],"wp:featuredmedia":[{"embeddable":true,"href":"https:\/\/calatorinromania.com\/index.php?rest_route=\/wp\/v2\/media\/39810"}],"wp:attachment":[{"href":"https:\/\/calatorinromania.com\/index.php?rest_route=%2Fwp%2Fv2%2Fmedia&parent=39857"}],"wp:term":[{"taxonomy":"category","embeddable":true,"href":"https:\/\/calatorinromania.com\/index.php?rest_route=%2Fwp%2Fv2%2Fcategories&post=39857"},{"taxonomy":"post_tag","embeddable":true,"href":"https:\/\/calatorinromania.com\/index.php?rest_route=%2Fwp%2Fv2%2Ftags&post=39857"}],"curies":[{"name":"wp","href":"https:\/\/api.w.org\/{rel}","templated":true}]}}