{"id":39844,"date":"2025-06-05T09:04:28","date_gmt":"2025-06-05T09:04:28","guid":{"rendered":"https:\/\/calatorinromania.com\/?p=39844"},"modified":"2025-06-05T09:04:28","modified_gmt":"2025-06-05T09:04:28","slug":"%f0%9f%a5%92-salata-de-dovlecei-gustoasa-sanatoasa-si-preferata-familiei-noastre","status":"publish","type":"post","link":"https:\/\/calatorinromania.com\/?p=39844","title":{"rendered":"\ud83e\udd52 Salata de dovlecei \u2013 Gustoas\u0103, s\u0103n\u0103toas\u0103 \u0219i preferata familiei noastre!"},"content":{"rendered":"\n<h2><\/h2>\n\n\n\n<p>Ai \u00eencercat vreodat\u0103 salata de dovlecei? Pentru mine \u0219i familia mea, a devenit <strong>un preparat de nelipsit<\/strong>, mai apreciat chiar dec\u00e2t salata de vinete!<\/p>\n\n\n\n<p><br>De ce? Pentru c\u0103 este:<\/p>\n\n\n\n<p><\/p>\n\n\n\n<p>\u2728 <strong>Delicioas\u0103<\/strong><br>\ud83c\udf3f <strong>S\u0103n\u0103toas\u0103<\/strong><br>\ud83d\udc69\u200d\ud83c\udf73 <strong>U\u0219or de preparat<\/strong><br>\ud83d\udc9a \u0218i&#8230; o m\u0103n\u00e2nc\u0103 toat\u0103 lumea cu pl\u0103cere!<\/p>\n\n\n\n<p><\/p>\n\n\n\n<h3>\u2705 Ai nevoie de:<\/h3>\n\n\n\n<ul>\n<li>3 <strong>dovlecei mari<\/strong><\/li>\n\n\n\n<li>1 <strong>g\u0103lbenu\u0219 de ou<\/strong><\/li>\n\n\n\n<li>2 linguri de <strong>mu\u0219tar<\/strong><\/li>\n\n\n\n<li>250 ml <strong>ulei<\/strong><\/li>\n\n\n\n<li>140 g <strong>iaurt gras<\/strong> (sau iaurt grecesc, pentru extra cremozitate)<\/li>\n\n\n\n<li><strong>Sare<\/strong> \u2013 dup\u0103 gust<\/li>\n\n\n\n<li><strong>2-3 c\u0103\u021bei de usturoi<\/strong> (sau dup\u0103 preferin\u021b\u0103)<\/li>\n\n\n\n<li><strong>Ap\u0103<\/strong> \u2013 pentru fiert<\/li>\n<\/ul>\n\n\n\n<p><\/p>\n\n\n\n<h3>\ud83e\udd44 Cum se prepar\u0103:<\/h3>\n\n\n\n<ol>\n<li><strong>Cur\u0103\u021b\u0103 dovleceii<\/strong> de coaj\u0103, taie-i \u00een dou\u0103 \u0219i scoate semin\u021bele.<\/li>\n\n\n\n<li>D\u0103-i pe <strong>r\u0103z\u0103toarea mare<\/strong>.<\/li>\n\n\n\n<li>Pune ap\u0103 cu sare la fiert \u00eentr-o oal\u0103 \u00eenc\u0103p\u0103toare.<\/li>\n\n\n\n<li>C\u00e2nd clocote\u0219te, adaug\u0103 dovleceii ra\u0219i \u0219i fierbe-i p\u00e2n\u0103 se \u00eenmoaie.<\/li>\n\n\n\n<li><strong>Strecoar\u0103 bine!<\/strong> Dovleceii trebuie <strong>scur\u0219i foarte bine<\/strong> \u2013 apas\u0103-i u\u0219or pentru a elimina excesul de ap\u0103. Acest pas e <strong>crucial<\/strong> ca salata s\u0103 nu ias\u0103 apoas\u0103! \ud83d\udca7<\/li>\n\n\n\n<li>Prepar\u0103 <strong>maioneza<\/strong> din g\u0103lbenu\u0219, mu\u0219tar \u0219i ulei.<\/li>\n\n\n\n<li><strong>Piseaz\u0103 usturoiul<\/strong> (po\u021bi adapta cantitatea dup\u0103 gust).<\/li>\n\n\n\n<li>\u00centr-un bol mare, <strong>amestec\u0103 dovleceii scur\u0219i<\/strong> cu maioneza, iaurtul \u0219i usturoiul.<\/li>\n\n\n\n<li>Potrive\u0219te gustul cu sare \u0219i\u2026 <strong>Gata!<\/strong><\/li>\n<\/ol>\n\n\n\n<p><\/p>\n\n\n\n<h3>\ud83d\udd1d Trucuri pentru cea mai reu\u0219it\u0103 salat\u0103:<\/h3>\n\n\n\n<p>\ud83e\udd44 <strong>Scurge bine dovleceii!<\/strong> \u2013 Este secretul pentru o textur\u0103 cremoas\u0103, nu apoas\u0103.<br>\ud83e\uddc4 <strong>Dozeaz\u0103 usturoiul cu grij\u0103<\/strong> \u2013 Dac\u0103 nu vrei un gust prea intens, adaug\u0103 treptat \u0219i gust\u0103 pe parcurs.<br>\ud83e\udd63 <strong>Folose\u0219te iaurt gras sau grecesc<\/strong> \u2013 Pentru un plus de prospe\u021bime \u0219i o salat\u0103 mai u\u0219oar\u0103 dec\u00e2t cu maionez\u0103 simpl\u0103.<\/p>\n\n\n\n<p><\/p>\n\n\n\n<p><\/p>\n\n\n\n<h3>\ud83c\udf7d\ufe0f Serve\u0219te salata rece, pe p\u00e2ine pr\u0103jit\u0103 sau ca garnitur\u0103. Este <strong>perfect\u0103 pentru zilele c\u0103lduroase<\/strong> \u0219i merge de minune \u00een post (cu mici adapt\u0103ri)!<\/h3>\n\n\n\n<p><\/p>\n\n\n\n<p>Poft\u0103 bun\u0103 \u0219i nu uita: <strong>cele mai simple re\u021bete sunt uneori cele mai iubite<\/strong>! \ud83d\udc9a<\/p>\n","protected":false},"excerpt":{"rendered":"<p>Ai \u00eencercat vreodat\u0103 salata de dovlecei? Pentru mine \u0219i familia mea, a devenit un preparat de nelipsit, mai apreciat chiar dec\u00e2t salata de vinete! De<\/p>\n","protected":false},"author":1,"featured_media":39810,"comment_status":"closed","ping_status":"closed","sticky":false,"template":"","format":"standard","meta":[],"categories":[1],"tags":[],"_links":{"self":[{"href":"https:\/\/calatorinromania.com\/index.php?rest_route=\/wp\/v2\/posts\/39844"}],"collection":[{"href":"https:\/\/calatorinromania.com\/index.php?rest_route=\/wp\/v2\/posts"}],"about":[{"href":"https:\/\/calatorinromania.com\/index.php?rest_route=\/wp\/v2\/types\/post"}],"author":[{"embeddable":true,"href":"https:\/\/calatorinromania.com\/index.php?rest_route=\/wp\/v2\/users\/1"}],"replies":[{"embeddable":true,"href":"https:\/\/calatorinromania.com\/index.php?rest_route=%2Fwp%2Fv2%2Fcomments&post=39844"}],"version-history":[{"count":1,"href":"https:\/\/calatorinromania.com\/index.php?rest_route=\/wp\/v2\/posts\/39844\/revisions"}],"predecessor-version":[{"id":39845,"href":"https:\/\/calatorinromania.com\/index.php?rest_route=\/wp\/v2\/posts\/39844\/revisions\/39845"}],"wp:featuredmedia":[{"embeddable":true,"href":"https:\/\/calatorinromania.com\/index.php?rest_route=\/wp\/v2\/media\/39810"}],"wp:attachment":[{"href":"https:\/\/calatorinromania.com\/index.php?rest_route=%2Fwp%2Fv2%2Fmedia&parent=39844"}],"wp:term":[{"taxonomy":"category","embeddable":true,"href":"https:\/\/calatorinromania.com\/index.php?rest_route=%2Fwp%2Fv2%2Fcategories&post=39844"},{"taxonomy":"post_tag","embeddable":true,"href":"https:\/\/calatorinromania.com\/index.php?rest_route=%2Fwp%2Fv2%2Ftags&post=39844"}],"curies":[{"name":"wp","href":"https:\/\/api.w.org\/{rel}","templated":true}]}}