{"id":39834,"date":"2025-06-05T06:00:29","date_gmt":"2025-06-05T06:00:29","guid":{"rendered":"https:\/\/calatorinromania.com\/?p=39834"},"modified":"2025-06-05T06:00:30","modified_gmt":"2025-06-05T06:00:30","slug":"o-fetita-de-10-ani-a-dat-buzna-in-spital-cu-un-nou-nascut-in-brate-si-a-spus-trei-fraze-care-i-au-zguduit-pe-toti-din-suflet","status":"publish","type":"post","link":"https:\/\/calatorinromania.com\/?p=39834","title":{"rendered":"O feti\u021b\u0103 de 10 ani a dat buzna \u00een spital cu un nou-n\u0103scut \u00een bra\u021be \u0219i a spus trei fraze care i-au zguduit pe to\u021bi din suflet!"},"content":{"rendered":"\n<p>\u2014 E&#8230; e plecat\u0103? \u2014 \u00eentreab\u0103 t\u00e2n\u0103ra doctori\u021b\u0103 cu bl\u00e2nde\u021be, sim\u021bind cum i se str\u00e2nge inima.<\/p>\n\n\n\n<p>Emma clatin\u0103 capul u\u0219or, dar nu r\u0103spunde imediat. Se uit\u0103 la m\u00e2inile ei murdare, apoi din nou la medic.<\/p>\n\n\n\n<p>\u2014 Nu&#8230; E moart\u0103.<\/p>\n\n\n\n<p>T\u0103cere. Greu de respirat.<\/p>\n\n\n\n<p>Doctori\u021ba \u00eenghite \u00een sec. O atinge u\u0219or pe um\u0103r.<\/p>\n\n\n\n<p>\u2014 \u0218i&#8230; tata?<\/p>\n\n\n\n<p>Emma \u00ee\u0219i str\u00e2nge buzele. De data asta nu pl\u00e2nge, dar vocea \u00eei tremur\u0103 ca frunza.<\/p>\n\n\n\n<p>\u2014 Nu mai avem pe nimeni. Doar pe el&#8230; Trebuia s\u0103-l scap.<\/p>\n\n\n\n<p>\u00cen spatele lor, se aude agita\u021bie \u2014 asistente, aparate, o echip\u0103 \u00eentreag\u0103 care se mobilizeaz\u0103 pentru bebelu\u0219ul \u00een stare grav\u0103. Dar \u00een jurul Emmei, timpul parc\u0103 s-a oprit.<\/p>\n\n\n\n<p>\u2014 Cum ai ajuns aici? \u2014 \u00eentreab\u0103 doctori\u021ba.<\/p>\n\n\n\n<p>\u2014 Am fugit. Din cl\u0103direa aia mare&#8230; unde eram. Era frig, n-aveam ce m\u00e2nca. L-am luat \u0219i am plecat.<\/p>\n\n\n\n<p>\u2014 Dar&#8230; de unde \u0219tiai s\u0103 vii aici?<\/p>\n\n\n\n<p>Emma o prive\u0219te cu o maturitate ciudat\u0103 pentru v\u00e2rsta ei. Un fel de \u00een\u021belepciune care doare.<\/p>\n\n\n\n<p>\u2014 Am auzit c\u00e2nd mama era bolnav\u0103&#8230; c\u0103 aici, la Mercy, oamenii nu mor uita\u021bi.<\/p>\n\n\n\n<p>Doctori\u021ba nu mai poate vorbi. Are nod \u00een g\u00e2t.<\/p>\n\n\n\n<p>\u2014 C\u00e2\u021bi ani ai, Emma?<\/p>\n\n\n\n<p>\u2014 Zece. Dar pot avea grij\u0103 de el. Jur. Nu trebuie s\u0103-l ia nimeni. Nu trebuie&#8230;<\/p>\n\n\n\n<p>\u2014 Hei, hei&#8230; lini\u0219te\u0219te-te&#8230; \u2014 o ia \u00een bra\u021be, sim\u021bind c\u00e2t de slab\u0103 \u0219i rece e copila \u2014 Ai fost un \u00eenger pentru fr\u0103\u021biorul t\u0103u. \u0218i ai f\u0103cut ce niciun copil n-ar fi trebuit s\u0103 fac\u0103 singur. Dar nu mai e\u0219ti singur\u0103 acum. Promit.<\/p>\n\n\n\n<ul>\n<li>&nbsp;<\/li>\n<\/ul>\n\n\n\n<p>O or\u0103 mai t\u00e2rziu, \u00een sala de observa\u021bie.<\/p>\n\n\n\n<p>Bebelu\u0219ul e stabilizat. \u00cenc\u0103 \u00een pericol, dar respira\u021bia lui s-a \u00eembun\u0103t\u0103\u021bit. Se nume\u0219te Luca. Numele i l-a dat Emma, dup\u0103 bunicul de care abia \u00ee\u0219i mai amintea.<\/p>\n\n\n\n<p>\u2014 M\u0103 pot duce la el? \u2014 \u00eentreab\u0103, st\u00e2nd cuminte pe un scaun, cu o p\u0103tur\u0103 pe umeri.<\/p>\n\n\n\n<p>Doctori\u021ba o prive\u0219te. \u0218i ea abia \u00ee\u0219i \u021bine lacrimile.<\/p>\n\n\n\n<p>\u2014 Da. Dar doar pentru pu\u021bin.<\/p>\n\n\n\n<p>O duce \u00een t\u0103cere. Emma p\u0103\u0219e\u0219te \u00eencet p\u00e2n\u0103 la incubator. \u00ce\u0219i lipe\u0219te fruntea de geamul de protec\u021bie.<\/p>\n\n\n\n<p>\u2014 Hei, Luca&#8230; \u021ai-am zis eu c\u0103 ajungem. \u021ai-am zis, da? C\u0103 nu te las. Niciodat\u0103.<\/p>\n\n\n\n<p>Bebelu\u0219ul scoate un mic sunet, ca un oftat. Ca \u0219i cum ar fi \u00een\u021beles.<\/p>\n\n\n\n<p>\u2014 M-a salvat, \u0219tii? \u2014 \u00eei spune apoi doctori\u021bei. \u2014 Pl\u00e2ngea. De foame. \u0218i dintr-o dat\u0103&#8230; n-am mai sim\u021bit fric\u0103. Doar \u0219tiam c\u0103 trebuie s\u0103 fug. S\u0103-l scap. Nu conteaz\u0103 cum.<\/p>\n\n\n\n<p>Doctori\u021ba \u00eenghite \u00een sec.<\/p>\n\n\n\n<p>\u2014 O s\u0103 vin\u0103 cineva din protec\u021bia copilului s\u0103 vorbeasc\u0103 cu tine. Dar, p\u00e2n\u0103 atunci&#8230; vrei s\u0103 bei un ceai cald?<\/p>\n\n\n\n<p>Emma se uit\u0103 la ea \u0219i z\u00e2mbe\u0219te pentru prima oar\u0103.<\/p>\n\n\n\n<p>\u2014 Numai dac\u0103 e cu l\u0103m\u00e2ie.<\/p>\n\n\n\n<p>\u2014 Atunci o s\u0103 fie cu dou\u0103 felii.<\/p>\n\n\n\n<ul>\n<li>&nbsp;<\/li>\n<\/ul>\n\n\n\n<p>Dou\u0103 s\u0103pt\u0103m\u00e2ni mai t\u00e2rziu.<\/p>\n\n\n\n<p>Emma e \u00eentr-o camer\u0103 curat\u0103, cu desene pe pere\u021bi. Nu mai e \u00een pijamale rupte. E \u00eengrijit\u0103, dar inima ei e tot \u00een incubatorul de la etajul trei. Luca e mai bine, se recupereaz\u0103. Doctori\u021ba o viziteaz\u0103 \u00een fiecare zi.<\/p>\n\n\n\n<p>\u00centr-o diminea\u021b\u0103, o femeie \u00een v\u00e2rst\u0103, cu ochi calzi \u0219i un dosar \u00een m\u00e2n\u0103, intr\u0103 \u00een camer\u0103.<\/p>\n\n\n\n<p>\u2014 Emma? Bun\u0103. Eu sunt Clara. De la protec\u021bia copilului. Pot sta pu\u021bin cu tine?<\/p>\n\n\n\n<p>Emma d\u0103 din cap. O ascult\u0103 atent. Apoi \u00eentreab\u0103 direct:<\/p>\n\n\n\n<p>\u2014 O s\u0103 ne separa\u021bi?<\/p>\n\n\n\n<p>Femeia tresare. Se uit\u0103 \u00een jos, apoi z\u00e2mbe\u0219te trist.<\/p>\n\n\n\n<p>\u2014 De fapt&#8230; tocmai am vorbit cu spitalul. \u0218i cu doctori\u021ba ta. \u0218tii, exist\u0103 oameni care&#8230; vor s\u0103 v\u0103 ajute. \u0218i&#8230; dac\u0103 tu e\u0219ti de acord&#8230; po\u021bi s\u0103 r\u0103m\u00e2i cu fr\u0103\u021biorul t\u0103u.<\/p>\n\n\n\n<p>\u2014 Adic\u0103&#8230; \u00eempreun\u0103? Tot timpul?<\/p>\n\n\n\n<p>\u2014 Da. Dar va trebui s\u0103 stai \u00eentr-un centru special p\u00e2n\u0103 c\u00e2nd lucrurile se aranjeaz\u0103. \u0218i apoi, dac\u0103 totul merge bine&#8230; poate chiar o familie adev\u0103rat\u0103, care s\u0103 v\u0103 ia pe am\u00e2ndoi.<\/p>\n\n\n\n<p>Emma \u00eenchide ochii. T\u0103cut. Apoi zice:<\/p>\n\n\n\n<p>\u2014 Nu ne trebuie dec\u00e2t un loc cald \u0219i o promisiune c\u0103 n-o s\u0103 ne despart\u0103 nimeni.<\/p>\n\n\n\n<p>Clara se apleac\u0103 \u0219i \u00eei ia m\u00e2na.<\/p>\n\n\n\n<p>\u2014 Promit.<\/p>\n\n\n\n<ul>\n<li>&nbsp;<\/li>\n<\/ul>\n\n\n\n<p>\u0218i a\u0219a a \u00eenceput o alt\u0103 via\u021b\u0103.<\/p>\n\n\n\n<p>Emma, feti\u021ba cu ochii prea mari pentru lumea asta, a devenit surioara cea mare care \u0219i-a salvat fratele din \u00eentuneric. Nu dintr-un basm. Din realitate.<\/p>\n\n\n\n<p>Iar cele trei fraze ale ei \u2014 \u201eEl nu poate s\u0103 respire\u2026 Ajuta\u021bi-l, v\u0103 rog\u2026 N-o mai avem pe mama\u2026\u201d \u2014 au r\u0103mas \u00eenregistrate nu doar \u00een mintea personalului de la Mercy General, ci \u0219i \u00een inimile celor care cred c\u0103 miracolele vin \u00een forme neobi\u0219nuite.<\/p>\n\n\n\n<p>Uneori, \u00een picioarele goale.<\/p>\n\n\n\n<p>\u0218i cu un nou-n\u0103scut \u00een bra\u021be.<\/p>\n\n\n\n<p>SURSA> https:\/\/lentcourage.com<\/p>\n","protected":false},"excerpt":{"rendered":"<p>\u2014 E&#8230; e plecat\u0103? \u2014 \u00eentreab\u0103 t\u00e2n\u0103ra doctori\u021b\u0103 cu bl\u00e2nde\u021be, sim\u021bind cum i se str\u00e2nge inima. Emma clatin\u0103 capul u\u0219or, dar nu r\u0103spunde imediat. Se<\/p>\n","protected":false},"author":1,"featured_media":39810,"comment_status":"closed","ping_status":"closed","sticky":false,"template":"","format":"standard","meta":[],"categories":[1],"tags":[],"_links":{"self":[{"href":"https:\/\/calatorinromania.com\/index.php?rest_route=\/wp\/v2\/posts\/39834"}],"collection":[{"href":"https:\/\/calatorinromania.com\/index.php?rest_route=\/wp\/v2\/posts"}],"about":[{"href":"https:\/\/calatorinromania.com\/index.php?rest_route=\/wp\/v2\/types\/post"}],"author":[{"embeddable":true,"href":"https:\/\/calatorinromania.com\/index.php?rest_route=\/wp\/v2\/users\/1"}],"replies":[{"embeddable":true,"href":"https:\/\/calatorinromania.com\/index.php?rest_route=%2Fwp%2Fv2%2Fcomments&post=39834"}],"version-history":[{"count":1,"href":"https:\/\/calatorinromania.com\/index.php?rest_route=\/wp\/v2\/posts\/39834\/revisions"}],"predecessor-version":[{"id":39835,"href":"https:\/\/calatorinromania.com\/index.php?rest_route=\/wp\/v2\/posts\/39834\/revisions\/39835"}],"wp:featuredmedia":[{"embeddable":true,"href":"https:\/\/calatorinromania.com\/index.php?rest_route=\/wp\/v2\/media\/39810"}],"wp:attachment":[{"href":"https:\/\/calatorinromania.com\/index.php?rest_route=%2Fwp%2Fv2%2Fmedia&parent=39834"}],"wp:term":[{"taxonomy":"category","embeddable":true,"href":"https:\/\/calatorinromania.com\/index.php?rest_route=%2Fwp%2Fv2%2Fcategories&post=39834"},{"taxonomy":"post_tag","embeddable":true,"href":"https:\/\/calatorinromania.com\/index.php?rest_route=%2Fwp%2Fv2%2Ftags&post=39834"}],"curies":[{"name":"wp","href":"https:\/\/api.w.org\/{rel}","templated":true}]}}