{"id":39828,"date":"2025-06-05T05:38:30","date_gmt":"2025-06-05T05:38:30","guid":{"rendered":"https:\/\/calatorinromania.com\/?p=39828"},"modified":"2025-06-05T05:38:30","modified_gmt":"2025-06-05T05:38:30","slug":"dupa-ce-mama-ne-a-parasit-eu-si-fratiorul-meu-am-fost-despartiti","status":"publish","type":"post","link":"https:\/\/calatorinromania.com\/?p=39828","title":{"rendered":"Dup\u0103 ce mama ne-a p\u0103r\u0103sit, eu \u0219i fr\u0103\u021biorul meu am fost desp\u0103r\u021bi\u021bi."},"content":{"rendered":"\n<p><strong>Brent a luptat toat\u0103 via\u021ba s\u0103-\u0219i protejeze fratele \u2014 iar acum un judec\u0103tor decidea dac\u0103 aveau voie s\u0103 r\u0103m\u00e2n\u0103 \u00eempreun\u0103.<\/strong><\/p>\n\n\n\n<p><\/p>\n\n\n\n<p>Sala de judecat\u0103 pentru minori era \u00eentunecat\u0103, ca \u0219i cum cineva ar fi stins inten\u021bionat luminile pentru a reflecta starea celor din\u0103untru. Brent \u00ee\u0219i str\u00e2ngea pumnii, apoi \u00eei desf\u0103cea deget cu deget, for\u021b\u00e2ndu-se s\u0103 r\u0103m\u00e2n\u0103 calm.<\/p>\n\n\n\n<p><\/p>\n\n\n\n<p>Ast\u0103zi era momentul pentru care se preg\u0103tise \u00eenc\u0103 de la 18 ani \u2014 ziua \u00een care putea ob\u021bine custodia fratelui s\u0103u mai mic, \u0218tefan.<\/p>\n\n\n\n<p><\/p>\n\n\n\n<p>Trecuse printr-un sistem de plasament nemilos, muncise \u00een dou\u0103, uneori trei locuri de munc\u0103, \u00ee\u0219i \u00eenchiriase un apartament, preg\u0103tise o camer\u0103 special pentru \u0218tefan. \u00cei promisese c\u0103 vor fi din nou o familie. \u00cens\u0103 judec\u0103torul i-a reamintit \u00eenc\u0103 o dat\u0103 c\u0103 avea \u00een fa\u021b\u0103 o lupt\u0103 dur\u0103.<\/p>\n\n\n\n<p><\/p>\n\n\n\n<p>Fran, asistenta social\u0103, era l\u00e2ng\u0103 el. \u00cei vorbise cu aceea\u0219i voce politicoas\u0103 dar re\u021binut\u0103: \u201eAi f\u0103cut totul bine, Brent. Dar \u00eenc\u0103 nu e de ajuns.\u201d<\/p>\n\n\n\n<p><\/p>\n\n\n\n<p>\u201eNu am destui bani. Nu am spa\u021biu suficient. Nu am experien\u021b\u0103 de via\u021b\u0103.\u201d<br>Dar\u2026 fusese tat\u0103 pentru \u0218tefan atunci c\u00e2nd mama lor renun\u021base la via\u021b\u0103. \u00cei f\u0103cea sandvi\u0219uri, \u00eel ajuta cu temele, \u00eei spunea pove\u0219ti ca s\u0103 adoarm\u0103.<\/p>\n\n\n\n<p><\/p>\n\n\n\n<p>Ie\u0219ind \u00een aerul rece de toamn\u0103, Brent \u0219i-a amintit cum mama lor reu\u0219ise odat\u0103 s\u0103-i fac\u0103 s\u0103 cread\u0103 \u00een magie. Dar \u00een realitate, via\u021ba ei fusese doar un truc ieftin \u2014 iar dragostea ei, o iluzie.<\/p>\n\n\n\n<p><\/p>\n\n\n\n<p>\u00cenapoi \u00een apartamentul lui de subsol, Brent \u0219i-a privit spa\u021biul \u0219i a sim\u021bit c\u0103 nu era un c\u0103min. Era doar o pauz\u0103 \u00eentre dou\u0103 schimburi. Dar apoi, doamna Ruiz, proprietara, i-a f\u0103cut o ofert\u0103 nea\u0219teptat\u0103: putea amenaja camera de la etaj, goal\u0103 de ani de zile, \u00een schimbul aceleia\u0219i chirii.<\/p>\n\n\n\n<p><\/p>\n\n\n\n<p>Acea mic\u0103 oportunitate a devenit o sc\u00e2nteie. A \u00eenceput s\u0103 repare camera \u2014 nu pentru el, ci pentru \u0218tefan. A cump\u0103rat mobil\u0103 la m\u00e2na a doua, a vopsit pere\u021bii \u00een albastru (culoarea preferat\u0103 a lui \u0218tefan), a pus un birou, afi\u0219e cu rachete \u0219i baseball.<\/p>\n\n\n\n<p><\/p>\n\n\n\n<p>Pe parcurs, amintirile despre mama \u0219i b\u0103rba\u021bii abuzivi din via\u021ba ei reveneau: Tommy, motociclistul cu un z\u00e2mbet fals \u0219i Rick, ultimul, care o golise de suflet p\u00e2n\u0103 c\u00e2nd n-a mai putut fi mam\u0103. A fost ziua c\u00e2nd serviciile sociale i-au luat pe copii \u0219i ea nu a spus nimic. Doar pl\u00e2ngea t\u0103cut.<\/p>\n\n\n\n<p><\/p>\n\n\n\n<p>Dou\u0103 zile mai t\u00e2rziu, Fran a ap\u0103rut pentru o vizit\u0103 surpriz\u0103. De\u0219i apartamentul nu era murdar, era evident c\u0103 Brent tr\u0103ia la limit\u0103. Totu\u0219i, sus, camera lui \u0218tefan era luminoas\u0103, personal\u0103, cald\u0103. Fran a spus: \u201eAi f\u0103cut o treab\u0103 bun\u0103.\u201d \u0218i pentru prima dat\u0103, Brent a sim\u021bit c\u0103 poate fi speran\u021b\u0103.<\/p>\n\n\n\n<p><\/p>\n\n\n\n<p>Apoi, a urmat o alt\u0103 surpriz\u0103: p\u0103rin\u021bii adoptivi ai lui \u0218tefan au cerut s\u0103 depun\u0103 m\u0103rturie \u00een favoarea lui Brent. \u201e\u00cel iubim pe \u0218tefan,\u201d a spus doamna Bailey, \u201edar \u00eel iubim \u0219i suficient c\u00e2t s\u0103 \u0219tim c\u0103 locul lui e cu fratele lui.\u201d<\/p>\n\n\n\n<p><\/p>\n\n\n\n<p>Brent a urmat sfatul avocatului s\u0103u pro bono, domnul Davidson, care l-a ajutat s\u0103 construiasc\u0103 un caz solid. \u00cen ziua audierii finale, sala era la fel de t\u0103cut\u0103, dar \u00een aer se sim\u021bea ceva diferit. Era speran\u021b\u0103.<\/p>\n\n\n\n<p><\/p>\n\n\n\n<p>C\u00e2nd a fost r\u00e2ndul lui s\u0103 vorbeasc\u0103, Brent a spus cu emo\u021bie: \u201eNu am multe. Dar \u0219tiu cine este \u0218tefan. \u0218tiu ce a tr\u0103it. Pentru c\u0103 am tr\u0103it \u0219i eu. \u0218i nu vreau s\u0103-i ofer doar un acoperi\u0219. Vreau s\u0103-i ofer o cas\u0103.\u201d<\/p>\n\n\n\n<p><\/p>\n\n\n\n<p>Judec\u0103toarea l-a privit atent, a ascultat \u0219i m\u0103rturia lui Fran, apoi a spus:<\/p>\n\n\n\n<p><\/p>\n\n\n\n<p>\u201eStatul caut\u0103 ce este cel mai bun pentru copil. Iar \u00een acest caz, cred c\u0103 cel mai bun loc pentru \u0218tefan este al\u0103turi de fratele s\u0103u.\u201d<\/p>\n\n\n\n<p><\/p>\n\n\n\n<p>Lacrimile i-au umplut ochii lui Brent. \u0218tefan a s\u0103rit \u00een bra\u021bele lui.<\/p>\n\n\n\n<p><\/p>\n\n\n\n<p>\u201e\u021ai-am spus,\u201d a \u0219optit. \u201eNu e\u0219ti prea t\u00e2n\u0103r. E\u0219ti Brent. Po\u021bi orice.\u201d<\/p>\n\n\n\n<p><\/p>\n\n\n\n<p>Brent l-a str\u00e2ns tare \u00een bra\u021be \u0219i, pentru prima dat\u0103 dup\u0103 mul\u021bi ani, a respirat cu adev\u0103rat.<\/p>\n\n\n\n<p><\/p>\n\n\n\n<p>C\u00e2nd au ie\u0219it din tribunal, \u021bin\u00e2ndu-se de m\u00e2n\u0103, \u0218tefan l-a \u00eentrebat:<\/p>\n\n\n\n<p><\/p>\n\n\n\n<p>\u201eBrent, putem comanda pizza ca s\u0103 s\u0103rb\u0103torim?\u201d<\/p>\n\n\n\n<p><\/p>\n\n\n\n<p>Brent a r\u00e2s.\u00a0<strong>Un r\u00e2s adev\u0103rat.<\/strong><\/p>\n\n\n\n<p><\/p>\n\n\n\n<p>\u201eDa, fr\u0103\u021bioare. Putem comanda pizza.\u201d<\/p>\n\n\n\n<p><\/p>\n\n\n\n<p>Au p\u0103\u0219it \u00eempreun\u0103 spre soare.<\/p>\n\n\n\n<p><\/p>\n\n\n\n<p><strong>\u0218i n-au mai privit \u00eenapoi.<\/strong><\/p>\n\n\n\n<p><\/p>\n\n\n\n<p><strong>Dac\u0103 \u021bi-a pl\u0103cut povestea, nu uita s\u0103 o distribui cu prietenii t\u0103i! \u00cempreun\u0103 putem duce mai departe emo\u021bia \u0219i inspira\u021bia.<\/strong><\/p>\n\n\n\n<p><\/p>\n","protected":false},"excerpt":{"rendered":"<p>Brent a luptat toat\u0103 via\u021ba s\u0103-\u0219i protejeze fratele \u2014 iar acum un judec\u0103tor decidea dac\u0103 aveau voie s\u0103 r\u0103m\u00e2n\u0103 \u00eempreun\u0103. Sala de judecat\u0103 pentru minori<\/p>\n","protected":false},"author":1,"featured_media":39810,"comment_status":"closed","ping_status":"closed","sticky":false,"template":"","format":"standard","meta":[],"categories":[1],"tags":[],"_links":{"self":[{"href":"https:\/\/calatorinromania.com\/index.php?rest_route=\/wp\/v2\/posts\/39828"}],"collection":[{"href":"https:\/\/calatorinromania.com\/index.php?rest_route=\/wp\/v2\/posts"}],"about":[{"href":"https:\/\/calatorinromania.com\/index.php?rest_route=\/wp\/v2\/types\/post"}],"author":[{"embeddable":true,"href":"https:\/\/calatorinromania.com\/index.php?rest_route=\/wp\/v2\/users\/1"}],"replies":[{"embeddable":true,"href":"https:\/\/calatorinromania.com\/index.php?rest_route=%2Fwp%2Fv2%2Fcomments&post=39828"}],"version-history":[{"count":1,"href":"https:\/\/calatorinromania.com\/index.php?rest_route=\/wp\/v2\/posts\/39828\/revisions"}],"predecessor-version":[{"id":39829,"href":"https:\/\/calatorinromania.com\/index.php?rest_route=\/wp\/v2\/posts\/39828\/revisions\/39829"}],"wp:featuredmedia":[{"embeddable":true,"href":"https:\/\/calatorinromania.com\/index.php?rest_route=\/wp\/v2\/media\/39810"}],"wp:attachment":[{"href":"https:\/\/calatorinromania.com\/index.php?rest_route=%2Fwp%2Fv2%2Fmedia&parent=39828"}],"wp:term":[{"taxonomy":"category","embeddable":true,"href":"https:\/\/calatorinromania.com\/index.php?rest_route=%2Fwp%2Fv2%2Fcategories&post=39828"},{"taxonomy":"post_tag","embeddable":true,"href":"https:\/\/calatorinromania.com\/index.php?rest_route=%2Fwp%2Fv2%2Ftags&post=39828"}],"curies":[{"name":"wp","href":"https:\/\/api.w.org\/{rel}","templated":true}]}}