{"id":39826,"date":"2025-06-05T05:36:32","date_gmt":"2025-06-05T05:36:32","guid":{"rendered":"https:\/\/calatorinromania.com\/?p=39826"},"modified":"2025-06-05T05:36:33","modified_gmt":"2025-06-05T05:36:33","slug":"aveam-un-fiu-m-a-abandonat-pentru-a-trai-cu-tatal-si-mama-lui-vitrega-bogata","status":"publish","type":"post","link":"https:\/\/calatorinromania.com\/?p=39826","title":{"rendered":"AVEAM UN FIU, M-A ABANDONAT PENTRU A TR\u0102I CU TAT\u0102L \u0218I MAMA LUI VITREG\u0102 BOGAT\u0102"},"content":{"rendered":"\n<p><strong>Sunt mam\u0103 singur\u0103 \u0219i i-am oferit fiului meu tot timpul meu, toat\u0103 dragostea \u0219i toate sacrificiile mele. Dar c\u00e2nd mama lui vitreg\u0103 cea bogat\u0103 i-a pus luxul \u00een fa\u021b\u0103, el a ales-o pe ea \u0219i nu s-a mai uitat \u00eenapoi. Patru ani mai t\u00e2rziu, a ap\u0103rut la u\u0219a mea, cu postura c\u00e2ndva m\u00e2ndr\u0103 acum \u00eencovoiat\u0103.<\/strong><\/p>\n\n\n\n<p><\/p>\n\n\n\n<p><strong>Fiul meu m-a abandonat pentru a tr\u0103i cu tat\u0103l lui \u0219i cu mama lui vitreg\u0103 bogat\u0103. Patru ani mai t\u00e2rziu, a b\u0103tut la u\u0219a mea cer\u00e2nd ajutor.<\/strong><\/p>\n\n\n\n<p><\/p>\n\n\n\n<p>\u2014 Mam\u0103\u2026 te rog. Am nevoie de ajutorul t\u0103u \u2014 a suspinat el.<\/p>\n\n\n\n<p><\/p>\n\n\n\n<p>Am crezut \u00eentotdeauna c\u0103 iubirea este suficient\u0103\u2026 c\u0103 dac\u0103 \u00eei ofer totul fiului meu, chiar dac\u0103 eu r\u0103m\u00e2n cu m\u00e2inile goale, el va vedea sacrificiile mele \u0219i m\u0103 va iubi pentru ele. M-am \u00een\u0219elat. Iubirea nu str\u0103luce\u0219te ca bog\u0103\u021bia, \u0219i \u00een final, nu a fost suficient ca s\u0103-l fac s\u0103 r\u0103m\u00e2n\u0103.<\/p>\n\n\n\n<p><\/p>\n\n\n\n<p>Sunt Alice, iar aceasta este povestea mea\u2026<\/p>\n\n\n\n<p><\/p>\n\n\n\n<p>\u2e3b<\/p>\n\n\n\n<p><\/p>\n\n\n\n<p><strong>M\u0103 sim\u021beam cu zeci de ani mai b\u0103tr\u00e2n\u0103 c\u00e2nd fiul meu m-a p\u0103r\u0103sit<\/strong><\/p>\n\n\n\n<p><\/p>\n\n\n\n<p>Aveam 42 de ani c\u00e2nd fiul meu m-a abandonat. Dar m\u0103 sim\u021beam cu decenii mai b\u0103tr\u00e2n\u0103.<\/p>\n\n\n\n<p><\/p>\n\n\n\n<p>Via\u021ba nu fusese niciodat\u0103 u\u0219oar\u0103, dar nici nu m\u0103 a\u0219teptam s\u0103 fie. Fostul meu so\u021b, Andrei, m-a p\u0103r\u0103sit c\u00e2nd fiul nostru, Vlad, avea doar doi ani. Ap\u0103rea \u0219i disp\u0103rea dup\u0103 bunul plac, promi\u021b\u00e2nd implicare p\u0103rinteasc\u0103, ca apoi s\u0103 se evapore din nou.<\/p>\n\n\n\n<p><\/p>\n\n\n\n<p>Am \u00eenv\u0103\u021bat repede c\u0103, dac\u0103 fiul meu urma s\u0103 aib\u0103 stabilitate, doar eu i-o puteam oferi.<\/p>\n\n\n\n<p><\/p>\n\n\n\n<p>Am muncit p\u00e2n\u0103 la epuizare. Am fost chelneri\u021b\u0103, am f\u0103cut cur\u0103\u021benie \u00een birouri, am aranjat rafturi \u0219i am f\u0103cut orice era nevoie pentru a pl\u0103ti facturile \u0219i a pune m\u00e2ncare pe mas\u0103.<\/p>\n\n\n\n<p><\/p>\n\n\n\n<p>C\u00e2ndva avusesem visuri, dar s-au mic\u0219orat sub greutatea responsabilit\u0103\u021bilor.<\/p>\n\n\n\n<p><\/p>\n\n\n\n<p>Datoriile pentru studii m\u0103 urm\u0103reau pentru o diplom\u0103 pe care n-am apucat s-o termin. Viitorul meu devenise un ciclu de oboseal\u0103 \u0219i sacrificiu, dar \u00een ciuda tuturor greut\u0103\u021bilor, l-am iubit pe Vlad din toat\u0103 inima.<\/p>\n\n\n\n<p><\/p>\n\n\n\n<p>Din p\u0103cate, iubirea nu era ceva ce el putea \u021bine \u00een m\u00e2ini.<\/p>\n\n\n\n<p><\/p>\n\n\n\n<p>\u2014\u00a0<em>De ce to\u021bi colegii mei au lucruri mai bune ca mine?<\/em>\u00a0\u2014 \u021bipa Vlad la mine \u2014\u00a0<em>De ce sunt singurul cu un telefon vechi \u0219i haine ieftine?<\/em><\/p>\n\n\n\n<p><\/p>\n\n\n\n<p>Am \u00eencercat s\u0103-i explic c\u0103 mai \u00eent\u00e2i pl\u0103tim chiria, apoi m\u00e2ncarea \u0219i electricitatea. Dar nu conta. El vedea doar ceea ce nu-i puteam da.<\/p>\n\n\n\n<p><\/p>\n\n\n\n<p>\u2014\u00a0<em>Nu-mi pas\u0103 de prostiile astea cu facturile, mam\u0103!<\/em>\u00a0\u2014 a r\u0103bufnit el, cu vocea spart\u0103 de furia adolescentin\u0103 \u2014\u00a0<em>\u0218tii cum e s\u0103-\u0219i bat\u0103 joc de tine? S\u0103 fii singurul copil care nu poate merge \u00een excursia clasei? S\u0103 por\u021bi acelea\u0219i trei tricouri tot anul?<\/em><\/p>\n\n\n\n<p><\/p>\n\n\n\n<p>Mi-am \u00eentins m\u00e2inile, cr\u0103pate de la produsele de cur\u0103\u021benie.<\/p>\n\n\n\n<p><\/p>\n\n\n\n<p>\u2014 Vlad, dragul meu, te rog, \u00een\u021belege. Fac tot ce pot ca s\u0103\u2026<\/p>\n\n\n\n<p><\/p>\n\n\n\n<p>\u2014\u00a0<em>Totul nu e suficient!<\/em>\u00a0\u2014 m-a \u00eentrerupt el cu lacrimile curg\u00e2ndu-i pe obraz \u2014\u00a0<em>Am 17 ani\u2026 dar m\u0103 simt ca un ratat. Eu nu am cerut s\u0103 m\u0103 nasc \u00een via\u021ba asta! Nu am cerut s\u0103 fim s\u0103raci! Nu am cerut s\u0103 fiu fiul t\u0103u!<\/em><\/p>\n\n\n\n<p><\/p>\n\n\n\n<p>Cuvintele lui m-au str\u0103puns ca ni\u0219te cu\u021bite, dar mi-am \u00eenghi\u021bit durerea.<\/p>\n\n\n\n<p><\/p>\n\n\n\n<p>\u2014 Nu suntem s\u0103raci, Vlad. Ne avem unul pe cel\u0103lalt. Asta valoreaz\u0103 mai mult dec\u00e2t\u2026<\/p>\n\n\n\n<p><\/p>\n\n\n\n<p>\u2014\u00a0<em>Nu mai spune asta!<\/em>\u00a0\u2014 a strigat, lovind peretele cu pumnul \u2014\u00a0<em>Iubirea nu pl\u0103te\u0219te nimic! Nu m\u0103 face s\u0103 m\u0103 simt mai bine c\u00e2nd colegii m\u0103 strig\u0103 \u201eVlad de la second-hand\u201d!<\/em><\/p>\n\n\n\n<p><\/p>\n\n\n\n<p>\u2e3b<\/p>\n\n\n\n<p><strong>\u0218i atunci,\u00a0<em>ea<\/em>\u00a0a ap\u0103rut<\/strong><\/p>\n\n\n\n<p><\/p>\n\n\n\n<p>Fostul meu so\u021b s-a rec\u0103s\u0103torit, iar noua lui so\u021bie, mama vitreg\u0103 a lui Vlad, a intrat \u00een via\u021ba noastr\u0103 ca un uragan \u00eenvelit \u00een m\u0103tase de designer.<\/p>\n\n\n\n<p><\/p>\n\n\n\n<p>Adriana era rafinat\u0103, elegant\u0103 \u0219i, cel mai important, bogat\u0103. A venit la c\u0103su\u021ba mea modest\u0103 \u00eentr-un Mercedes str\u0103lucitor, intr\u00e2nd cu siguran\u021ba cuiva care nu s-a g\u00e2ndit niciodat\u0103 la un cont gol.<\/p>\n\n\n\n<p><\/p>\n\n\n\n<p>\u2014\u00a0<em>Oh, Vlad! Am auzit at\u00e2tea despre tine!<\/em>\u00a0\u2014 a zis ea entuziasmat\u0103, \u00een timp ce br\u0103\u021bara cu diamante sclipea \u00een lumin\u0103 c\u00e2nd l-a \u00eembr\u0103\u021bi\u0219at.<\/p>\n\n\n\n<p><\/p>\n\n\n\n<p>\u0218i apoi au venit cadourile: un iPhone nou, un laptop scump, adida\u0219i de firm\u0103.<\/p>\n\n\n\n<p><\/p>\n\n\n\n<p>C\u00e2nd fostul meu so\u021b a sugerat ca Vlad s\u0103 se mute cu ei, Adriana a f\u0103cut oferta \u0219i mai tentant\u0103.<\/p>\n\n\n\n<p><\/p>\n\n\n\n<p>\u2014\u00a0<em>Meri\u021bi mai mult, dragule<\/em>\u00a0\u2014 i-a \u0219optit \u2014\u00a0<em>O camer\u0103 mai mare. O \u0219coal\u0103 mai bun\u0103. O ma\u0219in\u0103 a ta. G\u00e2nde\u0219te-te la oportunit\u0103\u021bi!<\/em><\/p>\n\n\n\n<p><\/p>\n\n\n\n<p>\u0218tiam ce se \u00eent\u00e2mpl\u0103. \u00cei cump\u0103ra iubirea fiului meu, la fel cum probabil \u00eel cump\u0103rase \u0219i pe tat\u0103l lui.<\/p>\n\n\n\n<p><\/p>\n\n\n\n<p>Ce nu m\u0103 a\u0219teptam era c\u00e2t de u\u0219or a fost pentru Vlad s\u0103 se v\u00e2nd\u0103.<\/p>\n\n\n\n<p><\/p>\n\n\n\n<p>\u2014\u00a0<em>Nu mi-ai dat NIMIC!<\/em>\u00a0\u2014 mi-a strigat \u00een acea sear\u0103 \u2014\u00a0<em>M-am s\u0103turat s\u0103 fiu cel mai s\u0103rac dintre to\u021bi! M\u0103 duc la tata \u0219i Adriana, \u0219i nu m\u0103 po\u021bi opri!<\/em><\/p>\n\n\n\n<p><\/p>\n\n\n\n<p>L-am implorat. I-am amintit de nop\u021bile c\u00e2nd am stat treaz\u0103 l\u00e2ng\u0103 el c\u00e2nd era bolnav, de d\u0103\u021bile c\u00e2nd am r\u0103bdat de foame ca el s\u0103 poat\u0103 m\u00e2nca mai bine.<\/p>\n\n\n\n<p><\/p>\n\n\n\n<p>\u2014 Te rog, Vlad \u2014 l-am rugat \u2014 \u00ee\u021bi aminte\u0219ti c\u00e2nd ai avut pneumonie la \u0219apte ani? Nu m-am desprins de tine trei zile. Am dormit \u00een acel scaun incomod de spital pentru c\u0103 nu puteam s\u0103-\u021bi dau drumul la m\u00e2n\u0103.<\/p>\n\n\n\n<p><\/p>\n\n\n\n<p>\u2014\u00a0<em>Asta era datoria ta ca mam\u0103<\/em>\u00a0\u2014 a scuipat el cu r\u0103ceal\u0103 \u2014\u00a0<em>Nu prime\u0219ti puncte \u00een plus pentru c\u0103 faci ce trebuie.<\/em><\/p>\n\n\n\n<p><\/p>\n\n\n\n<p>M-am sim\u021bit ca \u0219i cum m-ar fi p\u0103lmuit.<\/p>\n\n\n\n<p><\/p>\n\n\n\n<p>\u2014 Asta crezi? C\u0103 s\u0103 te iubesc a fost doar\u2026 o datorie?<\/p>\n\n\n\n<p><\/p>\n\n\n\n<p>\u2014\u00a0<em>Ce cred<\/em>\u00a0\u2014 a spus el, arunc\u00e2ndu-\u0219i hainele \u00eentr-un rucsac \u2014\u00a0<em>e c\u0103 tata \u0219i Adriana \u00eemi ofer\u0103 o via\u021b\u0103 adev\u0103rat\u0103. Nu lupta asta f\u0103r\u0103 sf\u00e2r\u0219it.<\/em><\/p>\n\n\n\n<p><\/p>\n\n\n\n<p>\u2014\u00a0<em>Deci asta e tot? M\u0103 schimbi pe o aloca\u021bie mai mare?<\/em><\/p>\n\n\n\n<p><\/p>\n\n\n\n<p>S-a oprit, \u0219i pentru o clip\u0103 i-am v\u0103zut ezitarea pe chip. Dar apoi \u0219i-a \u00eencle\u0219tat maxilarul.<\/p>\n\n\n\n<p><\/p>\n\n\n\n<p>\u2014&nbsp;<em>Ei \u00eemi ofer\u0103 un viitor, mam\u0103. Tu ce-mi oferi \u00een afar\u0103 de\u2026 asta?<\/em>&nbsp;\u2014 a zis, ar\u0103t\u00e2nd spre casa noastr\u0103 mic\u0103.<\/p>\n\n\n\n<p>\u2014&nbsp;<em>Nu vreau s\u0103 r\u0103m\u00e2n blocat cu tine \u0219i via\u021ba ta mizerabil\u0103!<\/em>&nbsp;\u2014 a strigat.<\/p>\n\n\n\n<p>\u0218i a\u0219a, Adriana a venit cu ma\u0219ina ei luxoas\u0103, iar fiul meu a plecat din via\u021ba mea.<\/p>\n\n\n\n<p>Am fugit dup\u0103 el, descul\u021b\u0103 pe asfaltul rece.<\/p>\n\n\n\n<p>\u2014&nbsp;<em>Vlad! Te rog! Nu face asta!<\/em>&nbsp;\u2014 am strigat, f\u0103r\u0103 s\u0103-mi pese cine m\u0103 aude.<\/p>\n\n\n\n<p>Nu s-a uitat \u00eenapoi. Doar s-a urcat \u00een ma\u0219ina Adrianei \u0219i a tr\u00e2ntit u\u0219a.<\/p>\n\n\n\n<p>\u2014&nbsp;<em>Te iubesc!<\/em>&nbsp;\u2014 am strigat \u00een timp ce ma\u0219ina se \u00eendep\u0103rta \u2014&nbsp;<em>Voi fi mereu aici dac\u0103 vei avea nevoie de mine!<\/em><\/p>\n\n\n\n<p>Dar cuvintele mele s-au pierdut \u00een sunetul ro\u021bilor pe asfalt, duc\u00e2ndu-mi unicul fiu departe de mine.<\/p>\n\n\n\n<p>Nu a sunat niciodat\u0103. Niciun mesaj. Patru ani de t\u0103cere. Mi-am \u00eengropat durerea sub monotonia supravie\u021buirii \u0219i m-am convins c\u0103 sunt bine. C\u0103 poate a fost mai bine a\u0219a.<\/p>\n\n\n\n<p>\u0218i apoi, \u00eentr-o noapte, am auzit o b\u0103taie \u00een u\u0219\u0103.<\/p>\n\n\n\n<p>Am deschis, \u0219i acolo era el: Vlad. Am r\u0103mas \u00eenm\u0103rmurit\u0103.<\/p>\n\n\n\n<p>\u2014&nbsp;<em>V-Vlad\u2026? E\u0219ti tu? Doamne\u2026<\/em>&nbsp;\u2014 am \u0219optit, cu ochii \u00een lacrimi.<\/p>\n\n\n\n<p>Abia l-am recunoscut. Umerii lui, c\u00e2ndva drep\u021bi \u0219i \u00eencrez\u0103tori, erau acum \u00eencovoi\u021bi. Fa\u021ba \u00eei era palid\u0103 \u0219i tras\u0103, iar tunsoarea modern\u0103 de alt\u0103dat\u0103 \u00eel f\u0103cea s\u0103 par\u0103 mai slab. Hainele scumpe pe care le purta cu m\u00e2ndrie at\u00e2rnau pe el ca \u0219i cum ar fi fost ale altcuiva.<\/p>\n\n\n\n<p>\u2014&nbsp;<em>Mam\u0103<\/em>&nbsp;\u2014 a spus cu voce r\u0103gu\u0219it\u0103 \u2014&nbsp;<em>Te rog\u2026 am nevoie de ajutorul t\u0103u.<\/em><\/p>\n\n\n\n<p>L-am privit, \u00eenghe\u021bat\u0103 \u00eentre furie \u0219i durere.<\/p>\n\n\n\n<p>\u2014&nbsp;<em>Patru ani<\/em>&nbsp;\u2014 am spus \u00een cele din urm\u0103 \u2014&nbsp;<em>Patru ani, \u0219i abia acum \u00ee\u021bi aminte\u0219ti unde locuiesc.<\/em><\/p>\n\n\n\n<p>Buzele lui au \u00eenceput s\u0103 tremure.<\/p>\n\n\n\n<p>\u2014&nbsp;<em>Mam\u0103, te rog. Sunt bolnav. Rinichii mei\u2026 cedeaz\u0103. Am nevoie de un transplant.<\/em>&nbsp;\u2014 Vocea i s-a fr\u00e2nt \u2014&nbsp;<em>Tata nu vrea s\u0103-l fac\u0103. Adriana\u2026 m-a dat afar\u0103. Nu mai am pe nimeni.<\/em><\/p>\n\n\n\n<p>Cuvintele lui m-au lovit ca o palm\u0103.<\/p>\n\n\n\n<p>\u2014&nbsp;<em>Tat\u0103l t\u0103u nu vrea s\u0103 doneze?<\/em>&nbsp;\u2014 am \u0219optit, uluit\u0103 \u2014&nbsp;<em>B\u0103rbatul pe care l-ai ales\u2026 nu vrea s\u0103 te ajute?<\/em><\/p>\n\n\n\n<p>Ochii lui Vlad s-au umplut de lacrimi.<\/p>\n\n\n\n<p>\u2014&nbsp;<em>A zis\u2026 a zis c\u0103 e prea b\u0103tr\u00e2n\u2026 \u0219i c\u0103 riscurile sunt prea mari. Dar cred c\u0103 doar \u00eei e fric\u0103.<\/em><\/p>\n\n\n\n<p>\u2014&nbsp;<em>\u0218i Adriana? Minunata ta mam\u0103 vitreg\u0103?<\/em>&nbsp;\u2014 n-am putut s\u0103-mi st\u0103p\u00e2nesc am\u0103r\u0103ciunea.<\/p>\n\n\n\n<p>A r\u00e2s scurt \u0219i amar, apoi a \u00eenceput s\u0103 tu\u0219easc\u0103.<\/p>\n\n\n\n<p>\u2014&nbsp;<em>Se pare c\u0103 iubirea ei avea condi\u021bii. C\u00e2nd m-am \u00eemboln\u0103vit \u0219i nu mai puteam \u021bine pasul cu via\u021ba lor perfect\u0103\u2026 i-a spus lui tata c\u0103 am devenit o povar\u0103. C\u0103 boala mea e\u2026 incomod\u0103.<\/em><\/p>\n\n\n\n<p>L-am privit, pe acest fiu fr\u00e2nt care c\u00e2ndva \u00eemi apar\u021binea, \u0219i am sim\u021bit cum mi se rupe inima \u00een dou\u0103\u2026 jum\u0103tate furie, jum\u0103tate durere.<\/p>\n\n\n\n<p>\u2014&nbsp;<em>Deci ce? Nu am \u00eensemnat nimic pentru tine p\u00e2n\u0103 c\u00e2nd ai avut nevoie de o pies\u0103 de schimb?<\/em><\/p>\n\n\n\n<p>A c\u0103zut \u00een genunchi, pl\u00e2ng\u00e2nd cu tot corpul.<\/p>\n\n\n\n<p>\u2014&nbsp;<em>\u0218tiu c\u0103 nu merit nici m\u0103car s\u0103-\u021bi bat la u\u0219\u0103. \u0218tiu c\u0103 ce \u021bi-am f\u0103cut e de neiertat.<\/em><\/p>\n\n\n\n<p>A ridicat privirea, fa\u021ba sc\u0103ldat\u0103 \u00een lacrimi.<\/p>\n\n\n\n<p>\u2014&nbsp;<em>\u00cen fiecare noapte de c\u00e2nd am primit diagnosticul, m-am g\u00e2ndit la ce \u021bi-am spus. La cum am aruncat la gunoi singura persoan\u0103 care nu m-a p\u0103r\u0103sit niciodat\u0103.<\/em><\/p>\n\n\n\n<p>M\u00e2inile \u00eei tremurau \u00een timp ce le \u00eentindea spre ale mele.<\/p>\n\n\n\n<p>\u2014&nbsp;<em>\u0218tiu c\u0103 nu merit. \u0218tiu c\u0103 nu te merit PE TINE. Dar te implor, mam\u0103. Te rog. Te vei testa s\u0103 vezi dac\u0103 e\u0219ti compatibil\u0103?<\/em><\/p>\n\n\n\n<p>Ar fi trebuit s\u0103-i \u00eenchid u\u0219a \u00een fa\u021b\u0103. Ar fi trebuit s\u0103-i spun s\u0103 caute o alt\u0103 femeie bogat\u0103 care s\u0103-l salveze. Dar n-am f\u0103cut-o. Pentru c\u0103, \u00een ciuda tuturor lucrurilor\u2026 era tot fiul meu.<\/p>\n\n\n\n<p>Rezultatele au venit o s\u0103pt\u0103m\u00e2n\u0103 mai t\u00e2rziu. Eram compatibil\u0103.<\/p>\n\n\n\n<p>\u00centins\u0103 pe patul de spital, conectat\u0103 la monitoare, l-am privit pe Vlad a\u0219ezat l\u00e2ng\u0103 mine, cu fa\u021ba \u00eengropat\u0103 \u00een palme.<\/p>\n\n\n\n<p>\u2014&nbsp;<em>\u00cemi pare at\u00e2t de r\u0103u, mam\u0103<\/em>&nbsp;\u2014 a spus printre sughi\u021buri \u2014&nbsp;<em>Am fost egoist \u0219i prost\u2026 N-am \u00een\u021beles. Dar acum \u00een\u021beleg. Te rog, \u00ee\u021bi jur c\u0103 nu te voi mai p\u0103r\u0103si niciodat\u0103.<\/em><\/p>\n\n\n\n<p>I-am \u00eentins m\u00e2na \u0219i am pus-o peste a lui. Degetele lui s-au ag\u0103\u021bat de ale mele de parc\u0103 i-ar fi fost fric\u0103 s\u0103-mi dea drumul.<\/p>\n\n\n\n<p>\u2014&nbsp;<em>Asta sper, Vlad<\/em>&nbsp;\u2014 am murmurat \u2014&nbsp;<em>Chiar sper.<\/em><\/p>\n\n\n\n<p>M-a privit, cu ochii \u00eenro\u0219i\u021bi de pl\u00e2ns.<\/p>\n\n\n\n<p>\u2014&nbsp;<em>C\u00e2nd doctorul a spus c\u0103 e\u0219ti compatibil\u0103\u2026 \u0219tii ce am sim\u021bit? Nu u\u0219urare. Vin\u0103. Vin\u0103 pur\u0103 \u0219i cople\u0219itoare.<\/em><\/p>\n\n\n\n<p>\u2014&nbsp;<em>Dup\u0103 tot ce \u021bi-am f\u0103cut, dup\u0103 ce te-am abandonat pentru ni\u0219te oameni care m-au p\u0103r\u0103sit \u00een clipa \u00een care am devenit o povar\u0103\u2026 tu tot erai dispus\u0103 s\u0103-mi oferi o parte din tine.<\/em><\/p>\n\n\n\n<p>Am privit tavanul, st\u0103p\u00e2nindu-mi lacrimile.<\/p>\n\n\n\n<p>\u2014&nbsp;<em>Asta e iubirea adev\u0103rat\u0103, Vlad. Nu dispare c\u00e2nd lucrurile devin grele.<\/em><\/p>\n\n\n\n<p>\u2014&nbsp;<em>Tata a sunat ieri<\/em>&nbsp;\u2014 a spus \u00eencet.<\/p>\n\n\n\n<p>Respira\u021bia mi s-a oprit.<\/p>\n\n\n\n<p>\u2014&nbsp;<em>Ce voia?<\/em><\/p>\n\n\n\n<p>\u2014&nbsp;<em>S\u0103 \u0219tie dac\u0103 am g\u0103sit un donator. C\u00e2nd i-am spus c\u0103 e\u0219ti tu\u2026<\/em>&nbsp;\u2014 vocea lui Vlad s-a \u00eent\u0103rit \u2014&nbsp;<em>a avut tupeul s\u0103 zic\u0103 c\u0103 \u0219tia dintotdeauna c\u0103 o vei face. Ca \u0219i cum era de a\u0219teptat. Ca \u0219i cum ce \u021bi-am f\u0103cut n-ar conta.<\/em><\/p>\n\n\n\n<p>Am \u00eenchis ochii, sim\u021bind o durere care nu avea leg\u0103tur\u0103 cu opera\u021bia ce m\u0103 a\u0219tepta.<\/p>\n\n\n\n<p>\u2014&nbsp;<em>\u0218i ce i-ai spus?<\/em><\/p>\n\n\n\n<p>Vlad mi-a str\u00e2ns m\u00e2na mai tare.<\/p>\n\n\n\n<p>\u2014&nbsp;<em>I-am spus s\u0103 nu m\u0103 mai contacteze niciodat\u0103. C\u0103 el \u0219i Adriana m-au \u00eenv\u0103\u021bat ce poate cump\u0103ra banii, dar tu\u2026<\/em>&nbsp;\u2014 vocea i s-a fr\u00e2nt \u2014&nbsp;<em>tu m-ai \u00eenv\u0103\u021bat ce nu pot cump\u0103ra niciodat\u0103.<\/em><\/p>\n\n\n\n<p>\u00cen noaptea dinaintea opera\u021biei, \u00een timp ce asistentele se mi\u0219cau \u00een jurul nostru, Vlad s-a aplecat spre patul meu.<\/p>\n\n\n\n<p>\u2014&nbsp;<em>Mi-e fric\u0103, mam\u0103<\/em>&nbsp;\u2014 a m\u0103rturisit cu o voce mic\u0103, ca atunci c\u00e2nd era copil \u0219i se temea de furtuni \u2014&nbsp;<em>Nu de opera\u021bie. Mi-e fric\u0103 c\u0103 te-am r\u0103nit prea tare. C\u0103, chiar dac\u0103-mi dai rinichiul t\u0103u, n-o s\u0103 merit niciodat\u0103 iertarea ta.<\/em><\/p>\n\n\n\n<p>I-am luat fa\u021ba \u00een m\u00e2ini.<\/p>\n\n\n\n<p>\u2014&nbsp;<em>Ascult\u0103-m\u0103. Iertarea nu se c\u00e2\u0219tig\u0103, Vlad. Se ofer\u0103. La fel ca iubirea.<\/em><\/p>\n\n\n\n<p>\u2014&nbsp;<em>Cum po\u021bi s\u0103 m\u0103 mai iube\u0219ti dup\u0103 ce \u021bi-am f\u0103cut?<\/em>&nbsp;\u2014 a \u0219optit.<\/p>\n\n\n\n<p>Am z\u00e2mbit printre lacrimi.<\/p>\n\n\n\n<p>\u2014&nbsp;<em>Pentru c\u0103 asta fac mamele. Iubim dincolo de logic\u0103 \u0219i durere. Inima mea nu a \u00eencetat niciodat\u0103 s\u0103 fie a ta, chiar \u0219i c\u00e2nd tu nu o mai voiai.<\/em><\/p>\n\n\n\n<p>Opera\u021bia a fost un succes. Vlad s-a \u00eens\u0103n\u0103to\u0219it. \u0218i pentru prima dat\u0103 dup\u0103 mul\u021bi ani, nu s-a mai \u00eendep\u0103rtat de mine\u2026 a mers al\u0103turi de mine.<\/p>\n\n\n\n<p>\u00centr-o sear\u0103, \u00een timp ce st\u0103team pe canapea, s-a \u00eentors spre mine.<\/p>\n\n\n\n<p>\u2014&nbsp;<em>Mam\u0103\u2026 dac\u0103 a\u0219 putea schimba totul, a\u0219 face-o. Dar nu pot. Tot ce pot face este s\u0103-\u021bi ar\u0103t c\u0103 nu voi mai repeta aceea\u0219i gre\u0219eal\u0103.<\/em><\/p>\n\n\n\n<p>L-am privit atent.<\/p>\n\n\n\n<p>B\u0103iatul care odinioar\u0103 m-a schimbat pe bani\u2026 acum \u00een\u021belesese c\u0103 singurul lucru pe care banii nu-l pot cump\u0103ra e iubirea.<\/p>\n\n\n\n<p>\u2014&nbsp;<em>Vom vedea, Vlad<\/em>&nbsp;\u2014 i-am spus, str\u00e2ng\u00e2ndu-i m\u00e2na \u2014&nbsp;<em>Vom vedea.<\/em><\/p>\n\n\n\n<p>Banii mi-au r\u0103pit fiul, dar iubirea mi l-a adus \u00eenapoi. \u0218i de data asta, cred c\u0103 a \u00een\u021beles \u00een sf\u00e2r\u0219it c\u0103 exist\u0103 lucruri pe care nicio bog\u0103\u021bie din lume nu le va putea \u00eenlocui vreodat\u0103.<\/p>\n\n\n\n<p><strong>Dac\u0103 \u021bi-a pl\u0103cut povestea, nu uita s\u0103 o distribui cu prietenii t\u0103i! \u00cempreun\u0103 putem duce mai departe emo\u021bia \u0219i inspira\u021bia.<\/strong><\/p>\n","protected":false},"excerpt":{"rendered":"<p>Sunt mam\u0103 singur\u0103 \u0219i i-am oferit fiului meu tot timpul meu, toat\u0103 dragostea \u0219i toate sacrificiile mele. Dar c\u00e2nd mama lui vitreg\u0103 cea bogat\u0103 i-a<\/p>\n","protected":false},"author":1,"featured_media":39810,"comment_status":"closed","ping_status":"closed","sticky":false,"template":"","format":"standard","meta":[],"categories":[1],"tags":[],"_links":{"self":[{"href":"https:\/\/calatorinromania.com\/index.php?rest_route=\/wp\/v2\/posts\/39826"}],"collection":[{"href":"https:\/\/calatorinromania.com\/index.php?rest_route=\/wp\/v2\/posts"}],"about":[{"href":"https:\/\/calatorinromania.com\/index.php?rest_route=\/wp\/v2\/types\/post"}],"author":[{"embeddable":true,"href":"https:\/\/calatorinromania.com\/index.php?rest_route=\/wp\/v2\/users\/1"}],"replies":[{"embeddable":true,"href":"https:\/\/calatorinromania.com\/index.php?rest_route=%2Fwp%2Fv2%2Fcomments&post=39826"}],"version-history":[{"count":1,"href":"https:\/\/calatorinromania.com\/index.php?rest_route=\/wp\/v2\/posts\/39826\/revisions"}],"predecessor-version":[{"id":39827,"href":"https:\/\/calatorinromania.com\/index.php?rest_route=\/wp\/v2\/posts\/39826\/revisions\/39827"}],"wp:featuredmedia":[{"embeddable":true,"href":"https:\/\/calatorinromania.com\/index.php?rest_route=\/wp\/v2\/media\/39810"}],"wp:attachment":[{"href":"https:\/\/calatorinromania.com\/index.php?rest_route=%2Fwp%2Fv2%2Fmedia&parent=39826"}],"wp:term":[{"taxonomy":"category","embeddable":true,"href":"https:\/\/calatorinromania.com\/index.php?rest_route=%2Fwp%2Fv2%2Fcategories&post=39826"},{"taxonomy":"post_tag","embeddable":true,"href":"https:\/\/calatorinromania.com\/index.php?rest_route=%2Fwp%2Fv2%2Ftags&post=39826"}],"curies":[{"name":"wp","href":"https:\/\/api.w.org\/{rel}","templated":true}]}}