{"id":39820,"date":"2025-06-05T05:27:42","date_gmt":"2025-06-05T05:27:42","guid":{"rendered":"https:\/\/calatorinromania.com\/?p=39820"},"modified":"2025-06-05T05:27:43","modified_gmt":"2025-06-05T05:27:43","slug":"pensiile-mai-mari-de-2-500-de-lei-taxate-ce-spune-presedintele-romaniei","status":"publish","type":"post","link":"https:\/\/calatorinromania.com\/?p=39820","title":{"rendered":"Pensiile mai mari de 2.500 de lei, taxate? Ce spune pre\u0219edintele Rom\u00e2niei"},"content":{"rendered":"\n<p>Pensiile mai mari de 2.500 de lei ar putea fi taxate cu contribu\u021bia pentru s\u0103n\u0103tate, potrivit discu\u021biilor purtate \u00eentre partidele care negociaz\u0103 formarea noului guvern. Pre\u0219edintele Rom\u00e2niei, Nicu\u0219or Dan, a confirmat miercuri c\u0103 aceast\u0103 m\u0103sur\u0103 este luat\u0103 \u00een calcul, dar nu s-a ajuns la o decizie final\u0103 privind pragul exact de la care se va aplica CASS.<\/p>\n\n\n\n<p><\/p>\n\n\n\n<h2>Pensiile mai mari de 2.500 de lei ar putea fi taxate. Ce spune Nicu\u0219or Dan<\/h2>\n\n\n\n<p><\/p>\n\n\n\n<p>\u00cen acest moment, pensionarii pl\u0103tesc impozit de 10% pentru sumele care dep\u0103\u0219esc 3.000 de lei. \u00cen prezent, se discut\u0103 despre o posibil\u0103 taxare a celor care primesc pensii de la 2.500 de lei \u00een sus pentru contribu\u021bia la s\u0103n\u0103tate, \u00eens\u0103 nu s-a ajuns la o decizie clar\u0103.<\/p>\n\n\n\n<p><\/p>\n\n\n\n<p>\u00centrebat despre introducerea CASS pentru pensionari, Nicu\u0219or Dan a r\u0103spuns clar c\u0103 ideea este pe mas\u0103, dar nu a fost stabilit\u0103 o form\u0103 final\u0103.<strong><em>\u00a0\u201eEste una din m\u0103surile din pachet. Nu v\u0103 pot confirma pragul de 2.500 lei de la care pensionarii vor pl\u0103ti asigur\u0103ri de s\u0103n\u0103tate\u201d<\/em><\/strong>, a spus pre\u0219edintele.<\/p>\n\n\n\n<p><\/p>\n\n\n\n<p>Totu\u0219i, \u0219eful statului a \u021binut s\u0103 men\u021bioneze c\u0103\u00a0taxarea pensiilor\u00a0peste 2.500 de lei nu este o decizie definitiv\u0103.\u00a0<strong><em>\u201eP\u00e2n\u0103 acum, a\u0219a cum am spus, sunt multe variante pe mas\u0103. Niciuna nu a fost agreat\u0103 \u0219i nici nu a fost pus\u0103 \u00een discu\u021bie ca s\u0103 fie un consens.\u201d<\/em><\/strong><\/p>\n\n\n\n<p><\/p>\n\n\n\n<h2>Cum s-ar putea calcula contribu\u021bia de s\u0103n\u0103tate<\/h2>\n\n\n\n<p><\/p>\n\n\n\n<p>Potrivit surselor\u00a0<a rel=\"noreferrer noopener\" href=\"https:\/\/newsweek.ro\/social\/nicusor-dan-anuntul-zilei-despre-pensie-ce-spune-despre-taxarea-pensiilor-mai-mari-de-2500-lei\" target=\"_blank\">Newsweek<\/a>, calculul pentru CASS ar urma s\u0103 fie simplu: 10% din suma care dep\u0103\u0219e\u0219te pragul de 2.500 lei. Modelul de calcul de mai jos este asem\u0103n\u0103tor celui folosit pentru impozitarea veniturilor care dep\u0103\u0219esc anumite plafoane.<\/p>\n\n\n\n<p><\/p>\n\n\n\n<p>Iat\u0103 c\u00e2teva exemple:<\/p>\n\n\n\n<p><\/p>\n\n\n\n<ul>\n<li>Pensie de 3.000 lei \u2013 10% din 500 lei = 50 lei CASS<\/li>\n\n\n\n<li>Pensie de 4.000 lei \u2013 10% din 1.500 lei = 150 lei CASS<\/li>\n\n\n\n<li>Pensie de 5.000 lei \u2013 10% din 2.500 lei = 250 lei CASS.<\/li>\n<\/ul>\n\n\n\n<p><\/p>\n\n\n\n<h2>Ce spune Nicu\u0219or Dan despre formarea guvernului<\/h2>\n\n\n\n<p>Pre\u0219edintele Nicu\u0219or Dan a mai vorbit miercuri,\u00a0\u00een prima conferin\u021b\u0103 \u00een calitate de \u0219ef de stat\u00a0sus\u021binut\u0103 de la Palatul Cotroceni, \u0219i despre consult\u0103rile pentru formarea noului guvern. El a explicat c\u0103 nu este exclus\u0103 nicio variant\u0103, nici tehnocrat\u0103, nici \u201erotativ\u0103\u201d. Pre\u0219edintele a anun\u021bat c\u0103 se lucreaz\u0103 deja la programul de guvernare \u0219i c\u0103 o prim\u0103 variant\u0103 ar putea fi gata chiar de luni:<\/p>\n\n\n\n<p><\/p>\n\n\n\n<p><strong><em>\u201eAm avut ieri discu\u021bii individuale cu reprezentan\u021bii partidelor pro-occidentale. De ieri, am \u00eenceput grupul de lucru pentru elaborarea programului de guvernare, la care particip\u0103 tehnic, corespunz\u0103tor fiec\u0103rui minister, reprezentan\u021bii partidelor. Ne dorim ca luni s\u0103 avem o prim\u0103 schi\u021b\u0103 \u0219i de aici s\u0103 \u00eenceap\u0103 discu\u021bia pe acordul de guvernare\u201d<\/em><\/strong>, a explicat \u0219eful statului.<\/p>\n\n\n\n<p><strong>Dac\u0103 \u021bi-a pl\u0103cut povestea, nu uita s\u0103 o distribui cu prietenii t\u0103i! \u00cempreun\u0103 putem duce mai departe emo\u021bia \u0219i inspira\u021bia.<\/strong><\/p>\n","protected":false},"excerpt":{"rendered":"<p>Pensiile mai mari de 2.500 de lei ar putea fi taxate cu contribu\u021bia pentru s\u0103n\u0103tate, potrivit discu\u021biilor purtate \u00eentre partidele care negociaz\u0103 formarea noului guvern.<\/p>\n","protected":false},"author":1,"featured_media":39810,"comment_status":"closed","ping_status":"closed","sticky":false,"template":"","format":"standard","meta":[],"categories":[1],"tags":[],"_links":{"self":[{"href":"https:\/\/calatorinromania.com\/index.php?rest_route=\/wp\/v2\/posts\/39820"}],"collection":[{"href":"https:\/\/calatorinromania.com\/index.php?rest_route=\/wp\/v2\/posts"}],"about":[{"href":"https:\/\/calatorinromania.com\/index.php?rest_route=\/wp\/v2\/types\/post"}],"author":[{"embeddable":true,"href":"https:\/\/calatorinromania.com\/index.php?rest_route=\/wp\/v2\/users\/1"}],"replies":[{"embeddable":true,"href":"https:\/\/calatorinromania.com\/index.php?rest_route=%2Fwp%2Fv2%2Fcomments&post=39820"}],"version-history":[{"count":1,"href":"https:\/\/calatorinromania.com\/index.php?rest_route=\/wp\/v2\/posts\/39820\/revisions"}],"predecessor-version":[{"id":39821,"href":"https:\/\/calatorinromania.com\/index.php?rest_route=\/wp\/v2\/posts\/39820\/revisions\/39821"}],"wp:featuredmedia":[{"embeddable":true,"href":"https:\/\/calatorinromania.com\/index.php?rest_route=\/wp\/v2\/media\/39810"}],"wp:attachment":[{"href":"https:\/\/calatorinromania.com\/index.php?rest_route=%2Fwp%2Fv2%2Fmedia&parent=39820"}],"wp:term":[{"taxonomy":"category","embeddable":true,"href":"https:\/\/calatorinromania.com\/index.php?rest_route=%2Fwp%2Fv2%2Fcategories&post=39820"},{"taxonomy":"post_tag","embeddable":true,"href":"https:\/\/calatorinromania.com\/index.php?rest_route=%2Fwp%2Fv2%2Ftags&post=39820"}],"curies":[{"name":"wp","href":"https:\/\/api.w.org\/{rel}","templated":true}]}}