{"id":39816,"date":"2025-06-04T08:56:38","date_gmt":"2025-06-04T08:56:38","guid":{"rendered":"https:\/\/calatorinromania.com\/?p=39816"},"modified":"2025-06-04T08:56:39","modified_gmt":"2025-06-04T08:56:39","slug":"mosii-de-vara-2025","status":"publish","type":"post","link":"https:\/\/calatorinromania.com\/?p=39816","title":{"rendered":"Mosii de vara 2025"},"content":{"rendered":"\n<p><\/p>\n\n\n\n<p>Mo\u0219ii de var\u0103 sunt pr\u0103znui\u021bi \u00een fiecare an, la 49 de zile de la \u00cenvierea Domnului, cu o zi \u00eenainte de Rusalii. Anul acesta, mo\u0219ii sunt s\u0103rb\u0103tori\u021bi pe 7 iunie.<\/p>\n\n\n\n<p><\/p>\n\n\n\n<p>Mo\u0219ii de var\u0103 2025. Mai sunt cunoscu\u021bi \u0219i ca mo\u0219ii cire\u0219elor sau mo\u0219ii de Rusalii. Mo\u0219ii de var\u0103 sunt \u00een fiecare an lega\u021bi de s\u0103rb\u0103toarea Rusaliilor, dearece se crede c\u0103 sufletele celor adormi\u021bi se \u00eentorc \u00een \u00cemp\u0103r\u0103\u021bia Domnului de Rusalii.<\/p>\n\n\n\n<p><\/p>\n\n\n\n<p>\u00cenc\u0103 de la \u00eenceputurile cre\u0219tinismului, oamenii s-au rugat pentru cei adormi\u021bi, pentru fiin\u021bele dragi care au p\u0103r\u0103sit lumea noastr\u0103, pentru a ajunge \u00een \u00cemp\u0103r\u0103\u021bia lui Dumnezeu. Rug\u0103ciunile, c\u00e2nt\u0103rile, micile ofrande pe care le aducem celor mor\u021bi \u0219i slujbele din biserici sunt de mare ajutor pentru ca p\u0103catele lor s\u0103 fie iertate \u0219i s\u0103 se bucure de via\u021ba f\u0103r\u0103 de griji de dincolo.<\/p>\n\n\n\n<p><\/p>\n\n\n\n<p>Iisus Hristos ne-a \u00eenv\u0103\u021bat c\u0103 sufletul omului este nemuritor \u0219i niciunul dintre noi nu piere cu adev\u0103rat. Prin moarte, un bun cre\u0219tin \u0219tie c\u0103 se desparte de trup, dar c\u0103l\u0103tore\u0219te cu sufletul \u00een \u00cemp\u0103r\u0103\u021bia lui Dumnezeu. Via\u021ba de apoi \u0219i promisiunea unei existen\u021be divine, lipsit\u0103 de griji \u0219i durere \u00een s\u00e2nul lui Dumnezeu, este unul dintre st\u00e2lpii credin\u021bei cre\u0219tine.<\/p>\n\n\n\n<p><\/p>\n\n\n\n<p>C\u00e2nd Iisus a intrat \u00een casa lui Iair, a c\u0103rui fiic\u0103 de numai 12 ani murise, El le-a spus p\u0103rin\u021bilor: \u201dNu pl\u00e2nge\u021bi, c\u0103ci nu a murit, ci doarme!\u201d Trupul moare, dar spiritul adoarme \u0219i se treze\u0219te \u00een via\u021ba de apoi unde are de \u00eenfruntat Judecata Domnului. Prin marele sacrificiu f\u0103cut de Iisus, noi oamenii avem \u0219ansa s\u0103 ne pl\u0103tim p\u0103catele \u0219i s\u0103 ne bucur\u0103m de via\u021ba ve\u0219nic\u0103, deoarece aceast\u0103 \u201dadormire a spiritului\u201d reprezint\u0103 de fapt \u00eenvierea pe lumea cealalt\u0103.<\/p>\n\n\n\n<p><\/p>\n\n\n\n<p>Supersti\u021bii \u0219i obiceiuri de Mo\u0219i<\/p>\n\n\n\n<p><\/p>\n\n\n\n<p>Mo\u0219ii de var\u0103 \u00een 2025 continu\u0103 s\u0103 fie \u00eenconjura\u021bi cu numeroase supersti\u021bii \u0219i obiceiuri, multe dintre ele cu r\u0103d\u0103cini \u00een vremurile precre\u0219tine. Oamenii credeau c\u0103 sufletele celor mor\u021bi p\u0103r\u0103sesc mormintele \u00een Joia Mare, dinaintea Pa\u0219telui, apoi r\u0103t\u0103cesc prin lume timp de 50 de zile. Abia \u00een S\u00e2mb\u0103ta Rusaliilor ele se \u00eentorc pe lumea cealalt\u0103 \u0219i urc\u0103 \u00een \u00cemp\u0103r\u0103\u021bia lui Dumnezeu.<\/p>\n\n\n\n<p><\/p>\n\n\n\n<p>Se spune c\u0103, \u00een seara zilei de S\u00e2mb\u0103ta Mor\u021bilor, sufletele celor r\u0103t\u0103ci\u021bi se pot \u00eentoarce \u00een locurile \u00een care au copil\u0103rit \u0219i \u00een care au tr\u0103it. \u0218i nu pot pleca \u00eemp\u0103cate, dac\u0103 nu li se aduc mici ofrande \u0219i dac\u0103 rudele lor \u00een via\u021b\u0103 nu dau de poman\u0103. De aceea, se \u00eempodobesc u\u0219ile \u0219i frestrele cu flori de tei frumos mirositoare sau cu frunze de nuc.<\/p>\n\n\n\n<p><\/p>\n\n\n\n<p>De obicei, bunii cre\u0219tini dau de poman\u0103 alimente care au fost pe placul unuia dintre r\u0103posa\u021bii pe care familia l-a pierdut de cur\u00e2nd. Dar, \u00een mod tradi\u021bional, la mo\u0219ii de var\u0103 \u00een 2025 se cump\u0103r\u0103 vase de lut noi \u0219i tac\u00e2muri din lemn care se \u00eempodobesc cu ramuri \u0219i flori de tei \u0219i cu cire\u0219e coapte sau cu flori.<\/p>\n\n\n\n<p><\/p>\n\n\n\n<p>Se mai dau de poman\u0103 \u00een mod tradi\u021bional s\u0103rm\u0103lu\u021be \u00een foi de vi\u021b\u0103, colaci proaspe\u021bi, orez cu lapte \u0219i cire\u0219e coapte, al\u0103turi de un pahar de vin ro\u0219u \u0219i de o lum\u00e2nare aprins\u0103. Se spune c\u0103 pomana trebuie s\u0103 fie cald\u0103, astfel \u00eenc\u00e2t aroma bucatelor s\u0103 aline sufletul celor r\u0103posa\u021bi \u0219i s\u0103 le ostoiasc\u0103 dorul de cas\u0103, pentru a intra \u00eemp\u0103ca\u021bi \u00een \u00cemp\u0103r\u0103\u021bia Domnului.<\/p>\n\n\n\n<p><\/p>\n\n\n\n<p>Se mai spune c\u0103 femeile care merg la biseric\u0103 \u0219i preg\u0103tesc de fiecare dat\u0103 poman\u0103 pentru s\u00e2mb\u0103ta mor\u021bilor vor fi tot anul s\u0103n\u0103toase \u0219i puternice.<\/p>\n\n\n\n<p><\/p>\n\n\n\n<p>O alt\u0103 credin\u021b\u0103 veche spune c\u0103 este bine s\u0103 dai de poman\u0103, l\u00e2ng\u0103 o bucat\u0103 de carne sau de br\u00e2nz\u0103, \u0219i c\u00e2teva fire de ceap\u0103 verde, pentru a te bucura de legume \u0219i fructe bogate \u00een gr\u0103din\u0103 toat\u0103 vara.<\/p>\n\n\n\n<p><\/p>\n\n\n\n<p>\u00cen calendarul ortodox, mo\u0219ii de var\u0103 \u00een 2025 sunt urma\u021bi de Pogor\u00e2rea Duhului Sf\u00e2nt, care are loc la 50 de zile dup\u0103 Pa\u0219te \u00een duminica Rusaliilor. Cobor\u00e2rea Sf\u00e2ntului Duh asupra apostolilor reprezint\u0103 \u00eenceputul bisericii cre\u0219tine.<\/p>\n\n\n\n<p><\/p>\n\n\n\n<p>Coborarea Sfantului Duh este marea s\u0103rb\u0103toare prin care se \u00eencheie leg\u0103m\u00e2ntul f\u0103cut de Dumnezeu c\u0103tre poporul s\u0103u, c\u0103ruia i-a promis \u00eenvierea dup\u0103 moarte \u00een \u00cemp\u0103r\u0103\u021bia cerurilor. De Rusalii, toate sufletele r\u0103t\u0103citoare trebuie s\u0103 se \u00eentoarc\u0103 \u00een lumea de dincolo, p\u0103r\u0103sindu-i pe cei dragi pentru a se al\u0103tura lui Dumnezeu., sursa Libertatea pentru femei<\/p>\n\n\n\n<p><\/p>\n\n\n\n<p><strong>Dac\u0103 \u021bi-a pl\u0103cut povestea, nu uita s\u0103 o distribui cu prietenii t\u0103i! \u00cempreun\u0103 putem duce mai departe emo\u021bia \u0219i inspira\u021bia.<\/strong><\/p>\n","protected":false},"excerpt":{"rendered":"<p>Mo\u0219ii de var\u0103 sunt pr\u0103znui\u021bi \u00een fiecare an, la 49 de zile de la \u00cenvierea Domnului, cu o zi \u00eenainte de Rusalii. Anul acesta, mo\u0219ii<\/p>\n","protected":false},"author":1,"featured_media":39781,"comment_status":"closed","ping_status":"closed","sticky":false,"template":"","format":"standard","meta":[],"categories":[1],"tags":[],"_links":{"self":[{"href":"https:\/\/calatorinromania.com\/index.php?rest_route=\/wp\/v2\/posts\/39816"}],"collection":[{"href":"https:\/\/calatorinromania.com\/index.php?rest_route=\/wp\/v2\/posts"}],"about":[{"href":"https:\/\/calatorinromania.com\/index.php?rest_route=\/wp\/v2\/types\/post"}],"author":[{"embeddable":true,"href":"https:\/\/calatorinromania.com\/index.php?rest_route=\/wp\/v2\/users\/1"}],"replies":[{"embeddable":true,"href":"https:\/\/calatorinromania.com\/index.php?rest_route=%2Fwp%2Fv2%2Fcomments&post=39816"}],"version-history":[{"count":1,"href":"https:\/\/calatorinromania.com\/index.php?rest_route=\/wp\/v2\/posts\/39816\/revisions"}],"predecessor-version":[{"id":39817,"href":"https:\/\/calatorinromania.com\/index.php?rest_route=\/wp\/v2\/posts\/39816\/revisions\/39817"}],"wp:featuredmedia":[{"embeddable":true,"href":"https:\/\/calatorinromania.com\/index.php?rest_route=\/wp\/v2\/media\/39781"}],"wp:attachment":[{"href":"https:\/\/calatorinromania.com\/index.php?rest_route=%2Fwp%2Fv2%2Fmedia&parent=39816"}],"wp:term":[{"taxonomy":"category","embeddable":true,"href":"https:\/\/calatorinromania.com\/index.php?rest_route=%2Fwp%2Fv2%2Fcategories&post=39816"},{"taxonomy":"post_tag","embeddable":true,"href":"https:\/\/calatorinromania.com\/index.php?rest_route=%2Fwp%2Fv2%2Ftags&post=39816"}],"curies":[{"name":"wp","href":"https:\/\/api.w.org\/{rel}","templated":true}]}}