{"id":39793,"date":"2025-06-04T08:25:05","date_gmt":"2025-06-04T08:25:05","guid":{"rendered":"https:\/\/calatorinromania.com\/?p=39793"},"modified":"2025-06-04T08:25:05","modified_gmt":"2025-06-04T08:25:05","slug":"agrisul-indian-fructul-minune-cu-de-20-de-ori-mai-multa-vitamina-c-decat-lamaia","status":"publish","type":"post","link":"https:\/\/calatorinromania.com\/?p=39793","title":{"rendered":"Agrisul Indian \u2013 Fructul minune cu de 20 de ori mai mult\u0103 vitamina C dec\u00e2t l\u0103m\u00e2ia!"},"content":{"rendered":"\n<h1><\/h1>\n\n\n\n<p>\ud83d\udd0e <strong>\u0218tiai c\u0103 acest super-fruct se g\u0103se\u0219te \u0219i \u00een Rom\u00e2nia?<\/strong><\/p>\n\n\n\n<p><\/p>\n\n\n\n<h3>\ud83c\udf0d <strong>O comoar\u0103 a medicinei tradi\u021bionale<\/strong><\/h3>\n\n\n\n<p><\/p>\n\n\n\n<p>Cunoscut sub numele de <strong>&#8222;Agris\u0103 Indian\u0103&#8221;<\/strong> (<em>Amla<\/em>), acest fruct este folosit de <strong>peste 500 de ani<\/strong> \u00een medicina tradi\u021bional\u0103 indian\u0103. Cu un gust unic \u2013 <strong>dulce-acri\u0219or, u\u0219or piperat \u0219i am\u0103rui<\/strong>, agrisa a cucerit \u00eentreaga lume prin <strong>beneficiile sale uimitoare pentru s\u0103n\u0103tate<\/strong>.<\/p>\n\n\n\n<p><\/p>\n\n\n\n<h3>\ud83c\udf4b <strong>1 agris\u0103 = 20 de l\u0103m\u00e2i<\/strong><\/h3>\n\n\n\n<p><\/p>\n\n\n\n<p>\ud83d\udcc8 <strong>Vitamina C la superlativ<\/strong>:<br>100g de agrise proaspete con\u021bin \u00eentre <strong>470 \u0219i 680 mg de vitamina C<\/strong> \u2013 de <strong>peste 20 de ori mai mult<\/strong> dec\u00e2t o l\u0103m\u00e2ie! Este considerat\u0103 <strong>una dintre cele mai puternice surse naturale de antioxidan\u021bi<\/strong>.<\/p>\n\n\n\n<p><\/p>\n\n\n\n<h3>\ud83d\udcaa <strong>Ce beneficii \u00ee\u021bi aduce consumul de agrise<\/strong><\/h3>\n\n\n\n<p><\/p>\n\n\n\n<h4>\ud83d\udd0b <strong>\u00cent\u0103re\u0219te sistemul imunitar<\/strong><\/h4>\n\n\n\n<ul>\n<li>Neutralizeaz\u0103 radicalii liberi<\/li>\n\n\n\n<li>Ajut\u0103 la producerea de leucocite<\/li>\n\n\n\n<li>Cur\u0103\u021b\u0103 vasele de s\u00e2nge<\/li>\n<\/ul>\n\n\n\n<p><\/p>\n\n\n\n<h4>\ud83e\udec1 <strong>Amelioreaz\u0103 afec\u021biunile respiratorii<\/strong><\/h4>\n\n\n\n<ul>\n<li>Calmeaz\u0103 tusea<\/li>\n\n\n\n<li>U\u0219ureaz\u0103 durerile \u00een g\u00e2t<\/li>\n\n\n\n<li>Ajut\u0103 \u00een caz de bron\u0219it\u0103 \u0219i astm<\/li>\n<\/ul>\n\n\n\n<p><\/p>\n\n\n\n<h4>\ud83e\ude7a <strong>Sus\u021bine func\u021bia hepatic\u0103 \u0219i pancreatic\u0103<\/strong><\/h4>\n\n\n\n<ul>\n<li>Detoxific\u0103 ficatul<\/li>\n\n\n\n<li>Protejeaz\u0103 \u00eempotriva efectelor secundare ale medicamentelor<\/li>\n\n\n\n<li>Reduce balonarea \u0219i disconfortul abdominal<\/li>\n<\/ul>\n\n\n\n<p><\/p>\n\n\n\n<h4>\ud83e\uddec <strong>Lucreaz\u0103 \u00eempotriva diabetului<\/strong><\/h4>\n\n\n\n<ul>\n<li>Regleaz\u0103 nivelul glicemiei<\/li>\n\n\n\n<li>Echilibreaz\u0103 secre\u021bia de insulin\u0103<\/li>\n\n\n\n<li>Studiile arat\u0103 c\u0103 <strong>3g de pudr\u0103 de agrise<\/strong> pot fi <strong>mai eficiente dec\u00e2t unele medicamente clasice pentru diabet de tip 2<\/strong><\/li>\n<\/ul>\n\n\n\n<p><\/p>\n\n\n\n<h4>\ud83d\udc87\u200d\u2640\ufe0f <strong>Red\u0103 vitalitatea p\u0103rului<\/strong><\/h4>\n\n\n\n<ul>\n<li>Aplicat\u0103 pe scalp (sub form\u0103 de past\u0103), <strong>regenereaz\u0103 fibra capilar\u0103<\/strong><\/li>\n\n\n\n<li>Hidrateaz\u0103 \u0219i red\u0103 str\u0103lucirea natural\u0103 p\u0103rului<\/li>\n<\/ul>\n\n\n\n<p><\/p>\n\n\n\n<blockquote class=\"wp-block-quote\">\n<p>\u2705 <em>Re\u021bet\u0103 rapid\u0103<\/em>: Amestec\u0103 pudr\u0103 de agrise cu ap\u0103, las\u0103 1 or\u0103, maseaz\u0103 scalpul \u0219i cl\u0103te\u0219te dup\u0103 30\u201360 minute.<\/p>\n\n\n\n<p><\/p>\n<\/blockquote>\n\n\n\n<h3>\ud83e\uddea Ce con\u021bine \u00een afar\u0103 de vitamina C?<\/h3>\n\n\n\n<ul>\n<li><strong>Flavonoide<\/strong><\/li>\n\n\n\n<li><strong>Taninuri<\/strong><\/li>\n\n\n\n<li><strong>Minerale esen\u021biale<\/strong> pentru regenerare \u0219i detoxifiere<\/li>\n<\/ul>\n\n\n\n<p><\/p>\n\n\n\n<h3>\ud83c\udf31 <strong>Agrisele \u00een Rom\u00e2nia<\/strong><\/h3>\n\n\n\n<p><\/p>\n\n\n\n<p>De\u0219i nu sunt foarte r\u0103sp\u00e2ndite, <strong>agrisele se cultiv\u0103 \u0219i la noi<\/strong> \u2013 mai ales \u00een:<\/p>\n\n\n\n<ul>\n<li><strong>Harghita \u0219i Covasna<\/strong><\/li>\n\n\n\n<li>Ocazional \u00een partea de vest a \u021b\u0103rii<\/li>\n<\/ul>\n\n\n\n<p><\/p>\n\n\n\n<p>\ud83d\udc40 \u00cen Ungaria \u0219i Germania, agrisele sunt foarte populare \u0219i consumate \u00een cantit\u0103\u021bi mari. Din p\u0103cate, \u00een Rom\u00e2nia <strong>nu exist\u0103 o tradi\u021bie a consumului<\/strong>, de aceea produc\u021bia este redus\u0103 \u0219i deseori destinat\u0103 <strong>exportului<\/strong>.<\/p>\n\n\n\n<p><\/p>\n\n\n\n<p><\/p>\n\n\n\n<blockquote class=\"wp-block-quote\">\n<p>\ud83d\udde3\ufe0f &#8222;Cererea este at\u00e2t de mare \u00eenc\u00e2t multe planta\u021bii din Rom\u00e2nia export\u0103 aproape toat\u0103 produc\u021bia&#8221;, spune Orlaie, inginer horticol din Hida.<\/p>\n<\/blockquote>\n\n\n\n<p><\/p>\n\n\n\n<h3>\u2705 <strong>Concluzie<\/strong><\/h3>\n\n\n\n<p>Agrisul Indian este <strong>unul dintre cele mai valoroase fructe pentru s\u0103n\u0103tate<\/strong>.<br>\u2714\ufe0f Are o <strong>concentra\u021bie record de vitamina C<\/strong><br>\u2714\ufe0f Este un <strong>puternic antioxidant natural<\/strong><br>\u2714\ufe0f Sprijin\u0103 <strong>imunitatea, detoxifierea, frumuse\u021bea \u0219i respira\u021bia<\/strong><br>\u2714\ufe0f \u0218i poate fi <strong>aliatul t\u0103u natural \u00eempotriva diabetului<\/strong><\/p>\n\n\n\n<p><\/p>\n\n\n\n<p><\/p>\n\n\n\n<p>\ud83d\udc9a <strong>Include agrisa \u00een rutina ta zilnic\u0103 \u0219i bucur\u0103-te de energie, s\u0103n\u0103tate \u0219i echilibru \u2013 100% natural!<\/strong><\/p>\n\n\n\n<p>Vrei \u0219i o versiune adaptat\u0103 pentru re\u021bea social\u0103, newsletter sau video script? Pot preg\u0103ti \u00een formatul dorit! \ud83d\ude0a<\/p>\n\n\n\n<p><\/p>\n\n\n\n<p><strong>Este important s\u0103 incluzi o varietate de legume \u00een dieta ta pentru a asigura un aport diversificat de nutrien\u021bi. Dac\u0103 ai anumite condi\u021bii de s\u0103n\u0103tate sau preocup\u0103ri alimentare, este \u00eentotdeauna recomandat s\u0103 consul\u021bi un profesionist \u00een domeniul s\u0103n\u0103t\u0103\u021bii pentru sfaturi personalizate.<\/strong><\/p>\n\n\n\n<p><strong>Informa\u021biile prezentate \u00een acest website au caracter informativ \u0219i nu \u00eenlocuiesc diagnosticul medical sau prospectul produselor. Orice decizie privind s\u0103n\u0103tatea dumneavoastr\u0103 trebuie luat\u0103 doar \u00een urma consult\u0103rii medicului.<\/strong><\/p>\n\n\n\n<p><strong>DISCLAIMER: Acest site este neutru din punct de vedere politic \u0219i nu sus\u021bine niciun partid sau ideologie politic\u0103.<\/strong><\/p>\n","protected":false},"excerpt":{"rendered":"<p>\ud83d\udd0e \u0218tiai c\u0103 acest super-fruct se g\u0103se\u0219te \u0219i \u00een Rom\u00e2nia? \ud83c\udf0d O comoar\u0103 a medicinei tradi\u021bionale Cunoscut sub numele de &#8222;Agris\u0103 Indian\u0103&#8221; (Amla), acest fruct<\/p>\n","protected":false},"author":1,"featured_media":39794,"comment_status":"closed","ping_status":"closed","sticky":false,"template":"","format":"standard","meta":[],"categories":[1],"tags":[],"_links":{"self":[{"href":"https:\/\/calatorinromania.com\/index.php?rest_route=\/wp\/v2\/posts\/39793"}],"collection":[{"href":"https:\/\/calatorinromania.com\/index.php?rest_route=\/wp\/v2\/posts"}],"about":[{"href":"https:\/\/calatorinromania.com\/index.php?rest_route=\/wp\/v2\/types\/post"}],"author":[{"embeddable":true,"href":"https:\/\/calatorinromania.com\/index.php?rest_route=\/wp\/v2\/users\/1"}],"replies":[{"embeddable":true,"href":"https:\/\/calatorinromania.com\/index.php?rest_route=%2Fwp%2Fv2%2Fcomments&post=39793"}],"version-history":[{"count":1,"href":"https:\/\/calatorinromania.com\/index.php?rest_route=\/wp\/v2\/posts\/39793\/revisions"}],"predecessor-version":[{"id":39795,"href":"https:\/\/calatorinromania.com\/index.php?rest_route=\/wp\/v2\/posts\/39793\/revisions\/39795"}],"wp:featuredmedia":[{"embeddable":true,"href":"https:\/\/calatorinromania.com\/index.php?rest_route=\/wp\/v2\/media\/39794"}],"wp:attachment":[{"href":"https:\/\/calatorinromania.com\/index.php?rest_route=%2Fwp%2Fv2%2Fmedia&parent=39793"}],"wp:term":[{"taxonomy":"category","embeddable":true,"href":"https:\/\/calatorinromania.com\/index.php?rest_route=%2Fwp%2Fv2%2Fcategories&post=39793"},{"taxonomy":"post_tag","embeddable":true,"href":"https:\/\/calatorinromania.com\/index.php?rest_route=%2Fwp%2Fv2%2Ftags&post=39793"}],"curies":[{"name":"wp","href":"https:\/\/api.w.org\/{rel}","templated":true}]}}