{"id":39787,"date":"2025-06-04T08:15:22","date_gmt":"2025-06-04T08:15:22","guid":{"rendered":"https:\/\/calatorinromania.com\/?p=39787"},"modified":"2025-06-04T08:15:22","modified_gmt":"2025-06-04T08:15:22","slug":"parintii-mei-m-au-dat-afara-acum-14-ani-iar-ieri-fiul-meu-i-a-gasit-si-i-a-adus-la-mine-acasa","status":"publish","type":"post","link":"https:\/\/calatorinromania.com\/?p=39787","title":{"rendered":"P\u0103rin\u021bii mei m-au dat afar\u0103 acum 14 ani, iar ieri fiul meu i-a g\u0103sit \u0219i i-a adus la mine acas\u0103"},"content":{"rendered":"\n<p>O femeie dat\u0103 afar\u0103 de p\u0103rin\u021bi se \u00eent\u00e2lne\u0219te cu ei dup\u0103 paisprezece ani, c\u00e2nd fiul ei \u00eei aduce nea\u0219teptat acas\u0103 pentru a face o dezv\u0103luire emo\u021bionant\u0103 la care nu se a\u0219tepta.<\/p>\n\n\n\n<p><\/p>\n\n\n\n<p>\u201eVrei s\u0103 conduc eu magazinul de alimente doar ca s\u0103 men\u021bin mo\u0219tenirea familiei?\u201d am argumentat cu p\u0103rin\u021bii mei. Era doar o s\u0103pt\u0103m\u00e2n\u0103 dup\u0103 absolvire.<\/p>\n\n\n\n<p><\/p>\n\n\n\n<p>Totul p\u0103rea bine, sau a\u0219a credeam, p\u00e2n\u0103 c\u00e2nd tata mi-a spus c\u0103 vrea s\u0103 discut\u0103m despre viitorul meu. Credeam c\u0103 \u00eemi va onora visul de a deveni avocat. Dar am avut parte de o surpriz\u0103 c\u00e2nd mi-a spus c\u0103 trebuie s\u0103 preiau afacerea de familie\u2026<\/p>\n\n\n\n<p><\/p>\n\n\n\n<p>\u201eAscult\u0103, Maia,\u201d a spus tata, \u201eeste afacerea noastr\u0103 de familie. Ai nou\u0103sprezece ani \u0219i e\u0219ti destul de mare s\u0103 o preiei. Nu ai de ales.\u201d<\/p>\n\n\n\n<p><\/p>\n\n\n\n<p>\u201eVrei s\u0103 \u00eemi sacrific visul pentru a sta la tejghea \u0219i a colecta facturi \u0219i a umple rafturile \u00een loc s\u0103 \u00eemi fac un nume?\u201d am replicat. \u201eVreau s\u0103 devin avocat, nu comerciant de alimente, tat\u0103,\u201d am argumentat, dar el nu voia s\u0103 asculte.<\/p>\n\n\n\n<p><\/p>\n\n\n\n<p>A\u0219a c\u0103 am dezv\u0103luit un secret care l-a \u00eenfuriat\u2026 cea despre c\u0103s\u0103toria mea secret\u0103 cu David, un tip cu opt ani mai mare dec\u00e2t mine, cu care m\u0103 \u00eent\u00e2lnisem timp de \u0219ase luni.<\/p>\n\n\n\n<p><\/p>\n\n\n\n<p>\u201eCum ai putut s\u0103 ne pui numele \u00een strad\u0103? Ce vor spune oamenii? Cum vom face fa\u021b\u0103 prietenilor \u0219i familiei la biseric\u0103?\u201d m-au umilit p\u0103rin\u021bii. Dar ceea ce s-a f\u0103cut nu mai putea fi desf\u0103cut. Eram c\u0103s\u0103torit\u0103 \u0219i p\u0103rin\u021bii mei trebuiau s\u0103 accepte, fie c\u0103 le pl\u0103cea, fie c\u0103 nu.<\/p>\n\n\n\n<p>Dar ce m-a determinat s\u0103 m\u0103 c\u0103s\u0103toresc \u00een secret cu David?<\/p>\n\n\n\n<p><\/p>\n\n\n\n<p>\u00cei respectam pe p\u0103rin\u021bii mei, dar \u00een ad\u00e2ncul sufletului, eram b\u00e2ntuit\u0103 de acest sentiment ciudat c\u0103 ei mi-ar t\u0103ia aripile \u0219i m-ar opri s\u0103 zbor spre a-mi \u00eendeplini visele.<\/p>\n\n\n\n<p><\/p>\n\n\n\n<p>\u0218i c\u00e2nd l-am \u00eent\u00e2lnit pe David, un t\u00e2n\u0103r bogat dintr-o familie bine-cunoscut\u0103, ne-am \u00eendr\u0103gostit. El \u00eemi respecta ambi\u021bia, iar asta m-a apropiat de el. M\u0103 temeam c\u0103 p\u0103rin\u021bii mei \u00eemi vor bloca viziunea, a\u0219a c\u0103 m-am c\u0103s\u0103torit \u00een secret cu David \u00eenainte s\u0103-l pierd din cauza viziunilor stereotipice ale p\u0103rin\u021bilor mei.<\/p>\n\n\n\n<p><\/p>\n\n\n\n<p>Dar a trebuit s\u0103 pl\u0103tesc un pre\u021b mare pentru c\u0103 mi-am distrus visurile \u2014 p\u0103rin\u021bii m-au dat afar\u0103 \u0219i m-au t\u0103iat din vie\u021bile lor.<\/p>\n\n\n\n<p>\u201eNu te mai \u00eentoarce niciodat\u0103 la noi,\u201d au spus ei, arunc\u00e2ndu-m\u0103 afar\u0103 cu bagajele. A fost cea mai mare lovitur\u0103 pe care am primit-o vreodat\u0103.<\/p>\n\n\n\n<p>Dup\u0103 ce p\u0103rin\u021bii m-au dat afar\u0103, David a devenit cel mai mare sprijin al meu. M-a dus la el acas\u0103, mi-a promis un viitor bun \u0219i m-a \u00eenscris la facultatea de drept. Nu aveam niciun ban, dar David mi-a oferit tot suportul financiar \u0219i emo\u021bional de care aveam nevoie pentru a-mi dep\u0103\u0219i temerile \u0219i a-mi urm\u0103ri visurile.<\/p>\n\n\n\n<p>Anii au trecut, iar p\u0103rin\u021bii mei nu m-au contactat niciodat\u0103. Nu c\u0103 i-a\u0219 fi uitat, dar au gre\u0219it \u00een fiecare aspect. Am absolvit facultatea de drept, iar urm\u0103toarea mea mare lupt\u0103 a fost s\u0103 g\u0103sesc un loc de munc\u0103. Nimeni nu voia s\u0103 m\u0103 angajeze f\u0103r\u0103 experien\u021b\u0103 anterioar\u0103.<\/p>\n\n\n\n<p>Am f\u0103cut o alegere gre\u0219it\u0103, atunci? Ar fi trebuit s\u0103-i ascult pe p\u0103rin\u021bi?<\/p>\n\n\n\n<p>Inima mea \u00eemi spunea altceva, a\u0219a c\u0103 am continuat s\u0103 lupt timp de trei ani, iar dintr-o dat\u0103, o firm\u0103 de avocatur\u0103 mi-a oferit un loc de munc\u0103 bine pl\u0103tit. Am fost surprins\u0103, iar asta mi s-a p\u0103rut un miracol.<\/p>\n\n\n\n<p>David \u0219i cu mine eram at\u00e2t de ferici\u021bi. Bucuria noastr\u0103 s-a dublat c\u00e2nd eram deja \u00eens\u0103rcinat\u0103 cu al treilea copil. Mi-am dedicat inima \u0219i sufletul muncii mele. Tr\u0103isem visurile mele de ani buni c\u00e2nd, \u00eentr-o zi, fiul meu cel mare, Eduard, de 12 ani, a adus acas\u0103 c\u00e2\u021biva musafiri.<\/p>\n\n\n\n<p>\u201eMam\u0103, uit\u0103-te cine a venit! Surpriz\u0103!!\u201d a strigat el. M-am \u00eentors \u0219i nu \u0219tiam dac\u0103 s\u0103 strig de bucurie sau s\u0103 pl\u00e2ng sau s\u0103 m\u0103 \u00eencuiez \u00een camer\u0103.<\/p>\n\n\n\n<p>\u201eMam\u0103? Tat\u0103? Ce face\u021bi aici?\u201d am exclamat.<\/p>\n\n\n\n<p>M-am uitat la Eduard pentru r\u0103spunsuri. Dar el a z\u00e2mbit timid \u0219i a spus: \u201eMam\u0103, bunicul vrea s\u0103-\u021bi spun\u0103 ceva!\u201d Apoi i-a dus pe fra\u021bii lui mai mici, Radu \u0219i Vlad, afar\u0103 ca s\u0103 pot vorbi cu p\u0103rin\u021bii mei, ceva ce nu mai f\u0103cusem de paisprezece ani.<\/p>\n\n\n\n<p>\u00cemi aminteam c\u0103 le-am spus fiului meu Eduard acum dou\u0103 s\u0103pt\u0103m\u00e2ni despre bunici \u0219i despre conexiunea mea pierdut\u0103 cu ei. Dar cum i-a g\u0103sit? Nu i-am spus unde locuiesc. Cum i-a convins s\u0103 m\u0103 \u00eent\u00e2lneasc\u0103?<\/p>\n\n\n\n<p>Eram confuz\u0103 \u0219i nu \u0219tiam de unde s\u0103 \u00eencep sau despre ce s\u0103 vorbesc. Deodat\u0103, tata a f\u0103cut un pas \u00eenainte, iar \u00een timp ce \u00eemi \u021binea m\u00e2na, cer\u00e2ndu-mi iertare pentru c\u0103 m-a dat afar\u0103, mi-a f\u0103cut o alt\u0103 confesiune la care nu m\u0103 a\u0219teptam. Am fost profund \u0219ocat\u0103 de adev\u0103rul emo\u021bional pe care mi l-a dezv\u0103luit.<\/p>\n\n\n\n<p>\u201eTe rog, iart\u0103-m\u0103, draga mea,\u201d a \u00eenceput el. \u201eAm vrut s\u0103 vorbesc cu tine dup\u0103 aceea, dar nu am putut. Apoi, c\u00e2nd am auzit despre luptele tale de a g\u0103si un loc de munc\u0103, mi-a venit o idee.\u201d<\/p>\n\n\n\n<p>\u201eTat\u0103, despre ce vorbe\u0219ti? Ce idee?\u201d l-am \u00eentrerupt.<\/p>\n\n\n\n<p>\u201eDraga mea, c\u0103utam o modalitate de a-mi repara gre\u0219eala. C\u00e2nd am aflat despre dificult\u0103\u021bile tale de a g\u0103si un loc de munc\u0103, am vorbit cu un vechi prieten de la o firm\u0103 de avocatur\u0103, iar el te-a angajat!\u201d<\/p>\n\n\n\n<p>Am fost uimit\u0103, pentru c\u0103 cariera de vis pe care o aveam \u0219i de care m\u0103 bucuram a fost, de fapt, posibil\u0103 datorit\u0103 tat\u0103lui meu. El a fost cel care a stat \u00een spatele succesului meu, iar eu nu am \u0219tiut asta. Cum am putut fi at\u00e2t de nerecunosc\u0103toare \u0219i plin\u0103 de resentimente fa\u021b\u0103 de el? De ce nu am \u00eencercat s\u0103 repar rela\u021bia mea cu p\u0103rin\u021bii?<\/p>\n\n\n\n<p>\u201eTat\u0103, de ce nu mi-ai spus??\u201d am pl\u00e2ns.<\/p>\n\n\n\n<p>\u201eChiar am vrut s\u0103 fii de succes, draga mea,\u201d a spus tata, \u0219terg\u00e2ndu-mi lacrimile. \u201eAm realizat c\u00e2t de prost am fost! Am vrut s\u0103 te contactez, dar mi-a fost fric\u0103 dup\u0103 ce am f\u0103cut. Am distrus leg\u0103turile cu tine, dar te-am iubit mereu\u2026 Te iubesc \u00een continuare!\u201d<\/p>\n\n\n\n<p>L-am \u00eembr\u0103\u021bi\u0219at pe tata \u0219i am pl\u00e2ns pe um\u0103rul lui. A fost un sentiment at\u00e2t de frumos care mi-a u\u0219urat \u0219i f\u0103cut inima mai fericit\u0103. Dar totu\u0219i, ceva \u00eemi sc\u0103pa. Cum a \u0219tiut Eduard unde locuiesc p\u0103rin\u021bii mei? I-am spus doar o parte din trecutul meu, dar cum a descoperit el totul? Am primit c\u00e2teva r\u0103spunsuri surprinz\u0103toare c\u00e2nd fiul meu a intrat c\u00e2teva momente mai t\u00e2rziu\u2026<\/p>\n\n\n\n<p>\u201e\u00ce\u021bi place surpriza mea, mam\u0103??\u201d a \u00eentrebat el, \u00een timp ce ceilal\u021bi doi copii se \u00eembr\u0103\u021bi\u0219au cu bunicii lor.<\/p>\n\n\n\n<p>\u201eEduard??!\u201d am alergat \u0219i l-am \u00eembr\u0103\u021bi\u0219at pe fiul meu. \u201e\u00ce\u021bi mul\u021bumesc foarte mult! Dar cum ai \u0219tiut adresa lor? Nu \u021bi-am spus niciodat\u0103\u2026\u201d<\/p>\n\n\n\n<p>\u201eMam\u0103, dup\u0103 ce mi-ai spus despre bunicul \u0219i bunica, am g\u0103sit jurnalul t\u0103u vechi \u00een mansard\u0103. Am g\u0103sit adresa \u0219i pozele \u00een el. I-am vizitat dup\u0103 \u0219coal\u0103 ieri. Mi-au spus c\u00e2t de regretat \u0219i ru\u0219ina\u021bi sunt pentru c\u0103 te-au dat afar\u0103. A\u0219a c\u0103 am conceput un plan s\u0103 te reuneasc\u0103 cu ei!\u201d<\/p>\n\n\n\n<p>Am fost profund emo\u021bionat\u0103. Nimic nu m-ar fi putut face s\u0103 pl\u00e2ng mai mult dec\u00e2t ceea ce a f\u0103cut Eduard \u00een acea zi. A fost at\u00e2t de special \u0219i reconfortant. Acea zi a adus un nou sens \u00een via\u021ba mea. Am \u00eenv\u0103\u021bat c\u0103 iertarea este cea mai frumoas\u0103 form\u0103 de dragoste \u0219i ne face mai puternici.<\/p>\n\n\n\n<p>I-am iertat pe p\u0103rin\u021bii mei \u0219i i-am invitat la cin\u0103 a doua zi. Au venit cu cadouri \u0219i deserturi f\u0103cute \u00een cas\u0103 pe care le iubeam. C\u00e2nd p\u0103rin\u021bii mei l-au \u00eent\u00e2lnit pe so\u021bul meu, David, pentru prima dat\u0103, \u0219i-au dat seama c\u0103 este un om minunat. S-au desculpat fa\u021b\u0103 de el, iar noi am petrecut restul serii discut\u00e2nd despre doar amintirile frumoase din vie\u021bile noastre.<\/p>\n\n\n\n<p>\u201e\u00ce\u021bi mul\u021bumesc, dr\u0103gu\u021bule!!\u201d am \u0219optit \u0219i i-am trimis un s\u0103rut u\u0219or fiului meu, Eduard. P\u0103rin\u021bii mei \u0219i cu mine am fost recunosc\u0103tori pentru ajutorul lui de a ne remedia gre\u0219elile \u0219i de a c\u0103l\u0103tori \u00eempreun\u0103 ca o familie fericit\u0103 \u00een aceast\u0103 frumoas\u0103 c\u0103l\u0103torie a vie\u021bii.<\/p>\n\n\n\n<p>Ce putem \u00eenv\u0103\u021ba din aceast\u0103 poveste?<\/p>\n\n\n\n<p>Iertarea este cea mai frumoas\u0103 \u0219i pur\u0103 form\u0103 de dragoste. Devii mai puternic atunci c\u00e2nd ier\u021bi pe al\u021bii. Maia \u0219i-a iertat p\u0103rin\u021bii pentru c\u0103 au dat-o afar\u0103 acum paisprezece ani, dup\u0103 ce s-au \u00eent\u00e2lnit \u0219i au aflat anumite adev\u0103ruri despre care nu \u0219tia.<br>Nu le t\u0103ia\u021bi aripile copiilor vo\u0219tri. \u00cencuraja\u021bi-i \u0219i sus\u021bine\u021bi-i s\u0103-\u0219i \u00eendeplineasc\u0103 visurile.<\/p>\n\n\n\n<p>P\u0103rin\u021bii Maiei au \u00eencercat s\u0103 o \u00eempiedice s\u0103 \u00ee\u0219i urmeze cariera \u00een drept. Nu au sus\u021binut-o \u0219i au dat-o afar\u0103. Dar c\u00e2nd a avut dificult\u0103\u021bi s\u0103 g\u0103seasc\u0103 un loc de munc\u0103 mai t\u00e2rziu, tat\u0103l ei a ajutat-o \u00een secret s\u0103 fie angajat\u0103 printr-o cuno\u0219tin\u021b\u0103.<\/p>\n\n\n\n<p>Distribui\u021bi aceast\u0103 poveste prietenilor vo\u0219tri. S-ar putea s\u0103 le lumineze ziua \u0219i s\u0103 \u00eei inspire.<\/p>\n","protected":false},"excerpt":{"rendered":"<p>O femeie dat\u0103 afar\u0103 de p\u0103rin\u021bi se \u00eent\u00e2lne\u0219te cu ei dup\u0103 paisprezece ani, c\u00e2nd fiul ei \u00eei aduce nea\u0219teptat acas\u0103 pentru a face o dezv\u0103luire<\/p>\n","protected":false},"author":1,"featured_media":39788,"comment_status":"closed","ping_status":"closed","sticky":false,"template":"","format":"standard","meta":[],"categories":[1],"tags":[],"_links":{"self":[{"href":"https:\/\/calatorinromania.com\/index.php?rest_route=\/wp\/v2\/posts\/39787"}],"collection":[{"href":"https:\/\/calatorinromania.com\/index.php?rest_route=\/wp\/v2\/posts"}],"about":[{"href":"https:\/\/calatorinromania.com\/index.php?rest_route=\/wp\/v2\/types\/post"}],"author":[{"embeddable":true,"href":"https:\/\/calatorinromania.com\/index.php?rest_route=\/wp\/v2\/users\/1"}],"replies":[{"embeddable":true,"href":"https:\/\/calatorinromania.com\/index.php?rest_route=%2Fwp%2Fv2%2Fcomments&post=39787"}],"version-history":[{"count":1,"href":"https:\/\/calatorinromania.com\/index.php?rest_route=\/wp\/v2\/posts\/39787\/revisions"}],"predecessor-version":[{"id":39789,"href":"https:\/\/calatorinromania.com\/index.php?rest_route=\/wp\/v2\/posts\/39787\/revisions\/39789"}],"wp:featuredmedia":[{"embeddable":true,"href":"https:\/\/calatorinromania.com\/index.php?rest_route=\/wp\/v2\/media\/39788"}],"wp:attachment":[{"href":"https:\/\/calatorinromania.com\/index.php?rest_route=%2Fwp%2Fv2%2Fmedia&parent=39787"}],"wp:term":[{"taxonomy":"category","embeddable":true,"href":"https:\/\/calatorinromania.com\/index.php?rest_route=%2Fwp%2Fv2%2Fcategories&post=39787"},{"taxonomy":"post_tag","embeddable":true,"href":"https:\/\/calatorinromania.com\/index.php?rest_route=%2Fwp%2Fv2%2Ftags&post=39787"}],"curies":[{"name":"wp","href":"https:\/\/api.w.org\/{rel}","templated":true}]}}