{"id":39785,"date":"2025-06-04T07:35:45","date_gmt":"2025-06-04T07:35:45","guid":{"rendered":"https:\/\/calatorinromania.com\/?p=39785"},"modified":"2025-06-04T07:35:46","modified_gmt":"2025-06-04T07:35:46","slug":"un-barbat-fara-adapost-a-salvat-o-pisicuta-si-asta-i-a-schimbat-intreaga-viata","status":"publish","type":"post","link":"https:\/\/calatorinromania.com\/?p=39785","title":{"rendered":"Un b\u0103rbat f\u0103r\u0103 ad\u0103post a salvat o pisicu\u021b\u0103 \u2014 \u0219i asta i-a schimbat \u00eentreaga via\u021b\u0103."},"content":{"rendered":"\n<p>T\u00e2rziu, seara, \u00eentr-un vagon de metrou de la marginea ora\u0219ului, pasagerii mo\u021b\u0103iau lini\u0219ti\u021bi sau priveau t\u0103cu\u021bi \u00een ecranele telefoanelor. Printre ei \u2013 un b\u0103rbat \u00eentr-o hain\u0103 uzat\u0103, coco\u0219at de oboseal\u0103. La prima vedere, nu ie\u0219ea cu nimic \u00een eviden\u021b\u0103. Dar ceea ce \u021binea \u00een bra\u021be i-a f\u0103cut pe mul\u021bi s\u0103 se opreasc\u0103 \u0219i s\u0103 priveasc\u0103.<\/p>\n\n\n\n<p><\/p>\n\n\n\n<p>O pisicu\u021b\u0103 mic\u0103, gri, c\u00e2t palma, era ghemuit\u0103 pe pieptul lui. Se str\u00e2ngea l\u00e2ng\u0103 un fular vechi, iar torsul ei acoperea zgomotul ro\u021bilor. B\u0103rbatul o m\u00e2ng\u00e2ia cu grij\u0103 cu degetele sale aspre, \u00een care \u00eenc\u0103 se ascundea tandre\u021bea.<\/p>\n\n\n\n<p><\/p>\n\n\n\n<p>Cu trei zile \u00eenainte, auzise un sc\u00e2ncet slab l\u00e2ng\u0103 un tomberon. Pisicu\u021ba z\u0103cea \u00eentr-o balt\u0103, tremur\u00e2nd de frig. B\u0103rbatul i-a dat ultima bucat\u0103 din m\u00e2ncarea lui \u0219i a \u00eenf\u0103\u0219urat-o \u00een fular \u2014 singurul lucru cald pe care \u00eel avea. \u201eAm vrut doar s-o \u00eenc\u0103lzesc o noapte\u201d, a spus el. \u201eDar diminea\u021ba nu a fugit \u2014 s-a b\u0103gat sub haina mea.\u201d<\/p>\n\n\n\n<p><\/p>\n\n\n\n<p>Pisicu\u021ba se numea Mina. Numele era scris pe un \u0219erve\u021bel vechi, cu o not\u0103:<br>\u201eR\u0103spunde la numele Mina. V\u0103 rog, nu o abandona\u021bi. Este fiica mamei mele.\u201d<br>Pe verso \u2014 un num\u0103r de telefon.<\/p>\n\n\n\n<p><\/p>\n\n\n\n<p>C\u00e2nd trenul a ajuns \u00een sta\u021bia potrivit\u0103, pe peron o a\u0219tepta deja o fat\u0103. A alergat spre u\u0219\u0103 pl\u00e2ng\u00e2nd, cu respira\u021bia t\u0103iat\u0103 \u0219i ochii plini de lacrimi.<br>\u2014 Mina! \u2014 a strigat \u0219i a c\u0103zut \u00een genunchi. Pisicu\u021ba a \u00eenceput imediat s\u0103-i ling\u0103 fa\u021ba, de parc\u0103 o recunoscuse.<\/p>\n\n\n\n<p><\/p>\n\n\n\n<p>Fata se numea Ania. A povestit c\u0103 Mina era ultima amintire de la mama ei, care murise. Mama o g\u0103sise pe pisicu\u021b\u0103 cu un an \u00eenainte \u0219i o numea \u201e\u00eengera\u0219ul meu\u201d. Dup\u0103 moartea mamei, Ania trecuse printr-o perioad\u0103 grea \u0219i fusese nevoit\u0103 s\u0103 locuiasc\u0103 o vreme \u00een ma\u0219in\u0103. Pierderea Minei a fost ultima lovitur\u0103. Lipise anun\u021buri peste tot, sper\u00e2nd \u00eentr-un miracol.<\/p>\n\n\n\n<p><\/p>\n\n\n\n<p>\u0218i miracolul s-a \u00eent\u00e2mplat.<\/p>\n\n\n\n<p><\/p>\n\n\n\n<p>Ania a \u00eencercat s\u0103-i ofere bani b\u0103rbatului, dar el a refuzat:<br>\u2014 Nu pentru bani. Doar am vrut s-o \u00eenc\u0103lzesc.<\/p>\n\n\n\n<p><\/p>\n\n\n\n<p>Mai t\u00e2rziu, la o cafea ieftin\u0103 de la o benzin\u0103rie, Ania a aflat c\u0103 b\u0103rbatul se numea Sylas \u0219i c\u0103 fusese c\u00e2ndva mecanic \u0219i pompier voluntar. \u00ce\u0219i pierduse casa dup\u0103 boala so\u021biei sale \u0219i apoi \u2014 speran\u021ba. Dar Mina l-a schimbat.<\/p>\n\n\n\n<p><br>\u2014 \u00cemi fura \u0219ireturile \u2014 a r\u00e2s el. \u2014 De parc\u0103 nu voia s\u0103 plec.<\/p>\n\n\n\n<p><\/p>\n\n\n\n<p>Ania lucra ca voluntar\u0103 \u00eentr-un ad\u0103post pentru animale fondat de mama ei. Tocmai c\u0103utau pe cineva cu abilit\u0103\u021bi tehnice. Sylas a \u00eenceput s\u0103 ajute, iar \u00een scurt timp a primit un loc de munc\u0103 stabil \u0219i o camer\u0103 mic\u0103 l\u00e2ng\u0103 ad\u0103post.<\/p>\n\n\n\n<p><\/p>\n\n\n\n<p>C\u00e2teva s\u0103pt\u0103m\u00e2ni mai t\u00e2rziu, Ania a depus o cerere de finan\u021bare \u0219i a \u00eenfiin\u021bat o funda\u021bie numit\u0103 dup\u0103 mama ei \u2014 Funda\u021bia Lena, care ajut\u0103 animalele f\u0103r\u0103 ad\u0103post s\u0103 \u00ee\u0219i g\u0103seasc\u0103 st\u0103p\u00e2ni noi printre persoanele aflate \u00een dificultate.<\/p>\n\n\n\n<p><\/p>\n\n\n\n<p>Sylas a devenit primul \u00eengrijitor oficial al proiectului. Acum, nu doar c\u0103 \u00eei ajut\u0103 pe al\u021bii, dar simte din nou c\u0103 c\u0103ldura sa poate salva o via\u021b\u0103.<\/p>\n","protected":false},"excerpt":{"rendered":"<p>T\u00e2rziu, seara, \u00eentr-un vagon de metrou de la marginea ora\u0219ului, pasagerii mo\u021b\u0103iau lini\u0219ti\u021bi sau priveau t\u0103cu\u021bi \u00een ecranele telefoanelor. Printre ei \u2013 un b\u0103rbat \u00eentr-o<\/p>\n","protected":false},"author":1,"featured_media":39781,"comment_status":"closed","ping_status":"closed","sticky":false,"template":"","format":"standard","meta":[],"categories":[1],"tags":[],"_links":{"self":[{"href":"https:\/\/calatorinromania.com\/index.php?rest_route=\/wp\/v2\/posts\/39785"}],"collection":[{"href":"https:\/\/calatorinromania.com\/index.php?rest_route=\/wp\/v2\/posts"}],"about":[{"href":"https:\/\/calatorinromania.com\/index.php?rest_route=\/wp\/v2\/types\/post"}],"author":[{"embeddable":true,"href":"https:\/\/calatorinromania.com\/index.php?rest_route=\/wp\/v2\/users\/1"}],"replies":[{"embeddable":true,"href":"https:\/\/calatorinromania.com\/index.php?rest_route=%2Fwp%2Fv2%2Fcomments&post=39785"}],"version-history":[{"count":1,"href":"https:\/\/calatorinromania.com\/index.php?rest_route=\/wp\/v2\/posts\/39785\/revisions"}],"predecessor-version":[{"id":39786,"href":"https:\/\/calatorinromania.com\/index.php?rest_route=\/wp\/v2\/posts\/39785\/revisions\/39786"}],"wp:featuredmedia":[{"embeddable":true,"href":"https:\/\/calatorinromania.com\/index.php?rest_route=\/wp\/v2\/media\/39781"}],"wp:attachment":[{"href":"https:\/\/calatorinromania.com\/index.php?rest_route=%2Fwp%2Fv2%2Fmedia&parent=39785"}],"wp:term":[{"taxonomy":"category","embeddable":true,"href":"https:\/\/calatorinromania.com\/index.php?rest_route=%2Fwp%2Fv2%2Fcategories&post=39785"},{"taxonomy":"post_tag","embeddable":true,"href":"https:\/\/calatorinromania.com\/index.php?rest_route=%2Fwp%2Fv2%2Ftags&post=39785"}],"curies":[{"name":"wp","href":"https:\/\/api.w.org\/{rel}","templated":true}]}}