{"id":39777,"date":"2025-06-04T07:10:37","date_gmt":"2025-06-04T07:10:37","guid":{"rendered":"https:\/\/calatorinromania.com\/?p=39777"},"modified":"2025-06-04T07:10:37","modified_gmt":"2025-06-04T07:10:37","slug":"%f0%9f%8c%bc-dziewanna-comoara-naturii-pentru-tuse-piele-si-somn-linistit","status":"publish","type":"post","link":"https:\/\/calatorinromania.com\/?p=39777","title":{"rendered":"\ud83c\udf3c <strong>Dziewanna \u2013 Comoara Naturii pentru Tuse, Piele \u0219i Somn Lini\u0219tit<\/strong>"},"content":{"rendered":"\n<p><\/p>\n\n\n\n<h3>\ud83c\udf3f O plant\u0103 simpl\u0103, cu efecte extraordinare<\/h3>\n\n\n\n<p><\/p>\n\n\n\n<p>Ai z\u0103rit vreodat\u0103 o plant\u0103 \u00eenalt\u0103, cu flori galbene \u0219i frunze moi, pe marginea drumului? Probabil era <strong>dziewanna comun\u0103<\/strong> (Verbascum thapsus) \u2013 o \u201eburuian\u0103\u201d ignorat\u0103 de mul\u021bi, dar pre\u021buit\u0103 de genera\u021bii \u00eentregi pentru <strong>puterea ei vindec\u0103toare<\/strong>.<\/p>\n\n\n\n<p><\/p>\n\n\n\n<h3>\ud83d\udd70\ufe0f O istorie cu r\u0103d\u0103cini ad\u00e2nci<\/h3>\n\n\n\n<p><\/p>\n\n\n\n<p>Dziewanna este folosit\u0103 de <strong>mii de ani<\/strong>:<\/p>\n\n\n\n<p><\/p>\n\n\n\n<ul>\n<li>\u00cen <strong>Roma \u0219i Grecia antic\u0103<\/strong>: pentru probleme respiratorii<\/li>\n\n\n\n<li>\u00cen <strong>Evul Mediu<\/strong>: \u00een ritualuri de alungare a spiritelor<\/li>\n\n\n\n<li>De c\u0103tre <strong>nativii americani<\/strong>: pentru tuse, r\u0103celi, piele<\/li>\n<\/ul>\n\n\n\n<p><\/p>\n\n\n\n<p>\ud83d\udc49 Era cunoscut\u0103 \u0219i ca <strong>\u201econul vr\u0103jitoarei\u201d<\/strong>, datorit\u0103 formei sale \u0219i a legendelor care o \u00eenconjoar\u0103.<\/p>\n\n\n\n<p><\/p>\n\n\n\n<h3>\ud83d\udd0d Cum o recuno\u0219ti?<\/h3>\n\n\n\n<p><\/p>\n\n\n\n<ul>\n<li><strong>Frunze mari, pufoase \u0219i catifelate<\/strong>, la baza plantei<\/li>\n\n\n\n<li><strong>Tulpin\u0103 \u00eenalt\u0103<\/strong> (p\u00e2n\u0103 la 1,8 m), cu <strong>flori galbene<\/strong> \u00een v\u00e2rf<\/li>\n\n\n\n<li><strong>Plant\u0103 bienal\u0103<\/strong>: \u00een primul an cre\u0219te doar frunza; \u00een al doilea \u2013 \u00eenflore\u0219te<\/li>\n<\/ul>\n\n\n\n<p><\/p>\n\n\n\n<h3>\ud83c\udf1e Unde cre\u0219te?<\/h3>\n\n\n\n<p><\/p>\n\n\n\n<p>\ud83c\udf31 Se dezvolt\u0103 u\u0219or \u00een:<\/p>\n\n\n\n<p><\/p>\n\n\n\n<ul>\n<li>Zone uscate, <strong>nisipoase \u0219i \u00eensorite<\/strong><\/li>\n\n\n\n<li><strong>Margini de drum<\/strong>, terenuri abandonate, pante<\/li>\n\n\n\n<li>Este <strong>rezistent\u0103 la secet\u0103<\/strong> \u0219i cre\u0219te unde alte plante nu reu\u0219esc<\/li>\n<\/ul>\n\n\n\n<p><\/p>\n\n\n\n<h3>\u2705 <strong>10 Beneficii Confirmate<\/strong> ale Dziewannei<\/h3>\n\n\n\n<ol>\n<li>\ud83d\ude2e\u200d\ud83d\udca8 <strong>Calmeaz\u0103 tusea \u0219i bron\u0219ita<\/strong><br>Are efect <strong>expectorant \u0219i emolient<\/strong> \u2013 ideal\u0103 pentru afec\u021biuni respiratorii.<\/li>\n\n\n\n<li>\ud83d\udd25 <strong>Reduce inflama\u021biile<\/strong><br>Eficient\u0103 \u00een inflama\u021bii ale <strong>pieleii<\/strong> \u0219i <strong>c\u0103ilor respiratorii<\/strong>.<\/li>\n\n\n\n<li>\ud83d\ude0c <strong>Calmeaz\u0103 g\u00e2tul iritat<\/strong><br>Ceaiul de dziewanna amelioreaz\u0103 disconfortul \u0219i senza\u021bia de arsur\u0103.<\/li>\n\n\n\n<li>\ud83e\uddf4 <strong>Ajut\u0103 pielea afectat\u0103<\/strong><br>Sub form\u0103 de unguent, se folose\u0219te pentru <strong>r\u0103ni, arsuri, eczeme<\/strong>.<\/li>\n\n\n\n<li>\ud83e\udda0 <strong>Are efect antibacterian u\u0219or<\/strong><br>Poate ajuta \u00een combaterea infec\u021biilor minore.<\/li>\n\n\n\n<li>\ud83c\udf19 <strong>Sus\u021bine somnul lini\u0219tit<\/strong><br>Tradi\u021bional, folosit\u0103 pentru <strong>calmare \u0219i relaxare<\/strong> \u00eenainte de culcare.<\/li>\n\n\n\n<li>\ud83d\udc42 <strong>Amelioreaz\u0103 durerile de urechi<\/strong><br>Sub form\u0103 de ulei, dar <strong>numai la recomandarea medicului<\/strong>.<\/li>\n\n\n\n<li>\ud83d\udebd <strong>Efect diuretic u\u0219or<\/strong><br>Ajut\u0103 la eliminarea excesului de lichide din organism.<\/li>\n\n\n\n<li>\ud83d\udee1\ufe0f <strong>Sprijin\u0103 imunitatea<\/strong><br>Nu este un stimulant puternic, dar <strong>consistent<\/strong> \u00een utilizare.<\/li>\n\n\n\n<li>\ud83d\ude24 <strong>Amelioreaz\u0103 simptomele astmului<\/strong><br>Folosit\u0103 \u00een medicina popular\u0103 pentru respira\u021bie u\u0219oar\u0103.<\/li>\n<\/ol>\n\n\n\n<p><\/p>\n\n\n\n<h3>\u26a0\ufe0f Aten\u021bie!<\/h3>\n\n\n\n<p><\/p>\n\n\n\n<p>De\u0219i este \u00een general <strong>sigur\u0103<\/strong>, folose\u0219te-o cu <strong>modera\u021bie<\/strong>.<br>\ud83d\udc49 <em>Consult\u0103 medicul dac\u0103 e\u0219ti \u00eens\u0103rcinat\u0103, al\u0103ptezi sau urmezi un tratament.<\/em><\/p>\n\n\n\n<p><\/p>\n\n\n\n<h3>\ud83e\udded Concluzie<\/h3>\n\n\n\n<p><\/p>\n\n\n\n<p><strong>Dziewanna<\/strong> nu e doar o plant\u0103 de marginea drumului \u2013 este un <strong>aliat natural pentru s\u0103n\u0103tate<\/strong>! \ud83c\udf3f<\/p>\n\n\n\n<p><\/p>\n\n\n\n<p>\u2714\ufe0f Util\u0103 \u00een r\u0103celi, afec\u021biuni ale pielii sau pentru relaxare<br>\u2714\ufe0f Nu \u00eenlocuie\u0219te medicamentele, dar le poate <strong>complementa<\/strong><br>\u2714\ufe0f Poate deveni parte din <strong>trusa ta natural\u0103 de prim-ajutor<\/strong><\/p>\n\n\n\n<p><\/p>\n\n\n\n<p>\ud83d\udc9a Redescoper\u0103 aceast\u0103 plant\u0103 uimitoare \u0219i bucur\u0103-te de <strong>binefacerile ei uitate<\/strong>!<\/p>\n","protected":false},"excerpt":{"rendered":"<p>\ud83c\udf3f O plant\u0103 simpl\u0103, cu efecte extraordinare Ai z\u0103rit vreodat\u0103 o plant\u0103 \u00eenalt\u0103, cu flori galbene \u0219i frunze moi, pe marginea drumului? Probabil era dziewanna<\/p>\n","protected":false},"author":1,"featured_media":39778,"comment_status":"closed","ping_status":"closed","sticky":false,"template":"","format":"standard","meta":[],"categories":[1],"tags":[],"_links":{"self":[{"href":"https:\/\/calatorinromania.com\/index.php?rest_route=\/wp\/v2\/posts\/39777"}],"collection":[{"href":"https:\/\/calatorinromania.com\/index.php?rest_route=\/wp\/v2\/posts"}],"about":[{"href":"https:\/\/calatorinromania.com\/index.php?rest_route=\/wp\/v2\/types\/post"}],"author":[{"embeddable":true,"href":"https:\/\/calatorinromania.com\/index.php?rest_route=\/wp\/v2\/users\/1"}],"replies":[{"embeddable":true,"href":"https:\/\/calatorinromania.com\/index.php?rest_route=%2Fwp%2Fv2%2Fcomments&post=39777"}],"version-history":[{"count":1,"href":"https:\/\/calatorinromania.com\/index.php?rest_route=\/wp\/v2\/posts\/39777\/revisions"}],"predecessor-version":[{"id":39779,"href":"https:\/\/calatorinromania.com\/index.php?rest_route=\/wp\/v2\/posts\/39777\/revisions\/39779"}],"wp:featuredmedia":[{"embeddable":true,"href":"https:\/\/calatorinromania.com\/index.php?rest_route=\/wp\/v2\/media\/39778"}],"wp:attachment":[{"href":"https:\/\/calatorinromania.com\/index.php?rest_route=%2Fwp%2Fv2%2Fmedia&parent=39777"}],"wp:term":[{"taxonomy":"category","embeddable":true,"href":"https:\/\/calatorinromania.com\/index.php?rest_route=%2Fwp%2Fv2%2Fcategories&post=39777"},{"taxonomy":"post_tag","embeddable":true,"href":"https:\/\/calatorinromania.com\/index.php?rest_route=%2Fwp%2Fv2%2Ftags&post=39777"}],"curies":[{"name":"wp","href":"https:\/\/api.w.org\/{rel}","templated":true}]}}