{"id":39770,"date":"2025-06-04T06:37:02","date_gmt":"2025-06-04T06:37:02","guid":{"rendered":"https:\/\/calatorinromania.com\/?p=39770"},"modified":"2025-06-04T06:37:02","modified_gmt":"2025-06-04T06:37:02","slug":"nicusor-dan-intalnire-cu-volodimir-zelenski-la-vilnius-romania-sustine-ferm-ucraina-si-cere-intarirea-nato-in-fata-rusiei","status":"publish","type":"post","link":"https:\/\/calatorinromania.com\/?p=39770","title":{"rendered":"Nicu\u0219or Dan, \u00eent\u00e2lnire cu Volodimir Zelenski la Vilnius: Rom\u00e2nia sus\u021bine ferm Ucraina \u0219i cere \u00eent\u0103rirea NATO \u00een fa\u021ba Rusiei"},"content":{"rendered":"\n<p>Luni, 2 iunie 2025, la Vilnius, pre\u0219edintele Rom\u00e2niei, Nicu\u0219or Dan, s-a \u00eent\u00e2lnit cu omologul s\u0103u ucrainean, Volodimir Zelenski, \u00een marja summitului B9 \u2013 formatul Bucure\u0219ti 9 \u2013 organizat \u00een capitala Lituaniei. Discu\u021biile celor doi lideri s-au concentrat pe sprijinul continuu al Rom\u00e2niei pentru Ucraina, amenin\u021b\u0103rile de securitate din regiune \u0219i viitorul Summit NATO de la Haga.<\/p>\n\n\n\n<p><\/p>\n\n\n\n<h3><strong>Prima participare la un summit interna\u021bional pentru Nicu\u0219or Dan<\/strong><\/h3>\n\n\n\n<p><\/p>\n\n\n\n<p>Pentru noul pre\u0219edinte al Rom\u00e2niei, \u00eent\u00e2lnirea de la Vilnius a reprezentat prima participare la un eveniment interna\u021bional de anvergur\u0103. A fost o ocazie important\u0103 pentru dialog direct cu lideri europeni, inclusiv cu secretarul general al NATO, Mark Rutte, \u0219i pre\u0219edintele Ucrainei, Volodimir Zelenski.<\/p>\n\n\n\n<p><\/p>\n\n\n\n<p>\u00cen cadrul summitului B9 \u0219i al reuniunii cu liderii \u021b\u0103rilor nordice, Nicu\u0219or Dan a reiterat angajamentul Rom\u00e2niei pentru sus\u021binerea Ucrainei \u00een fa\u021ba agresiunii ruse \u0219i a subliniat nevoia unei descuraj\u0103ri credibile la grani\u021bele estice ale Alian\u021bei.<\/p>\n\n\n\n<p><\/p>\n\n\n\n<h3><strong>Mesajul transmis de Nicu\u0219or Dan: \u201ePacea se ob\u021bine prin for\u021b\u0103 \u0219i solidaritate\u201d<\/strong><\/h3>\n\n\n\n<p><\/p>\n\n\n\n<p>\u201eM-am \u00eent\u00e2lnit cu Volodimir Zelenski la summitul B9 din Vilnius. Poporul ucrainean d\u0103 dovad\u0103 de un curaj extraordinar \u00een ap\u0103rarea valorilor noastre comune \u2013 libertatea \u0219i democra\u021bia. Cred c\u0103 o pace dreapt\u0103 \u0219i durabil\u0103 poate fi ob\u021binut\u0103 doar prin for\u021b\u0103 \u0219i solidaritate interna\u021bional\u0103\u201d, a declarat pre\u0219edintele Rom\u00e2niei \u00eentr-un mesaj postat pe platforma X (fostul Twitter).<\/p>\n\n\n\n<p><\/p>\n\n\n\n<p>El a reafirmat sprijinul necondi\u021bionat al Rom\u00e2niei pentru Ucraina \u0219i a punctat importan\u021ba aprofund\u0103rii cooper\u0103rii bilaterale \u00eentre cele dou\u0103 \u021b\u0103ri.<\/p>\n\n\n\n<p><\/p>\n\n\n\n<h3><strong>\u00cent\u0103rirea NATO, o prioritate pentru flancul estic<\/strong><\/h3>\n\n\n\n<p><\/p>\n\n\n\n<p>\u00cen contextul \u00een care se apropie Summitul NATO de la Haga, Nicu\u0219or Dan a transmis un mesaj clar privind importan\u021ba unei alian\u021be transatlantice solide:<br>\u201eO alian\u021b\u0103 transatlantic\u0103 robust\u0103 r\u0103m\u00e2ne pilonul ap\u0103r\u0103rii noastre. Amenin\u021barea Rusiei necesit\u0103 o descurajare credibil\u0103. Alocarea mai multor resurse pentru Ap\u0103rare nu mai este op\u021bional\u0103 \u2013 este o responsabilitate comun\u0103. Statele de pe flancul estic al NATO \u00een\u021beleg acest lucru cu maxim\u0103 claritate.\u201d<\/p>\n\n\n\n<p><\/p>\n\n\n\n<h3><strong>Zelenski: \u201eUcraina se poate baza pe Rom\u00e2nia\u201d<\/strong><\/h3>\n\n\n\n<p><\/p>\n\n\n\n<p>La r\u00e2ndul s\u0103u, pre\u0219edintele Volodimir Zelenski a salutat \u00eent\u00e2lnirea cu Nicu\u0219or Dan \u0219i i-a mul\u021bumit pentru sprijinul oferit Ucrainei.<\/p>\n\n\n\n<p><\/p>\n\n\n\n<p>\u201eM-am \u00eent\u00e2lnit pentru prima dat\u0103 cu noul pre\u0219edinte al Rom\u00e2niei, Nicu\u0219or Dan, \u0219i l-am felicitat pentru victoria sa electoral\u0103. Am discutat despre eforturile diplomatice pentru ob\u021binerea p\u0103cii \u00een Ucraina \u0219i \u00een Europa, despre \u00eent\u00e2lnirea de la Istanbul, precum \u0219i despre nevoia consolid\u0103rii sanc\u021biunilor \u00eempotriva Rusiei\u201d, a scris Zelenski pe Facebook.<\/p>\n\n\n\n<p><\/p>\n\n\n\n<h3><strong>Rom\u00e2nia, aliat de \u00eencredere pentru Ucraina<\/strong><\/h3>\n\n\n\n<p>\u00cen mesajul s\u0103u, liderul de la Kiev a subliniat c\u0103 pre\u0219edintele rom\u00e2n a confirmat sprijinul constant al Rom\u00e2niei pentru parcursul european \u0219i euroatlantic al Ucrainei. De asemenea, Nicu\u0219or Dan \u0219i-a exprimat disponibilitatea de a participa la viitorul\u00a0<strong>Summit Ucraina \u2013 Europa de Sud-Est<\/strong>, ce va avea loc la Odesa.<\/p>\n\n\n\n<p><\/p>\n\n\n\n<p>\u201e\u00cei mul\u021bumesc lui Nicu\u0219or Dan pentru garan\u021biile oferite: c\u0103 Ucraina se poate baza pe Rom\u00e2nia \u00een ceea ce prive\u0219te sus\u021binerea integr\u0103rii \u00een UE \u0219i NATO, dar \u0219i \u00een lupta pentru securitate \u0219i stabilitate regional\u0103\u201d, a ad\u0103ugat Zelenski.<\/p>\n\n\n\n<p><\/p>\n\n\n\n<h3><strong>Un pas diplomatic important pentru Rom\u00e2nia \u0219i pentru regiune<\/strong><\/h3>\n\n\n\n<p><\/p>\n\n\n\n<p>\u00cent\u00e2lnirea dintre cei doi lideri vine \u00eentr-un moment crucial, cu un conflict \u00eenc\u0103 \u00een desf\u0103\u0219urare \u00een Ucraina \u0219i cu tensiuni persistente la grani\u021bele estice ale Europei. Rom\u00e2nia \u00ee\u0219i reafirm\u0103 rolul de partener strategic al Ucrainei \u0219i de sus\u021bin\u0103tor activ al unit\u0103\u021bii europene \u0219i al solidarit\u0103\u021bii NATO.<\/p>\n","protected":false},"excerpt":{"rendered":"<p>Luni, 2 iunie 2025, la Vilnius, pre\u0219edintele Rom\u00e2niei, Nicu\u0219or Dan, s-a \u00eent\u00e2lnit cu omologul s\u0103u ucrainean, Volodimir Zelenski, \u00een marja summitului B9 \u2013 formatul Bucure\u0219ti<\/p>\n","protected":false},"author":1,"featured_media":39588,"comment_status":"closed","ping_status":"closed","sticky":false,"template":"","format":"standard","meta":[],"categories":[1],"tags":[],"_links":{"self":[{"href":"https:\/\/calatorinromania.com\/index.php?rest_route=\/wp\/v2\/posts\/39770"}],"collection":[{"href":"https:\/\/calatorinromania.com\/index.php?rest_route=\/wp\/v2\/posts"}],"about":[{"href":"https:\/\/calatorinromania.com\/index.php?rest_route=\/wp\/v2\/types\/post"}],"author":[{"embeddable":true,"href":"https:\/\/calatorinromania.com\/index.php?rest_route=\/wp\/v2\/users\/1"}],"replies":[{"embeddable":true,"href":"https:\/\/calatorinromania.com\/index.php?rest_route=%2Fwp%2Fv2%2Fcomments&post=39770"}],"version-history":[{"count":1,"href":"https:\/\/calatorinromania.com\/index.php?rest_route=\/wp\/v2\/posts\/39770\/revisions"}],"predecessor-version":[{"id":39771,"href":"https:\/\/calatorinromania.com\/index.php?rest_route=\/wp\/v2\/posts\/39770\/revisions\/39771"}],"wp:featuredmedia":[{"embeddable":true,"href":"https:\/\/calatorinromania.com\/index.php?rest_route=\/wp\/v2\/media\/39588"}],"wp:attachment":[{"href":"https:\/\/calatorinromania.com\/index.php?rest_route=%2Fwp%2Fv2%2Fmedia&parent=39770"}],"wp:term":[{"taxonomy":"category","embeddable":true,"href":"https:\/\/calatorinromania.com\/index.php?rest_route=%2Fwp%2Fv2%2Fcategories&post=39770"},{"taxonomy":"post_tag","embeddable":true,"href":"https:\/\/calatorinromania.com\/index.php?rest_route=%2Fwp%2Fv2%2Ftags&post=39770"}],"curies":[{"name":"wp","href":"https:\/\/api.w.org\/{rel}","templated":true}]}}