{"id":39763,"date":"2025-06-04T06:21:03","date_gmt":"2025-06-04T06:21:03","guid":{"rendered":"https:\/\/calatorinromania.com\/?p=39763"},"modified":"2025-06-04T06:21:03","modified_gmt":"2025-06-04T06:21:03","slug":"o-fata-saraca-a-fost-invitata-sa-cante-la-scoala-ca-o-gluma-dar-vocea-ei-a-lasat-sala-fara-cuvinte","status":"publish","type":"post","link":"https:\/\/calatorinromania.com\/?p=39763","title":{"rendered":"O FAT\u0102 S\u0102RAC\u0102 A FOST INVITAT\u0102 S\u0102 C\u00c2NTE LA \u0218COAL\u0102 CA O GLUM\u0102\u2026 DAR VOCEA EI A L\u0102SAT SALA F\u0102R\u0102 CUVINTE!"},"content":{"rendered":"\n<p>\u2026\u0219i atunci, Sofia a \u00eenchis ochii.<\/p>\n\n\n\n<p><\/p>\n\n\n\n<p>Nu era niciun reflector aprins, nici aplauze de \u00eenceput, nici m\u0103car un profesor care s\u0103 o \u00eencurajeze. \u00cen primele r\u00e2nduri, c\u00e2\u021biva copii \u00ee\u0219i \u021bineau telefoanele gata s\u0103 filmeze, r\u00e2z\u00e2nd \u00een pumni. Dar c\u00e2nd primul vers a p\u0103r\u0103sit buzele ei, totul s-a schimbat.<\/p>\n\n\n\n<p><\/p>\n\n\n\n<p>Vocea ei\u2026 nu era doar frumoas\u0103. Era pur\u0103. Dureroas\u0103. Plin\u0103 de via\u021b\u0103.<\/p>\n\n\n\n<p><\/p>\n\n\n\n<p>C\u00e2nta cu un tremur \u00een ton, dar fiecare not\u0103 atingea inimile celor din sal\u0103 cu for\u021ba unei pove\u0219ti nerostite. Melodia, simpl\u0103 \u0219i f\u0103r\u0103 acompaniament, plutea prin aer ca o rug\u0103ciune. Fiecare cuv\u00e2nt p\u0103rea desprins dintr-un loc ad\u00e2nc, unde lacrimile \u0219i speran\u021bele se \u00eent\u00e2lnesc.<\/p>\n\n\n\n<p><\/p>\n\n\n\n<p>Un profesor, care \u00ee\u0219i butona telefonul \u00een spate, s-a oprit brusc \u0219i s-a \u00eentors. Copiii din sal\u0103 au \u00eenceput, unul c\u00e2te unul, s\u0103 lase telefoanele jos. Chiar \u0219i cei care r\u00e2deau mai devreme st\u0103teau acum nemi\u0219ca\u021bi. Unul dintre b\u0103ie\u021bi \u0219i-a \u0219ters discret o lacrim\u0103. Fetele din ultimul r\u00e2nd s-au privit \u00eentre ele f\u0103r\u0103 cuvinte.<\/p>\n\n\n\n<p><\/p>\n\n\n\n<p>Iar la mijlocul c\u00e2ntecului\u2026 s-a \u00eent\u00e2mplat ceva cu totul nea\u0219teptat.<\/p>\n\n\n\n<p><\/p>\n\n\n\n<p>Directorul, care rareori venea la spectacolele elevilor, a intrat din \u00eent\u00e2mplare \u00een sal\u0103. Dar c\u00e2nd a auzit vocea Sofiei, s-a oprit \u00een u\u0219\u0103. A r\u0103mas acolo, nemi\u0219cat, ca un soldat prins de o magie veche. Iar profesoara de muzic\u0103, care p\u00e2n\u0103 atunci nici nu-\u0219i notase numele ei, \u0219i-a dus m\u00e2na la inim\u0103 \u0219i a \u0219optit:<\/p>\n\n\n\n<p><\/p>\n\n\n\n<p>\u2014 E\u2026 fenomenal\u0103.<\/p>\n\n\n\n<p><\/p>\n\n\n\n<p>La finalul piesei, Sofia a mai p\u0103strat o clip\u0103 de lini\u0219te. Apoi a deschis ochii.<\/p>\n\n\n\n<p><\/p>\n\n\n\n<p>\u0218i a fost \u00eent\u00e2mpinat\u0103 de o lini\u0219te sacr\u0103. Nimeni nu \u0219tia dac\u0103 s\u0103 aplaude sau s\u0103 pl\u00e2ng\u0103. O clip\u0103 \u00een care lumea p\u0103rea s\u0103-\u0219i fi \u021binut respira\u021bia.<\/p>\n\n\n\n<p><\/p>\n\n\n\n<p>Apoi, o palm\u0103 s-a auzit. Apoi \u00eenc\u0103 una. \u0218i \u00eenc\u0103 una.<\/p>\n\n\n\n<p><\/p>\n\n\n\n<p>\u0218i brusc, sala a erupt.<\/p>\n\n\n\n<p><\/p>\n\n\n\n<p>Nu \u00een aplauze obi\u0219nuite \u2014 ci \u00een ova\u021bii \u00een picioare. Un ropot de aplauze, urlete de uimire, copii care b\u0103teau din palme cu ochii \u00een lacrimi, profesori cu gura c\u0103scat\u0103 \u0219i telefoane care acum filmau nu o glum\u0103, ci un miracol.<\/p>\n\n\n\n<p><\/p>\n\n\n\n<p>Sofia a z\u00e2mbit pentru prima dat\u0103 \u00een fa\u021ba tuturor. \u0218i pentru prima dat\u0103, a sim\u021bit c\u0103 nu mai era invizibil\u0103. C\u0103 vocea ei contase.<\/p>\n\n\n\n<p><\/p>\n\n\n\n<p>Dup\u0103 spectacol, un domn cu costum sobru s-a apropiat de ea. Se prezent\u0103 ca fiind reprezentantul unui conservator local care sprijinea tineri talenta\u021bi. I-a \u00eenm\u00e2nat o carte de vizit\u0103 \u0219i i-a spus:<\/p>\n\n\n\n<p><\/p>\n\n\n\n<p>\u2014 Ai un dar. \u0218i o poveste. Vrem s\u0103 te ajut\u0103m s\u0103 o spui lumii.<\/p>\n\n\n\n<p><\/p>\n\n\n\n<p>\u00cen urm\u0103toarele s\u0103pt\u0103m\u00e2ni, numele\u00a0<strong>Sofiei L\u0103z\u0103rescu<\/strong>\u00a0a \u00eenceput s\u0103 circule prin ora\u0219. Ziarele locale scriau despre \u201efata cu voce de \u00eenger\u201d. Directorul a cerut s\u0103 \u00eenregistreze presta\u021bia \u0219i s\u0103 o trimit\u0103 la un concurs na\u021bional. Iar colegii? O salutau. \u00cei z\u00e2mbeau. Unii chiar o rugau s\u0103 le c\u00e2nte din nou.<\/p>\n\n\n\n<p><\/p>\n\n\n\n<p>Dar cel mai important moment a venit \u00eentr-o sear\u0103, c\u00e2nd mama ei a intrat \u00een rulota lor \u0219i a g\u0103sit o scrisoare pe masa mic\u0103 din col\u021b.<\/p>\n\n\n\n<p><\/p>\n\n\n\n<p>Era de la Sofia.<\/p>\n\n\n\n<p><\/p>\n\n\n\n<p>\u201eMam\u0103, \u0219tiu c\u0103 uneori nu avem lumin\u0103. \u0218i uneori nici p\u00e2ine. Dar avem ceva mai puternic. Avem curaj. \u0218i vocea mea\u2026 e \u0219i vocea ta.\u201d<\/p>\n\n\n\n<p><\/p>\n\n\n\n<p>Sub semn\u0103tur\u0103, era o fotografie cu Sofia pe scen\u0103, z\u00e2mbind, \u00een timp ce o sal\u0103 \u00eentreag\u0103 o aplauda.<\/p>\n\n\n\n<p><\/p>\n\n\n\n<p>Mama a \u00eenchis ochii, a str\u00e2ns fotografia la piept \u0219i a spus:<\/p>\n\n\n\n<p><\/p>\n\n\n\n<p>\u2014 C\u00e2nt\u0103, fata mea. C\u00e2nt\u0103 \u0219i nu te opri niciodat\u0103.<\/p>\n\n\n\n<p><\/p>\n\n\n\n<p>Pentru c\u0103 lumea nu uit\u0103 niciodat\u0103 o voce care i-a atins sufletul.<\/p>\n\n\n\n<p><\/p>\n\n\n\n<p><strong>Dac\u0103 \u021bi-a pl\u0103cut povestea, nu uita s\u0103 o distribui cu prietenii t\u0103i! \u00cempreun\u0103 putem duce mai departe emo\u021bia \u0219i inspira\u021bia.<\/strong><\/p>\n","protected":false},"excerpt":{"rendered":"<p>\u2026\u0219i atunci, Sofia a \u00eenchis ochii. Nu era niciun reflector aprins, nici aplauze de \u00eenceput, nici m\u0103car un profesor care s\u0103 o \u00eencurajeze. \u00cen primele<\/p>\n","protected":false},"author":1,"featured_media":39588,"comment_status":"closed","ping_status":"closed","sticky":false,"template":"","format":"standard","meta":[],"categories":[1],"tags":[],"_links":{"self":[{"href":"https:\/\/calatorinromania.com\/index.php?rest_route=\/wp\/v2\/posts\/39763"}],"collection":[{"href":"https:\/\/calatorinromania.com\/index.php?rest_route=\/wp\/v2\/posts"}],"about":[{"href":"https:\/\/calatorinromania.com\/index.php?rest_route=\/wp\/v2\/types\/post"}],"author":[{"embeddable":true,"href":"https:\/\/calatorinromania.com\/index.php?rest_route=\/wp\/v2\/users\/1"}],"replies":[{"embeddable":true,"href":"https:\/\/calatorinromania.com\/index.php?rest_route=%2Fwp%2Fv2%2Fcomments&post=39763"}],"version-history":[{"count":1,"href":"https:\/\/calatorinromania.com\/index.php?rest_route=\/wp\/v2\/posts\/39763\/revisions"}],"predecessor-version":[{"id":39764,"href":"https:\/\/calatorinromania.com\/index.php?rest_route=\/wp\/v2\/posts\/39763\/revisions\/39764"}],"wp:featuredmedia":[{"embeddable":true,"href":"https:\/\/calatorinromania.com\/index.php?rest_route=\/wp\/v2\/media\/39588"}],"wp:attachment":[{"href":"https:\/\/calatorinromania.com\/index.php?rest_route=%2Fwp%2Fv2%2Fmedia&parent=39763"}],"wp:term":[{"taxonomy":"category","embeddable":true,"href":"https:\/\/calatorinromania.com\/index.php?rest_route=%2Fwp%2Fv2%2Fcategories&post=39763"},{"taxonomy":"post_tag","embeddable":true,"href":"https:\/\/calatorinromania.com\/index.php?rest_route=%2Fwp%2Fv2%2Ftags&post=39763"}],"curies":[{"name":"wp","href":"https:\/\/api.w.org\/{rel}","templated":true}]}}