{"id":39761,"date":"2025-06-04T06:16:55","date_gmt":"2025-06-04T06:16:55","guid":{"rendered":"https:\/\/calatorinromania.com\/?p=39761"},"modified":"2025-06-04T06:16:56","modified_gmt":"2025-06-04T06:16:56","slug":"o-bunica-de-79-de-ani-scormonea-in-fiecare-dimineata-prin-tomberon","status":"publish","type":"post","link":"https:\/\/calatorinromania.com\/?p=39761","title":{"rendered":"O bunic\u0103 de 79 de ani scormonea \u00een fiecare diminea\u021b\u0103 prin tomberon"},"content":{"rendered":"\n<p>Feti\u021ba se a\u0219tepta la o reac\u021bie ur\u00e2t\u0103, dar b\u0103tr\u00e2na a \u0219optit brusc:<\/p>\n\n\n\n<p><\/p>\n\n\n\n<p>\u2014 Nu ai v\u0103zut pe aici un bebelu\u0219?<\/p>\n\n\n\n<p><\/p>\n\n\n\n<p>Feti\u021ba a r\u0103mas blocat\u0103.<\/p>\n\n\n\n<p><\/p>\n\n\n\n<p>\u2014 Pe cine?<\/p>\n\n\n\n<p><\/p>\n\n\n\n<p>\u2014 Un b\u0103ie\u021bel\u2026 foarte mic\u2026 era \u00eenvelit \u00eentr-o p\u0103tur\u0103. L-am pierdut. E pe undeva pe aici.<\/p>\n\n\n\n<p><\/p>\n\n\n\n<p>Spun\u00e2nd asta, s-a aplecat din nou deasupra tomberonului \u0219i a \u00eenceput s\u0103 caute prin pungi vechi, f\u0103r\u0103 s\u0103-i mai dea vreo aten\u021bie feti\u021bei.<\/p>\n\n\n\n<p><\/p>\n\n\n\n<p>Feti\u021ba a fugit speriat\u0103 acas\u0103. Iar seara i-a povestit totul mamei. Aceasta s-a albit la fa\u021b\u0103 \u0219i a \u0219optit doar:<\/p>\n\n\n\n<p><\/p>\n\n\n\n<p>\u2014 S\u0103 nu te mai apropii de ea, ai \u00een\u021beles? Niciodat\u0103.<\/p>\n\n\n\n<p><\/p>\n\n\n\n<p>Dup\u0103 o s\u0103pt\u0103m\u00e2n\u0103, b\u0103tr\u00e2na a murit \u2014 chiar l\u00e2ng\u0103 tomberoane. Atac cerebral. Ambulan\u021ba a ajuns repede, dar prea t\u00e2rziu. Geanta de care nu se desp\u0103r\u021bea a fost luat\u0103 de muncitorii de la salubritate. \u0218i dup\u0103 c\u00e2teva zile, pe banca din fa\u021ba sc\u0103rii, oamenii au \u00eenceput s\u0103 \u0219u\u0219oteasc\u0103:<\/p>\n\n\n\n<p><\/p>\n\n\n\n<p>\u2014 Ai auzit ce-au aflat despre ea?<\/p>\n\n\n\n<p><\/p>\n\n\n\n<p>\u2014 Despre cine?<\/p>\n\n\n\n<p><\/p>\n\n\n\n<p>\u2014 Despre b\u0103tr\u00e2nica asta. C\u00e2nd avea cincisprezece ani, a n\u0103scut \u00een secret. Acas\u0103. Tat\u0103l copilului era de dou\u0103 ori mai \u00een v\u00e2rst\u0103 dec\u00e2t ea, parc\u0103 un vecin. A ascuns totul. A n\u0103scut \u2014 \u0219i imediat a aruncat copilul. La gunoi. Atunci mama ei a b\u0103tut-o \u0219i a alungat-o.<\/p>\n\n\n\n<p><\/p>\n\n\n\n<p>\u2014 Doamne fere\u0219te\u2026<\/p>\n\n\n\n<p><\/p>\n\n\n\n<p>\u2014 De-atunci i s-a tulburat mintea. A fost \u0219i la nebuni, \u0219i acas\u0103. Apoi s-a \u00eenchis \u00een ea. \u0218i \u00een fiecare zi mergea la tomberon. S\u0103-l caute. Pe copilul ei.<\/p>\n\n\n\n<p><\/p>\n\n\n\n<p><strong>Dac\u0103 \u021bi-a pl\u0103cut povestea, nu uita s\u0103 o distribui cu prietenii t\u0103i! \u00cempreun\u0103 putem duce mai departe emo\u021bia \u0219i inspira\u021bia.<\/strong><\/p>\n","protected":false},"excerpt":{"rendered":"<p>Feti\u021ba se a\u0219tepta la o reac\u021bie ur\u00e2t\u0103, dar b\u0103tr\u00e2na a \u0219optit brusc: \u2014 Nu ai v\u0103zut pe aici un bebelu\u0219? Feti\u021ba a r\u0103mas blocat\u0103. \u2014<\/p>\n","protected":false},"author":1,"featured_media":39588,"comment_status":"closed","ping_status":"closed","sticky":false,"template":"","format":"standard","meta":[],"categories":[1],"tags":[],"_links":{"self":[{"href":"https:\/\/calatorinromania.com\/index.php?rest_route=\/wp\/v2\/posts\/39761"}],"collection":[{"href":"https:\/\/calatorinromania.com\/index.php?rest_route=\/wp\/v2\/posts"}],"about":[{"href":"https:\/\/calatorinromania.com\/index.php?rest_route=\/wp\/v2\/types\/post"}],"author":[{"embeddable":true,"href":"https:\/\/calatorinromania.com\/index.php?rest_route=\/wp\/v2\/users\/1"}],"replies":[{"embeddable":true,"href":"https:\/\/calatorinromania.com\/index.php?rest_route=%2Fwp%2Fv2%2Fcomments&post=39761"}],"version-history":[{"count":1,"href":"https:\/\/calatorinromania.com\/index.php?rest_route=\/wp\/v2\/posts\/39761\/revisions"}],"predecessor-version":[{"id":39762,"href":"https:\/\/calatorinromania.com\/index.php?rest_route=\/wp\/v2\/posts\/39761\/revisions\/39762"}],"wp:featuredmedia":[{"embeddable":true,"href":"https:\/\/calatorinromania.com\/index.php?rest_route=\/wp\/v2\/media\/39588"}],"wp:attachment":[{"href":"https:\/\/calatorinromania.com\/index.php?rest_route=%2Fwp%2Fv2%2Fmedia&parent=39761"}],"wp:term":[{"taxonomy":"category","embeddable":true,"href":"https:\/\/calatorinromania.com\/index.php?rest_route=%2Fwp%2Fv2%2Fcategories&post=39761"},{"taxonomy":"post_tag","embeddable":true,"href":"https:\/\/calatorinromania.com\/index.php?rest_route=%2Fwp%2Fv2%2Ftags&post=39761"}],"curies":[{"name":"wp","href":"https:\/\/api.w.org\/{rel}","templated":true}]}}