{"id":39757,"date":"2025-06-03T11:25:57","date_gmt":"2025-06-03T11:25:57","guid":{"rendered":"https:\/\/calatorinromania.com\/?p=39757"},"modified":"2025-06-03T11:25:57","modified_gmt":"2025-06-03T11:25:57","slug":"moment-decisiv-pentru-romania-ilie-bolojan-a-facut-anuntul","status":"publish","type":"post","link":"https:\/\/calatorinromania.com\/?p=39757","title":{"rendered":"Moment decisiv pentru Rom\u00e2nia: Ilie Bolojan a f\u0103cut anun\u021bul"},"content":{"rendered":"\n<p>Ilie Bolojan, una dintre figurile marcante ale Partidului Na\u021bional Liberal (PNL), a anun\u021bat \u00een urma reuniunii conducerii partidului din 2 iunie 2025 c\u0103 forma\u021biunea liberal\u0103 a decis oficial s\u0103 participe la guvernare. Hot\u0103r\u00e2rea a fost luat\u0103 f\u0103r\u0103 s\u0103 fie puse condi\u021bii legate de func\u021bii sau persoane, suger\u00e2nd o asumare clar\u0103 \u00een fa\u021ba situa\u021biei economice dificile prin care trece Rom\u00e2nia.<\/p>\n\n\n\n<p><\/p>\n\n\n\n<p>Desf\u0103\u0219urarea reuniunii Biroului Permanent Na\u021bional al PNL<\/p>\n\n\n\n<p><\/p>\n\n\n\n<p>\u00cen cadrul \u0219edin\u021bei Biroului Permanent Na\u021bional (BPN), dou\u0103 subiecte esen\u021biale au fost abordate: implicarea PNL \u00een formarea unui nou executiv \u0219i preg\u0103tirea viitorului Congres al partidului. Accentul a fost pus pe angajamentul de a contribui la conturarea guvernului, \u00een contextul nevoii de echilibru economic \u0219i politic.<\/p>\n\n\n\n<p><\/p>\n\n\n\n<p>\u201cNe asum\u0103m responsabilitatea f\u0103r\u0103 condi\u021bii\u201d \u2014 declara\u021bia lui Ilie Bolojan<br>Ilie Bolojan a declarat:<\/p>\n\n\n\n<p><\/p>\n\n\n\n<p>\u201eAm propus colegilor s\u0103 aprobe participarea PNL la guvernare, f\u0103r\u0103 niciun fel de condi\u021bii legate de o persoan\u0103 sau alta, deoarece avem o responsabilitate par\u021bial\u0103 pentru situa\u021bia \u021b\u0103rii \u0219i nu ne putem deroba de aceast\u0103 responsabilitate.\u201d<\/p>\n\n\n\n<p><\/p>\n\n\n\n<p>Aceast\u0103 decizie reflect\u0103 o atitudine politic\u0103 matur\u0103 din partea PNL \u0219i dorin\u021ba liderilor de a privilegia interesul na\u021bional \u00een detrimentul calculelor personale sau de partid.<\/p>\n\n\n\n<p><\/p>\n\n\n\n<p>Obiectivele PNL: responsabilitate bugetar\u0103 \u0219i reducerea cheltuielilor<\/p>\n\n\n\n<p><\/p>\n\n\n\n<p>PNL \u0219i-a propus ca obiectiv principal sc\u0103derea cheltuielilor statului, evit\u00e2nd \u00een acela\u0219i timp cre\u0219terea taxelor sau impozitelor pe termen scurt. Ilie Bolojan a insistat asupra acestui punct:<\/p>\n\n\n\n<p><\/p>\n\n\n\n<p>\u201cVotul a fost majoritar pentru asumarea r\u0103spunderii f\u0103r\u0103 condi\u021bii, dar cu accent pe reducerea cheltuielilor \u0219i, ulterior, pe gestionarea atent\u0103 a taxelor.\u201d<\/p>\n\n\n\n<p><\/p>\n\n\n\n<p>Prin aceast\u0103 abordare, liberalii transmit un mesaj ferm c\u0103 noua guvernare va urm\u0103ri pruden\u021ba fiscal\u0103 \u0219i stabilitatea financiar\u0103.<\/p>\n\n\n\n<p>M\u0103suri planificate pentru stabilizare economic\u0103<\/p>\n\n\n\n<p><\/p>\n\n\n\n<p>Bolojan a informat c\u0103 PNL are deja conturate o serie de m\u0103suri concrete, care vor fi discutate \u00een cadrul negocierilor cu celelalte forma\u021biuni politice. Acest demers reflect\u0103 o viziune pragmatic\u0103 \u0219i orientat\u0103 spre solu\u021bii pentru a face fa\u021b\u0103 crizei economice.<\/p>\n\n\n\n<p><\/p>\n\n\n\n<p>Starea dificil\u0103 a bugetului de stat<\/p>\n\n\n\n<p><\/p>\n\n\n\n<p>Un element esen\u021bial din declara\u021biile lui Bolojan a fost legat de clarificarea situa\u021biei financiare a Rom\u00e2niei:<\/p>\n\n\n\n<p><\/p>\n\n\n\n<p>\u00cen 2024, deficitul bugetar s-a apropiat de 9% din PIB.<\/p>\n\n\n\n<p><\/p>\n\n\n\n<p>Statul a \u00eenregistrat venituri de circa 570 miliarde de lei, \u00een timp ce cheltuielile au trecut de 720 miliarde, rezult\u00e2nd un dezechilibru de aproape 150 miliarde lei (circa 30 miliarde euro).<\/p>\n\n\n\n<p><\/p>\n\n\n\n<p>Aceast\u0103 realitate subliniaz\u0103 gravitatea problemelor economice pe care noul guvern va trebui s\u0103 le abordeze eficient \u0219i responsabil.<\/p>\n","protected":false},"excerpt":{"rendered":"<p>Ilie Bolojan, una dintre figurile marcante ale Partidului Na\u021bional Liberal (PNL), a anun\u021bat \u00een urma reuniunii conducerii partidului din 2 iunie 2025 c\u0103 forma\u021biunea liberal\u0103<\/p>\n","protected":false},"author":1,"featured_media":39588,"comment_status":"closed","ping_status":"closed","sticky":false,"template":"","format":"standard","meta":[],"categories":[1],"tags":[],"_links":{"self":[{"href":"https:\/\/calatorinromania.com\/index.php?rest_route=\/wp\/v2\/posts\/39757"}],"collection":[{"href":"https:\/\/calatorinromania.com\/index.php?rest_route=\/wp\/v2\/posts"}],"about":[{"href":"https:\/\/calatorinromania.com\/index.php?rest_route=\/wp\/v2\/types\/post"}],"author":[{"embeddable":true,"href":"https:\/\/calatorinromania.com\/index.php?rest_route=\/wp\/v2\/users\/1"}],"replies":[{"embeddable":true,"href":"https:\/\/calatorinromania.com\/index.php?rest_route=%2Fwp%2Fv2%2Fcomments&post=39757"}],"version-history":[{"count":1,"href":"https:\/\/calatorinromania.com\/index.php?rest_route=\/wp\/v2\/posts\/39757\/revisions"}],"predecessor-version":[{"id":39758,"href":"https:\/\/calatorinromania.com\/index.php?rest_route=\/wp\/v2\/posts\/39757\/revisions\/39758"}],"wp:featuredmedia":[{"embeddable":true,"href":"https:\/\/calatorinromania.com\/index.php?rest_route=\/wp\/v2\/media\/39588"}],"wp:attachment":[{"href":"https:\/\/calatorinromania.com\/index.php?rest_route=%2Fwp%2Fv2%2Fmedia&parent=39757"}],"wp:term":[{"taxonomy":"category","embeddable":true,"href":"https:\/\/calatorinromania.com\/index.php?rest_route=%2Fwp%2Fv2%2Fcategories&post=39757"},{"taxonomy":"post_tag","embeddable":true,"href":"https:\/\/calatorinromania.com\/index.php?rest_route=%2Fwp%2Fv2%2Ftags&post=39757"}],"curies":[{"name":"wp","href":"https:\/\/api.w.org\/{rel}","templated":true}]}}