{"id":39751,"date":"2025-06-03T09:30:25","date_gmt":"2025-06-03T09:30:25","guid":{"rendered":"https:\/\/calatorinromania.com\/?p=39751"},"modified":"2025-06-03T09:30:25","modified_gmt":"2025-06-03T09:30:25","slug":"o-fetita-de-2-ani-tot-arata-spre-sicriul-tatalui-ei-din-nou-si-din-nou-iar-ceea-ce-a-spus-apoi-iti-va-da-fiori-pe-sira-spinarii","status":"publish","type":"post","link":"https:\/\/calatorinromania.com\/?p=39751","title":{"rendered":"O feti\u021b\u0103 de 2 ani tot ar\u0103ta spre sicriul tat\u0103lui ei din nou \u0219i din nou \u2013 iar ceea ce a spus apoi \u00ee\u021bi va da fiori pe \u0219ira spin\u0103rii"},"content":{"rendered":"\n<p><strong>O biseric\u0103 plin\u0103 de durere. O feti\u021b\u0103 de doi ani. Un sicriu. \u0218i c\u00e2teva cuvinte care au \u00eenghe\u021bat o lume \u00eentreag\u0103.<\/strong><\/p>\n\n\n\n<p><\/p>\n\n\n\n<p>Biserica Sf\u00e2ntul Mihail era cufundat\u0103 \u00eentr-o durere grea, aproape palpabil\u0103.<\/p>\n\n\n\n<p><\/p>\n\n\n\n<p>Aerul era dens, \u00eembibat cu mirosul dulce al t\u0103m\u00e2ii, al cerii topite \u0219i al pietrei reci. Lumina se strecura prin vitraliile colorate, desen\u00e2nd umbre tremur\u0103toare pe podeaua de piatr\u0103, dar nu reu\u0219ea s\u0103 alunge \u00eentunericul din inimile celor prezen\u021bi.<\/p>\n\n\n\n<p><\/p>\n\n\n\n<p>Clopotele b\u0103teau rar \u0219i bl\u00e2nd, sunetul lor r\u0103sun\u00e2nd ad\u00e2nc \u00een piepturile celor \u00eendurera\u021bi, ca o prelungire a inimilor fr\u00e2nte. Printre suspine \u0219i rug\u0103ciuni, se sim\u021bea parc\u0103 \u0219i biserica pl\u00e2ng\u00e2nd pentru sufletul pierdut.<\/p>\n\n\n\n<p><\/p>\n\n\n\n<p>Ana st\u0103tea l\u00e2ng\u0103 sicriul so\u021bului ei, Rare\u0219. \u00cembr\u0103cat\u0103 \u00een negru, cu chipul distrus de o durere pe care nici lacrimile nu o mai puteau exprima, \u00ee\u0219i \u021binea fiica de doar doi ani, Sofia, str\u00e2ns \u00een bra\u021be.<\/p>\n\n\n\n<p><\/p>\n\n\n\n<p>Dar micu\u021ba se zb\u0103tea, cu fa\u021ba ro\u0219ie \u0219i umflat\u0103 de at\u00e2ta pl\u00e2ns. Nu \u00een\u021belegea exact ce se \u00eent\u00e2mpl\u0103. Tot ce \u0219tia era c\u0103&nbsp;<strong>tati<\/strong>&nbsp;era acolo, \u00een acea cutie mare de lemn\u2026 \u0219i c\u0103&nbsp;<strong>nu se mai \u00eentorcea<\/strong>.<\/p>\n\n\n\n<p>Ana \u00eencerca s\u0103 o lini\u0219teasc\u0103, cu glas tremurat, dar Sofia nu se oprea. Ochii ei mari, umezi, erau fixa\u021bi pe capacul lustruit al sicriului.<\/p>\n\n\n\n<p>\u2014&nbsp;<strong>Tati! Tati!<\/strong>&nbsp;\u2014 striga feti\u021ba, ar\u0103t\u00e2nd cu dege\u021belul spre catafalc.<\/p>\n\n\n\n<p>Ana \u00eenghi\u021bi \u00een sec. Un nod amar i se ridica \u00een g\u00e2t. Sub voal, degetele \u00eei str\u00e2ngeau rochia cu o tensiune alb\u0103.<\/p>\n\n\n\n<p>\u0218i atunci\u2026 s-a \u00eent\u00e2mplat&nbsp;<strong>ceva<\/strong>.<\/p>\n\n\n\n<p>Ceva ce niciun suflet din biseric\u0103 nu avea s\u0103 poat\u0103 explica vreodat\u0103.<\/p>\n\n\n\n<p>Sofia \u0219i-a \u00eempreunat m\u00e2inile mici c\u0103tre sicriu \u0219i, cu o voce clar\u0103, insistent\u0103, a spus:<\/p>\n\n\n\n<p>\u2014&nbsp;<strong>Tati zice s\u0103 nu mai pl\u00e2ngi, mami.<\/strong><\/p>\n\n\n\n<p>To\u021bi au \u00eentors capul. Murmurul slujbei s-a oprit. A trecut un fior rece prin mul\u021bime. Cuvintele feti\u021bei p\u0103reau s\u0103 vin\u0103&nbsp;<strong>de nic\u0103ieri<\/strong>, rostite cu o claritate ce nu p\u0103rea posibil\u0103 la o v\u00e2rst\u0103 at\u00e2t de fraged\u0103.<\/p>\n\n\n\n<p>Ana a tres\u0103rit \u0219i a apropiat-o de piept.<\/p>\n\n\n\n<p>\u2014 Ce-ai spus, iubita mea?<\/p>\n\n\n\n<p>Sofia \u0219i-a \u00eentors privirea iar c\u0103tre sicriu \u0219i a ad\u0103ugat, cu ochii larg deschi\u0219i:<\/p>\n\n\n\n<p>\u2014&nbsp;<strong>Tati a zis c\u0103 nu e frig\u2026 \u0219i c\u0103 trebuie s\u0103 mergem acas\u0103. A zis c\u0103 e lumin\u0103 acolo\u2026 \u0219i c\u0103 ne iube\u0219te.<\/strong><\/p>\n\n\n\n<p>O femeie din spate a sc\u0103pat din m\u00e2n\u0103 o icoan\u0103. Un b\u0103rbat s-a \u00eenchinat, murmur\u00e2nd rug\u0103ciuni cu buze tremur\u00e2nde. Preotul a p\u0103\u0219it \u00een fa\u021b\u0103, dar n-a scos un cuv\u00e2nt. Privirea lui era lipit\u0103 de copil\u0103.<\/p>\n\n\n\n<p>Ana era \u00eempietrit\u0103. Nu visa. Nici ceilal\u021bi nu visau. Feti\u021ba vorbea cu o lini\u0219te \u0219i o convingere cutremur\u0103toare. Iar ochii Sofiei nu mai erau plini de lacrimi \u2014 ci luminau cu o senin\u0103tate greu de \u00een\u021beles.<\/p>\n\n\n\n<p>\u2014&nbsp;<strong>A zis c\u0103 e \u00een spatele meu\u2026 \u0219i c\u0103 \u00eemi \u021bine m\u00e2nu\u021ba,<\/strong>&nbsp;\u2014 a ad\u0103ugat Sofia, ca un \u0219oapt\u0103 \u00eentr-o biseric\u0103 mut\u0103.<\/p>\n\n\n\n<p>Ana s-a \u00eentors brusc. Nimeni. Doar aerul greu \u0219i umbrele lum\u00e2n\u0103rilor dans\u00e2nd pe pere\u021bi.<\/p>\n\n\n\n<p>Dar&nbsp;<strong>a sim\u021bit<\/strong>.<\/p>\n\n\n\n<p>O atingere u\u0219oar\u0103, cald\u0103, pe um\u0103rul st\u00e2ng. Un fior cunoscut, imposibil de confundat. \u0218i-a dus m\u00e2na la um\u0103r \u0219i s-a pr\u0103bu\u0219it \u00een lacrimi. Dar nu mai erau lacrimi de durere. Erau&nbsp;<strong>lacrimi de eliberare. De alinare. De pace.<\/strong><\/p>\n\n\n\n<p>Mul\u021bimea tremura. Unii pl\u00e2ngeau \u00een t\u0103cere. Al\u021bii c\u0103deau \u00een genunchi. Preotul a reluat rug\u0103ciunea, dar acum vocea lui era bl\u00e2nd\u0103, luminoas\u0103.<\/p>\n\n\n\n<p>Ana \u0219i-a lipit obrazul de p\u0103rul Sofiei \u0219i \u0219i-a \u00eenchis ochii. Pentru prima dat\u0103 \u00een zile \u00eentregi, pe buze i-a \u00eenflorit un z\u00e2mbet adev\u0103rat.<\/p>\n\n\n\n<p>\u2014&nbsp;<strong>Tati a plecat\u2026 dar e aici. Mereu. Nu vezi?<\/strong>&nbsp;\u2014 a murmurat Sofia, somnoroas\u0103, cu capul sprijinit de pieptul mamei.<\/p>\n\n\n\n<p>\u0218i da, Rare\u0219 nu mai era acolo.<\/p>\n\n\n\n<p>Dar nu disp\u0103ruse cu adev\u0103rat.<\/p>\n\n\n\n<p>Pentru c\u0103 uneori, chiar dac\u0103 nu-i vedem\u2026<\/p>\n\n\n\n<p><strong>\u2026cei pe care-i iubim nu ne p\u0103r\u0103sesc niciodat\u0103.<\/strong><\/p>\n\n\n\n<p><strong>Dac\u0103 \u021bi-a pl\u0103cut povestea, nu uita s\u0103 o distribui cu prietenii t\u0103i! \u00cempreun\u0103 putem duce mai departe emo\u021bia \u0219i inspira\u021bia.<\/strong><\/p>\n","protected":false},"excerpt":{"rendered":"<p>O biseric\u0103 plin\u0103 de durere. O feti\u021b\u0103 de doi ani. Un sicriu. \u0218i c\u00e2teva cuvinte care au \u00eenghe\u021bat o lume \u00eentreag\u0103. Biserica Sf\u00e2ntul Mihail era<\/p>\n","protected":false},"author":1,"featured_media":39588,"comment_status":"closed","ping_status":"closed","sticky":false,"template":"","format":"standard","meta":[],"categories":[1],"tags":[],"_links":{"self":[{"href":"https:\/\/calatorinromania.com\/index.php?rest_route=\/wp\/v2\/posts\/39751"}],"collection":[{"href":"https:\/\/calatorinromania.com\/index.php?rest_route=\/wp\/v2\/posts"}],"about":[{"href":"https:\/\/calatorinromania.com\/index.php?rest_route=\/wp\/v2\/types\/post"}],"author":[{"embeddable":true,"href":"https:\/\/calatorinromania.com\/index.php?rest_route=\/wp\/v2\/users\/1"}],"replies":[{"embeddable":true,"href":"https:\/\/calatorinromania.com\/index.php?rest_route=%2Fwp%2Fv2%2Fcomments&post=39751"}],"version-history":[{"count":1,"href":"https:\/\/calatorinromania.com\/index.php?rest_route=\/wp\/v2\/posts\/39751\/revisions"}],"predecessor-version":[{"id":39752,"href":"https:\/\/calatorinromania.com\/index.php?rest_route=\/wp\/v2\/posts\/39751\/revisions\/39752"}],"wp:featuredmedia":[{"embeddable":true,"href":"https:\/\/calatorinromania.com\/index.php?rest_route=\/wp\/v2\/media\/39588"}],"wp:attachment":[{"href":"https:\/\/calatorinromania.com\/index.php?rest_route=%2Fwp%2Fv2%2Fmedia&parent=39751"}],"wp:term":[{"taxonomy":"category","embeddable":true,"href":"https:\/\/calatorinromania.com\/index.php?rest_route=%2Fwp%2Fv2%2Fcategories&post=39751"},{"taxonomy":"post_tag","embeddable":true,"href":"https:\/\/calatorinromania.com\/index.php?rest_route=%2Fwp%2Fv2%2Ftags&post=39751"}],"curies":[{"name":"wp","href":"https:\/\/api.w.org\/{rel}","templated":true}]}}