{"id":39744,"date":"2025-06-03T06:46:14","date_gmt":"2025-06-03T06:46:14","guid":{"rendered":"https:\/\/calatorinromania.com\/?p=39744"},"modified":"2025-06-03T06:46:15","modified_gmt":"2025-06-03T06:46:15","slug":"%f0%9f%a5%90-aluat-fraged-cu-iaurt-fara-oua","status":"publish","type":"post","link":"https:\/\/calatorinromania.com\/?p=39744","title":{"rendered":"\ud83e\udd50 Aluat Fraged cu Iaurt \u2013 F\u0103r\u0103 Ou\u0103"},"content":{"rendered":"\n<h2><\/h2>\n\n\n\n<p><strong>U\u0219or de f\u0103cut, versatil \u0219i perfect pentru orice ocazie!<\/strong><\/p>\n\n\n\n<p><\/p>\n\n\n\n<p>Acest aluat fraged pe baz\u0103 de iaurt este alegerea ideal\u0103 pentru gust\u0103ri rapide, pateuri, pl\u0103cinte sau chiar deserturi. Este <strong>moale, aerat \u0219i u\u0219or de modelat<\/strong>, iar faptul c\u0103 nu con\u021bine ou\u0103 \u00eel face o op\u021biune potrivit\u0103 \u0219i pentru cei cu alergii.<\/p>\n\n\n\n<p><\/p>\n\n\n\n<h3>\ud83d\udcdd Ingrediente Necesare:<\/h3>\n\n\n\n<ul>\n<li>\ud83e\udd63 1 pahar de iaurt (250 ml)<\/li>\n\n\n\n<li>\ud83e\uddc8 1\/2 pahar ulei vegetal <strong>sau<\/strong> 1\/2 pachet de unt topit<\/li>\n\n\n\n<li>\ud83c\udf5e 11 g drojdie uscat\u0103 (1 plicule\u021b)<\/li>\n\n\n\n<li>\ud83e\uddc2 1 linguri\u021b\u0103 sare<\/li>\n\n\n\n<li>\ud83c\udf6c 1 lingur\u0103 zah\u0103r<\/li>\n\n\n\n<li>\ud83c\udf3e 3 c\u0103ni de f\u0103in\u0103 de gr\u00e2u (aprox. 375 g)<\/li>\n<\/ul>\n\n\n\n<p><\/p>\n\n\n\n<h3>\ud83d\udc69\u200d\ud83c\udf73 Mod de Preparare<\/h3>\n\n\n\n<p><\/p>\n\n\n\n<h4>1\ufe0f\u20e3 <strong>Prepararea compozi\u021biei lichide<\/strong><\/h4>\n\n\n\n<ul>\n<li>Amestec\u0103 iaurtul cu uleiul sau untul topit \u0219i \u00eenc\u0103lze\u0219te u\u0219or (nu fierbinte!) timp de 2-3 minute.<\/li>\n\n\n\n<li>Adaug\u0103 zah\u0103rul \u0219i drojdia, apoi amestec\u0103 bine \u0219i las\u0103 c\u00e2teva minute s\u0103 se activeze.<\/li>\n<\/ul>\n\n\n\n<p><\/p>\n\n\n\n<h4>2\ufe0f\u20e3 <strong>Preg\u0103tirea f\u0103inii<\/strong><\/h4>\n\n\n\n<ul>\n<li>Cerne f\u0103ina \u0219i las-o la temperatura camerei.<\/li>\n\n\n\n<li>F\u0103 o gropi\u021b\u0103 \u00een mijlocul f\u0103inii, adaug\u0103 sarea \u0219i toarn\u0103 compozi\u021bia de iaurt.<\/li>\n<\/ul>\n\n\n\n<p><\/p>\n\n\n\n<h4>3\ufe0f\u20e3 <strong>Fr\u0103m\u00e2ntarea aluatului<\/strong><\/h4>\n\n\n\n<ul>\n<li>Fr\u0103m\u00e2nt\u0103 p\u00e2n\u0103 ob\u021bii un aluat <strong>moale, elastic \u0219i nelipicios<\/strong>.<\/li>\n\n\n\n<li>Acoper\u0103 aluatul cu un prosop \u0219i las\u0103-l la crescut timp de <strong>30 de minute<\/strong> la temperatura camerei.<br>\ud83d\udc49 <em>Este normal dac\u0103 nu \u00ee\u0219i dubleaz\u0103 volumul; va cre\u0219te \u00een timpul coacerii.<\/em><\/li>\n<\/ul>\n\n\n\n<p><\/p>\n\n\n\n<h3>\ud83e\udd5f Utiliz\u0103ri Recomandate<\/h3>\n\n\n\n<h4>\ud83d\udc49 <strong>Pentru pateuri<\/strong>:<\/h4>\n\n\n\n<ol>\n<li>\u00centinde aluatul \u0219i taie-l \u00een p\u0103trate.<\/li>\n\n\n\n<li>Adaug\u0103 umplutura preferat\u0103:\n<ul>\n<li>\ud83e\uddc0 Ca\u0219caval<\/li>\n\n\n\n<li>\ud83c\udf44 Ciuperci<\/li>\n\n\n\n<li>\ud83e\uddc2 Telemea<\/li>\n<\/ul>\n<\/li>\n\n\n\n<li>\u00cenchide-le bine, pres\u00e2nd marginile. (Dac\u0103 nu se lipesc, umeze\u0219te-le cu pu\u021bin\u0103 ap\u0103.)<\/li>\n\n\n\n<li>A\u0219az\u0103-le pe o tav\u0103 cu h\u00e2rtie de copt, l\u0103s\u00e2nd spa\u021biu \u00eentre ele.<\/li>\n\n\n\n<li>Coace-le la <strong>200\u00b0C timp de 20 de minute<\/strong>, p\u00e2n\u0103 devin <strong>aurii \u0219i crocante<\/strong>.<\/li>\n<\/ol>\n\n\n\n<h3>\ud83d\udca1 Sfaturi Utile<\/h3>\n\n\n\n<ul>\n<li>Vrei ceva dulce? Adaug\u0103 vanilie, mai mult zah\u0103r \u0219i pu\u021bin unt \u2192 <strong>ob\u021bii un aluat pentru brio\u0219e sau rulouri dulci<\/strong>!<\/li>\n\n\n\n<li>\u00cencearc\u0103 \u0219i cu:\n<ul>\n<li><strong>Umplutur\u0103 de spanac \u0219i br\u00e2nz\u0103<\/strong><\/li>\n\n\n\n<li><strong>Gem sau mere caramelizate<\/strong><\/li>\n\n\n\n<li><strong>Cartofi cu ceap\u0103 \u0219i boia<\/strong><\/li>\n<\/ul>\n<\/li>\n<\/ul>\n\n\n\n<h3>\u2705 Concluzie<\/h3>\n\n\n\n<p>Acest <strong>aluat simplu, rapid \u0219i f\u0103r\u0103 ou\u0103<\/strong> este perfect pentru a prepara rapid ceva delicios. Fie c\u0103 e pentru o cin\u0103 rapid\u0103, un mic dejun cald sau o gustare festiv\u0103, \u00ee\u021bi va salva timpul \u0219i \u00ee\u021bi va \u00eenc\u00e2nta papilele gustative.<\/p>\n\n\n\n<h3>\ud83c\udf7d\ufe0f \u00cencearc\u0103-l \u0219i spune-mi ce ai g\u0103tit cu el!<\/h3>\n\n\n\n<p>Po\u021bi reveni oric\u00e2nd pentru idei de umpluturi, decor sau alte varia\u021bii!<\/p>\n\n\n\n<p>\ud83d\udccc <em>Salveaz\u0103 re\u021beta \u0219i bucur\u0103-te de un aluat care \u00ee\u021bi deschide pofta de creativitate \u00een buc\u0103t\u0103rie!<\/em> \ud83e\uddc1<\/p>\n","protected":false},"excerpt":{"rendered":"<p>U\u0219or de f\u0103cut, versatil \u0219i perfect pentru orice ocazie! Acest aluat fraged pe baz\u0103 de iaurt este alegerea ideal\u0103 pentru gust\u0103ri rapide, pateuri, pl\u0103cinte sau<\/p>\n","protected":false},"author":1,"featured_media":39588,"comment_status":"closed","ping_status":"closed","sticky":false,"template":"","format":"standard","meta":[],"categories":[1],"tags":[],"_links":{"self":[{"href":"https:\/\/calatorinromania.com\/index.php?rest_route=\/wp\/v2\/posts\/39744"}],"collection":[{"href":"https:\/\/calatorinromania.com\/index.php?rest_route=\/wp\/v2\/posts"}],"about":[{"href":"https:\/\/calatorinromania.com\/index.php?rest_route=\/wp\/v2\/types\/post"}],"author":[{"embeddable":true,"href":"https:\/\/calatorinromania.com\/index.php?rest_route=\/wp\/v2\/users\/1"}],"replies":[{"embeddable":true,"href":"https:\/\/calatorinromania.com\/index.php?rest_route=%2Fwp%2Fv2%2Fcomments&post=39744"}],"version-history":[{"count":1,"href":"https:\/\/calatorinromania.com\/index.php?rest_route=\/wp\/v2\/posts\/39744\/revisions"}],"predecessor-version":[{"id":39745,"href":"https:\/\/calatorinromania.com\/index.php?rest_route=\/wp\/v2\/posts\/39744\/revisions\/39745"}],"wp:featuredmedia":[{"embeddable":true,"href":"https:\/\/calatorinromania.com\/index.php?rest_route=\/wp\/v2\/media\/39588"}],"wp:attachment":[{"href":"https:\/\/calatorinromania.com\/index.php?rest_route=%2Fwp%2Fv2%2Fmedia&parent=39744"}],"wp:term":[{"taxonomy":"category","embeddable":true,"href":"https:\/\/calatorinromania.com\/index.php?rest_route=%2Fwp%2Fv2%2Fcategories&post=39744"},{"taxonomy":"post_tag","embeddable":true,"href":"https:\/\/calatorinromania.com\/index.php?rest_route=%2Fwp%2Fv2%2Ftags&post=39744"}],"curies":[{"name":"wp","href":"https:\/\/api.w.org\/{rel}","templated":true}]}}