{"id":39732,"date":"2025-06-03T06:02:49","date_gmt":"2025-06-03T06:02:49","guid":{"rendered":"https:\/\/calatorinromania.com\/?p=39732"},"modified":"2025-06-03T06:02:50","modified_gmt":"2025-06-03T06:02:50","slug":"oficialii-europeni-saluta-victoria-lui-nicusor-dan-giorgia-meloni-sunt-increzatoare-ca-vom-consolida-cooperarea-bilaterala-dintre-natiunile-noastre","status":"publish","type":"post","link":"https:\/\/calatorinromania.com\/?p=39732","title":{"rendered":"Oficialii europeni salut\u0103 victoria lui Nicu\u0219or Dan. Giorgia Meloni: \u201dSunt \u00eencrez\u0103toare c\u0103 vom consolida cooperarea bilateral\u0103 dintre na\u021biunile noastre\u201d."},"content":{"rendered":"\n<p><strong>Nicu\u0219or Dan<\/strong>\u00a0a fost felicitat luni de\u00a0<strong>lideri politici importan\u021bi din Europa<\/strong>, dup\u0103 ce a c\u00e2\u0219tigat alegerile preziden\u021biale \u0219i va prelua conducerea statului rom\u00e2n. Printre primii care au reac\u021bionat s-au num\u0103rat\u00a0<strong>Emmanuel Macron<\/strong>,\u00a0<strong>Maia Sandu<\/strong>,\u00a0<strong>Donald Tusk<\/strong>\u00a0\u0219i\u00a0<strong>Giorgia Meloni<\/strong>, care i-au transmis mesaje oficiale de sus\u021binere \u0219i felicitare.<\/p>\n\n\n\n<p><\/p>\n\n\n\n<p><strong>Premierul Italiei, Giorgia Meloni<\/strong>, a transmis public un mesaj \u00een cursul dimine\u021bii, subliniind dorin\u021ba de cooperare \u00eentre cele dou\u0103 \u021b\u0103ri.<\/p>\n\n\n\n<p><\/p>\n\n\n\n<blockquote class=\"wp-block-quote\">\n<p><em>\u201e\u00cen numele guvernului italian, \u00eel felicit pe Nicusor Dan pentru alegerea sa ca Pre\u0219edinte al Rom\u00e2niei. Sunt \u00eencrez\u0103toare c\u0103 vom fi capabili s\u0103 construim un parteneriat constructiv, cu scopul de a consolida cooperarea bilateral\u0103 dintre na\u021biunile noastre \u0219i cu obiectivul comun de a promova pacea, stabilitatea \u0219i prosperitatea pentru popoarele noastre \u0219i pentru Europa\u201d<\/em>, a scris Meloni pe contul s\u0103u de X.<\/p>\n\n\n\n<p><\/p>\n<\/blockquote>\n\n\n\n<h2>Curg felicit\u0103rile din Europa pentru noul pre\u0219edinte al Rom\u00e2niei<\/h2>\n\n\n\n<p><\/p>\n\n\n\n<p>La scurt timp dup\u0103 mesajul\u00a0<strong>Giorgiei Meloni<\/strong>,\u00a0<strong>cancelarul Germaniei, Friedrich Merz<\/strong>, a transmis \u0219i el. Acesta a salutat\u00a0<strong>orientarea pro-european\u0103<\/strong>\u00a0exprimat\u0103 prin votul rom\u00e2nilor.<\/p>\n\n\n\n<p><\/p>\n\n\n\n<blockquote class=\"wp-block-quote\">\n<p><em>\u201eRom\u00e2nia s-a angajat pentru o Europ\u0103 puternic\u0103 \u0219i sigur\u0103: Drag\u0103 Nicusor Dan, felicit\u0103ri pentru victoria dumneavoastr\u0103 \u00een alegeri!\u201d<\/em>, a scris Merz pe aceea\u0219i platform\u0103.<\/p>\n<\/blockquote>\n\n\n\n<p>Un mesaj emo\u021bionant a venit \u0219i din partea&nbsp;<strong>pre\u0219edintei Republicii Moldova, Maia Sandu<\/strong>, care a subliniat apropierea dintre cele dou\u0103 state.<\/p>\n\n\n\n<blockquote class=\"wp-block-quote\">\n<p><em>\u201eFelicit\u0103ri, Rom\u00e2nia! Felicit\u0103ri, Nicu\u0219or Dan! Rom\u00e2nia, mergem \u00eempreun\u0103 cu \u00eencredere pe drumul european! Republica Moldova \u0219i Rom\u00e2nia se bazeaz\u0103 una pe alta \u2013 \u0219i la bine, \u0219i la greu. Dragi moldoveni cu cet\u0103\u021benie rom\u00e2n\u0103 de acas\u0103 \u0219i din toat\u0103 lumea, a\u021bi avut, din nou, o voce puternic\u0103 pentru libertate \u0219i democra\u021bie! V\u0103 mul\u021bumesc tuturor pentru participarea impresionant\u0103 \u00een alegeri. Ne vede o lume \u00eentreag\u0103 ce putere avem c\u00e2nd suntem uni\u021bi!\u201d<\/em>, a scris Sandu pe Facebook.<\/p>\n<\/blockquote>\n\n\n\n<p><strong>Premierul polonez Donald Tusk<\/strong>&nbsp;a publicat un mesaj trilingv imediat dup\u0103 miezul nop\u021bii, \u00een&nbsp;<strong>limba rom\u00e2n\u0103, englez\u0103 \u0219i polonez\u0103<\/strong>.<\/p>\n\n\n\n<blockquote class=\"wp-block-quote\">\n<p><em>\u201eFelicit\u0103ri Nicu\u0219or Dan! Tr\u0103iasc\u0103 Rom\u00e2nia liber\u0103!<br>Congratulations Nicu\u0219or Dan! Long live free Romania!<br>Gratulacje Nicu\u0219or Dan! Niech \u017cyje wolna Rumunia!\u201d<\/em>, a scris Tusk, amintind de parcursul democratic al Rom\u00e2niei \u00een ultimele decenii.<\/p>\n<\/blockquote>\n\n\n\n<p><strong>Pre\u0219edintele Fran\u021bei, Emmanuel Macron<\/strong>, a ales s\u0103 \u00eel sune personal pe Nicu\u0219or Dan imediat dup\u0103 afi\u0219area rezultatelor. \u00centr-un mesaj publicat ulterior, liderul de la \u00c9lys\u00e9e a subliniat&nbsp;<strong>op\u021biunea clar\u0103 a rom\u00e2nilor pentru valorile europene<\/strong>.<\/p>\n\n\n\n<blockquote class=\"wp-block-quote\">\n<p><em>\u201eL-am sunat pe Nicu\u0219or Dan \u0219i l-am felicitat pentru alegerea sa \u00een fruntea Rom\u00e2niei. \u00cen pofida numeroaselor \u00eencerc\u0103ri de manipulare, rom\u00e2nii au ales \u00een aceast\u0103 sear\u0103 democra\u021bia, statul de drept \u0219i Uniunea European\u0103. Fran\u0163a va fi al\u0103turi\u201d<\/em>, se arat\u0103 \u00een postarea f\u0103cut\u0103 de Macron.<\/p>\n<\/blockquote>\n\n\n\n<p>Printre liderii interna\u021bionali care s-au exprimat anterior s-au num\u0103rat \u0219i&nbsp;<strong>pre\u0219edintele Ucrainei, Volodimir Zelenski<\/strong>, precum \u0219i&nbsp;<strong>pre\u0219edinta Comisiei Europene<\/strong>, care au felicitat la r\u00e2ndul lor noul pre\u0219edinte ales al Rom\u00e2niei, dar&nbsp;<strong>f\u0103r\u0103 a publica mesaje complete<\/strong>&nbsp;pe platformele sociale la momentul respectiv.<\/p>\n\n\n\n<p>Reac\u021biile acestora au fost men\u021bionate doar \u00een treac\u0103t, \u00een contextul&nbsp;<strong>valului de sprijin european<\/strong>&nbsp;care a urmat anun\u021b\u0103rii rezultatelor alegerilor.<\/p>\n\n\n\n<p><strong>Reac\u021biile de pe scena interna\u021bional\u0103<\/strong>&nbsp;vin \u00een contextul \u00een care&nbsp;<strong>votul din Rom\u00e2nia<\/strong>&nbsp;a fost urm\u0103rit cu aten\u021bie de partenerii europeni, iar rezultatul a fost primit ca un semnal de&nbsp;<strong>continuitate \u00een angajamentele asumate<\/strong>&nbsp;de \u021bar\u0103 \u00een cadrul Uniunii Europene.<\/p>\n\n\n\n<p>Mesajele liderilor europeni au fost postate pe&nbsp;<strong>re\u021belele oficiale<\/strong>, \u00een special pe&nbsp;<em>X (fostul Twitter)<\/em>, \u0219i au pus accent pe idei precum&nbsp;<strong>cooperarea bilateral\u0103<\/strong>,&nbsp;<strong>unitatea european\u0103<\/strong>,&nbsp;<strong>stabilitatea regional\u0103<\/strong>&nbsp;\u0219i&nbsp;<strong>democra\u021bia<\/strong>.<\/p>\n\n\n\n<p><strong>Nicu\u0219or Dan urmeaz\u0103 s\u0103 preia mandatul la Cotroceni<\/strong>&nbsp;\u00een perioada imediat urm\u0103toare, \u00een timp ce&nbsp;<strong>reac\u021biile interna\u021bionale<\/strong>&nbsp;continu\u0103 s\u0103 apar\u0103 \u00een spa\u021biul public.<\/p>\n\n\n\n<p>\u00cen acest context, mesajele de felicitare venite din partea unor\u00a0<strong>lideri-cheie din Europa<\/strong>\u00a0par s\u0103 marcheze nu doar\u00a0<strong>o schimbare la v\u00e2rful statului rom\u00e2n<\/strong>, ci \u0219i\u00a0<strong>reconfirmarea sprijinului pentru traseul democratic \u0219i european<\/strong>\u00a0al Rom\u00e2niei.<\/p>\n\n\n\n<p><\/p>\n\n\n\n<p>SURSA> https:\/\/stiricalitative.ro<\/p>\n\n\n\n<p><\/p>\n","protected":false},"excerpt":{"rendered":"<p>Nicu\u0219or Dan\u00a0a fost felicitat luni de\u00a0lideri politici importan\u021bi din Europa, dup\u0103 ce a c\u00e2\u0219tigat alegerile preziden\u021biale \u0219i va prelua conducerea statului rom\u00e2n. Printre primii care<\/p>\n","protected":false},"author":1,"featured_media":39588,"comment_status":"closed","ping_status":"closed","sticky":false,"template":"","format":"standard","meta":[],"categories":[1],"tags":[],"_links":{"self":[{"href":"https:\/\/calatorinromania.com\/index.php?rest_route=\/wp\/v2\/posts\/39732"}],"collection":[{"href":"https:\/\/calatorinromania.com\/index.php?rest_route=\/wp\/v2\/posts"}],"about":[{"href":"https:\/\/calatorinromania.com\/index.php?rest_route=\/wp\/v2\/types\/post"}],"author":[{"embeddable":true,"href":"https:\/\/calatorinromania.com\/index.php?rest_route=\/wp\/v2\/users\/1"}],"replies":[{"embeddable":true,"href":"https:\/\/calatorinromania.com\/index.php?rest_route=%2Fwp%2Fv2%2Fcomments&post=39732"}],"version-history":[{"count":1,"href":"https:\/\/calatorinromania.com\/index.php?rest_route=\/wp\/v2\/posts\/39732\/revisions"}],"predecessor-version":[{"id":39733,"href":"https:\/\/calatorinromania.com\/index.php?rest_route=\/wp\/v2\/posts\/39732\/revisions\/39733"}],"wp:featuredmedia":[{"embeddable":true,"href":"https:\/\/calatorinromania.com\/index.php?rest_route=\/wp\/v2\/media\/39588"}],"wp:attachment":[{"href":"https:\/\/calatorinromania.com\/index.php?rest_route=%2Fwp%2Fv2%2Fmedia&parent=39732"}],"wp:term":[{"taxonomy":"category","embeddable":true,"href":"https:\/\/calatorinromania.com\/index.php?rest_route=%2Fwp%2Fv2%2Fcategories&post=39732"},{"taxonomy":"post_tag","embeddable":true,"href":"https:\/\/calatorinromania.com\/index.php?rest_route=%2Fwp%2Fv2%2Ftags&post=39732"}],"curies":[{"name":"wp","href":"https:\/\/api.w.org\/{rel}","templated":true}]}}