{"id":39730,"date":"2025-06-03T05:54:04","date_gmt":"2025-06-03T05:54:04","guid":{"rendered":"https:\/\/calatorinromania.com\/?p=39730"},"modified":"2025-06-03T05:54:05","modified_gmt":"2025-06-03T05:54:05","slug":"ungaria-si-serbia-alianta-militara-care-pune-pe-jar-balcanii-albania-s-a-aliat-cu-kosovo-si-croatia","status":"publish","type":"post","link":"https:\/\/calatorinromania.com\/?p=39730","title":{"rendered":"Ungaria \u0219i Serbia, alian\u021ba militar\u0103 care pune pe jar Balcanii. Albania s-a aliat cu Kosovo \u0219i Croa\u021bia"},"content":{"rendered":"\n<h3>DISCLAIMER: Acest site este neutru din punct de vedere politic \u0219i nu sus\u021bine niciun partid sau ideologie politic\u0103.<\/h3>\n\n\n\n<p><\/p>\n\n\n\n<p><strong>Ungaria<\/strong>\u00a0\u0219i\u00a0<strong>Serbia<\/strong>\u00a0au semnat recent un acord militar care a st\u00e2rnit reac\u021bii aprinse \u00een regiune, \u00een special din partea\u00a0<strong>Croa\u021biei<\/strong>,\u00a0<strong>Kosovo<\/strong>\u00a0\u0219i\u00a0<strong>Albaniei<\/strong>, care formaser\u0103 o alian\u021b\u0103 similar\u0103 cu dou\u0103 s\u0103pt\u0103m\u00e2ni \u00eenainte.<\/p>\n\n\n\n<p><\/p>\n\n\n\n<p>\u00cen\u021belegerea dintre\u00a0<strong>Belgrad<\/strong>\u00a0\u0219i\u00a0<strong>Budapesta<\/strong>\u00a0a fost semnat\u0103 la Belgrad de mini\u0219trii ap\u0103r\u0103rii\u00a0<strong>Kristof Szalay-Bobrovniczky<\/strong>\u00a0\u0219i\u00a0<strong>Bratislav Gasic<\/strong>, \u00een timp ce\u00a0<strong>presa s\u00e2rb\u0103<\/strong>\u00a0a prezentat evenimentul drept un moment cu poten\u021bial major pentru\u00a0<strong>echilibrul militar din Balcani<\/strong>.<\/p>\n\n\n\n<p><\/p>\n\n\n\n<h2>presa din Serbia exult\u0103, opozan\u021bii vorbesc despre o alian\u021b\u0103 f\u0103r\u0103 con\u021binut<\/h2>\n\n\n\n<p><\/p>\n\n\n\n<p>Tabloidul\u00a0<strong>Informer<\/strong>\u00a0a numit noua cooperare\u00a0<em>\u201eo bomb\u0103 care zguduie regiunea\u201d\u00a0<\/em>, iar ziarul\u00a0<strong>Kurir<\/strong>\u00a0a titrat c\u0103 este vorba despre un\u00a0<em>\u201emoment istoric\u201d\u00a0<\/em>. Publica\u021bia\u00a0<strong>Novosti<\/strong>\u00a0a vorbit despre\u00a0<em>\u201edovezile unei prietenii de fier\u201d\u00a0<\/em>, \u00een timp ce\u00a0<strong>Republika<\/strong>\u00a0a transmis c\u0103<\/p>\n\n\n\n<p><\/p>\n\n\n\n<blockquote class=\"wp-block-quote\">\n<p><em>\u201ealbanezii \u0219i croa\u021bii au intrat \u00een panic\u0103 din cauza alian\u021bei militare dintre Serbia \u0219i Ungaria\u201d<\/em>.<\/p>\n\n\n\n<p><\/p>\n<\/blockquote>\n\n\n\n<p>Pe l\u00e2ng\u0103&nbsp;<strong>Serbia<\/strong>&nbsp;\u0219i&nbsp;<strong>Ungaria<\/strong>, alian\u021bei i se va al\u0103tura \u0219i partea s\u00e2rb\u0103 a&nbsp;<strong>Bosniei \u0219i Her\u021begovinei<\/strong>, controlat\u0103 de&nbsp;<strong>Milorad Dodik<\/strong>. Toate aceste mi\u0219c\u0103ri vin \u00een contextul \u00een care, pe&nbsp;<strong>18 martie<\/strong>, la&nbsp;<strong>Tirana<\/strong>,&nbsp;<strong>Kosovo<\/strong>,&nbsp;<strong>Croa\u021bia<\/strong>&nbsp;\u0219i&nbsp;<strong>Albania<\/strong>&nbsp;au semnat un tratat care vizeaz\u0103 cooperarea militar\u0103 \u0219i securitar\u0103 \u00een cadrul&nbsp;<strong>UE<\/strong>. Potrivit documentului, se va \u00eent\u0103ri colaborarea \u00eentre&nbsp;<strong>industriile de ap\u0103rare<\/strong>&nbsp;din cele trei \u021b\u0103ri \u0219i se vor organiza&nbsp;<strong>exerci\u021bii militare comune<\/strong>, precum \u0219i&nbsp;<strong>instruirea cadrelor militare superioare<\/strong>.<\/p>\n\n\n\n<p><strong>Ministerul de Externe al Serbiei<\/strong>&nbsp;a criticat dur lipsa de consult\u0103ri prealabile, afirm\u00e2nd:<\/p>\n\n\n\n<blockquote class=\"wp-block-quote\">\n<p><em>\u201eDeosebit de \u00eengrijior\u0103tor c\u0103 aceast\u0103 alian\u021b\u0103 militar\u0103 s-a constituit f\u0103r\u0103 consult\u0103ri prealabile cu autorit\u0103\u021bile de la Belgrad\u201d<\/em>.<\/p>\n<\/blockquote>\n\n\n\n<p>\u0218eful diploma\u021biei de la Belgrad a mai sus\u021binut c\u0103 tratatul are ca scop<\/p>\n\n\n\n<blockquote class=\"wp-block-quote\">\n<p><em>\u201eizolarea Serbiei\u201d<\/em>\u0219i crearea unor&nbsp;<em>\u201estructuri paramilitare\u201d<\/em>\u00een&nbsp;<strong>Kosovo<\/strong>.<\/p>\n<\/blockquote>\n\n\n\n<p>Premierul croat&nbsp;<strong>Andrej Plenkovic<\/strong>&nbsp;a declarat c\u0103 aceast\u0103 alian\u021b\u0103<\/p>\n\n\n\n<blockquote class=\"wp-block-quote\">\n<p><em>\u201enu are niciun fel de caracter agresiv\u201d<\/em>, \u00eens\u0103 retorica ministrului croat al ap\u0103r\u0103rii,&nbsp;<strong>Ivan Anusic<\/strong>, a fost mai t\u0103ioas\u0103:<\/p>\n<\/blockquote>\n\n\n\n<blockquote class=\"wp-block-quote\">\n<p><em>\u201eAu trecut demult vremurile c\u00e2nd Croa\u021bia trebuia s\u0103 \u00eentrebe la Belgrad ce are voie s\u0103 fac\u0103 \u0219i ce nu, iar asta nu se va mai \u00eent\u00e2mpla niciodat\u0103\u201d<\/em>.<\/p>\n<\/blockquote>\n\n\n\n<p>Potrivit ziarului&nbsp;<strong>Jutarnji list<\/strong>, aceast\u0103 declara\u021bie ar fi provocat o&nbsp;<em>\u201ec\u0103dere nervoas\u0103\u201d&nbsp;<\/em>a pre\u0219edintelui s\u00e2rb&nbsp;<strong>Aleksandar Vucic<\/strong>.<\/p>\n\n\n\n<p>\u00cen ceea ce prive\u0219te&nbsp;<strong>alian\u021ba s\u00e2rbo-maghiar\u0103<\/strong>, vocile critice nu au \u00eent\u00e2rziat s\u0103 apar\u0103.&nbsp;<strong>Petar Boskovic<\/strong>, politician din opozi\u021bia s\u00e2rb\u0103, a declarat pentru publica\u021bia&nbsp;<strong>Danas<\/strong>:<\/p>\n\n\n\n<blockquote class=\"wp-block-quote\">\n<p><em>\u201eEste doar un alt truc de marketing al lui Vucic\u201d<\/em>.<\/p>\n<\/blockquote>\n\n\n\n<p>Iar expertul militar s\u00e2rb&nbsp;<strong>Aleksandar Radic<\/strong>&nbsp;a sus\u021binut c\u0103:<\/p>\n\n\n\n<blockquote class=\"wp-block-quote\">\n<p><em>\u201enu exist\u0103 niciun element al unei alian\u021be militare\u201d<\/em>, suger\u00e2nd c\u0103 aceast\u0103 mi\u0219care are mai degrab\u0103 un&nbsp;<strong>rol simbolic<\/strong>&nbsp;dec\u00e2t unul strategic sau opera\u021bional.<\/p>\n<\/blockquote>\n\n\n\n<p>\u00cen ciuda tensiunilor ap\u0103rute, riscul unui&nbsp;<strong>conflict militar real \u00een Balcani<\/strong>&nbsp;este considerat sc\u0103zut.&nbsp;<strong>Secretarul general al NATO, Mark Rutte<\/strong>, a declarat c\u0103 situa\u021bia din regiune&nbsp;<em>\u201enu este critic\u0103\u201d<\/em>, iar&nbsp;<strong>Vuk Vukasanovic<\/strong>, cercet\u0103tor la&nbsp;<strong>Belgrade Centre for Security Policy<\/strong>, a precizat:<\/p>\n\n\n\n<blockquote class=\"wp-block-quote\">\n<p><em>\u201eExist\u0103 \u0219anse mici s\u0103 izbucneasc\u0103 un r\u0103zboi adev\u0103rat\u201d<\/em>.<\/p>\n<\/blockquote>\n\n\n\n<p>Totu\u0219i, semnele de&nbsp;<strong>re\u00eenarmare<\/strong>&nbsp;din regiune sunt evidente. Mai multe state din&nbsp;<strong>Balcani<\/strong>&nbsp;au \u00eenceput s\u0103&nbsp;<strong>reintroduc\u0103 serviciul militar obligatoriu<\/strong>, iar&nbsp;<strong>bugetele pentru ap\u0103rare<\/strong>&nbsp;au crescut. \u00cen acest context, formarea a dou\u0103&nbsp;<strong>alian\u021be militare distincte<\/strong>&nbsp;\u2013 una format\u0103 din&nbsp;<strong>Croa\u021bia, Kosovo \u0219i Albania<\/strong>, cealalt\u0103 din&nbsp;<strong>Serbia, Ungaria \u0219i Republica Srpska<\/strong>&nbsp;\u2013 adaug\u0103 tensiune \u00eentr-o zon\u0103 cu un&nbsp;<strong>trecut istoric marcat de conflicte<\/strong>.<\/p>\n\n\n\n<p>Reac\u021biile&nbsp;<strong>presei de stat din Serbia<\/strong>&nbsp;au fost intens promovate, reflect\u00e2nd&nbsp;<strong>sprijinul oficial<\/strong>&nbsp;fa\u021b\u0103 de \u00een\u021belegerea semnat\u0103 cu&nbsp;<strong>Ungaria<\/strong>. Totu\u0219i,&nbsp;<strong>vocile independente<\/strong>&nbsp;\u0219i&nbsp;<strong>opozi\u021bia<\/strong>&nbsp;au exprimat scepticism \u00een leg\u0103tur\u0103 cu&nbsp;<strong>valoarea real\u0103<\/strong>&nbsp;a acestei alian\u021be. P\u00e2n\u0103 \u00een acest moment, nu au fost anun\u021bate&nbsp;<strong>detalii concrete<\/strong>&nbsp;privind&nbsp;<strong>exerci\u021bii comune<\/strong>&nbsp;sau&nbsp;<strong>colabor\u0103ri tehnico-militare<\/strong>&nbsp;\u00eentre&nbsp;<strong>Belgrad<\/strong>&nbsp;\u0219i&nbsp;<strong>Budapesta<\/strong>, \u00een afara declara\u021biilor oficiale.<\/p>\n\n\n\n<p>\u00cen paralel, cooperarea dintre&nbsp;<strong>Croa\u021bia, Albania \u0219i Kosovo<\/strong>&nbsp;pare s\u0103 aib\u0103 deja un&nbsp;<strong>cadru clar<\/strong>, cel pu\u021bin \u00een ceea ce prive\u0219te&nbsp;<strong>integrarea \u00een politica de securitate a Uniunii Europene<\/strong>. Aceast\u0103 alian\u021b\u0103 a fost construit\u0103 pe baza unor&nbsp;<strong>acorduri asumate oficial<\/strong>&nbsp;\u0219i semnate la nivel guvernamental \u00een&nbsp;<strong>Tirana<\/strong>, iar liderii s\u0103i au subliniat c\u0103 demersul are un&nbsp;<strong>caracter defensiv \u0219i european<\/strong>.<\/p>\n\n\n\n<p>Astfel, pe fundalul unei&nbsp;<strong>curse regionale de re\u00eenarmare<\/strong>,&nbsp;<strong>schimb\u0103rile din Balcani<\/strong>&nbsp;sunt \u00een plin\u0103 desf\u0103\u0219urare, iar&nbsp;<strong>echilibrul de for\u021be din zon\u0103<\/strong>&nbsp;r\u0103m\u00e2ne \u00eentr-o stare de&nbsp;<strong>incertitudine<\/strong>, cu&nbsp;<strong>tabere conturate<\/strong>&nbsp;tot mai clar.<\/p>\n","protected":false},"excerpt":{"rendered":"<p>DISCLAIMER: Acest site este neutru din punct de vedere politic \u0219i nu sus\u021bine niciun partid sau ideologie politic\u0103. Ungaria\u00a0\u0219i\u00a0Serbia\u00a0au semnat recent un acord militar care<\/p>\n","protected":false},"author":1,"featured_media":39588,"comment_status":"closed","ping_status":"closed","sticky":false,"template":"","format":"standard","meta":[],"categories":[1],"tags":[],"_links":{"self":[{"href":"https:\/\/calatorinromania.com\/index.php?rest_route=\/wp\/v2\/posts\/39730"}],"collection":[{"href":"https:\/\/calatorinromania.com\/index.php?rest_route=\/wp\/v2\/posts"}],"about":[{"href":"https:\/\/calatorinromania.com\/index.php?rest_route=\/wp\/v2\/types\/post"}],"author":[{"embeddable":true,"href":"https:\/\/calatorinromania.com\/index.php?rest_route=\/wp\/v2\/users\/1"}],"replies":[{"embeddable":true,"href":"https:\/\/calatorinromania.com\/index.php?rest_route=%2Fwp%2Fv2%2Fcomments&post=39730"}],"version-history":[{"count":1,"href":"https:\/\/calatorinromania.com\/index.php?rest_route=\/wp\/v2\/posts\/39730\/revisions"}],"predecessor-version":[{"id":39731,"href":"https:\/\/calatorinromania.com\/index.php?rest_route=\/wp\/v2\/posts\/39730\/revisions\/39731"}],"wp:featuredmedia":[{"embeddable":true,"href":"https:\/\/calatorinromania.com\/index.php?rest_route=\/wp\/v2\/media\/39588"}],"wp:attachment":[{"href":"https:\/\/calatorinromania.com\/index.php?rest_route=%2Fwp%2Fv2%2Fmedia&parent=39730"}],"wp:term":[{"taxonomy":"category","embeddable":true,"href":"https:\/\/calatorinromania.com\/index.php?rest_route=%2Fwp%2Fv2%2Fcategories&post=39730"},{"taxonomy":"post_tag","embeddable":true,"href":"https:\/\/calatorinromania.com\/index.php?rest_route=%2Fwp%2Fv2%2Ftags&post=39730"}],"curies":[{"name":"wp","href":"https:\/\/api.w.org\/{rel}","templated":true}]}}