{"id":39728,"date":"2025-06-03T05:42:41","date_gmt":"2025-06-03T05:42:41","guid":{"rendered":"https:\/\/calatorinromania.com\/?p=39728"},"modified":"2025-06-03T05:42:41","modified_gmt":"2025-06-03T05:42:41","slug":"timp-de-6-ani-o-tanara-brutara-a-lasat-mancare-calda-pentru-un-barbat-fara-adapost","status":"publish","type":"post","link":"https:\/\/calatorinromania.com\/?p=39728","title":{"rendered":"Timp de 6 ani, o t\u00e2n\u0103r\u0103 brutar\u0103 a l\u0103sat m\u00e2ncare cald\u0103 pentru un b\u0103rbat f\u0103r\u0103 ad\u0103post"},"content":{"rendered":"\n<p><strong>Scrie \u201eSunt revoltat\u201d dac\u0103 \u0219i tu crezi c\u0103 bun\u0103tatea nu ar trebui judecat\u0103.<\/strong><\/p>\n\n\n\n<p><\/p>\n\n\n\n<p>Emilia Sava \u00ee\u0219i \u00eencepea zilele \u00eenainte de r\u0103s\u0103rit, ajung\u00e2nd la Brut\u0103ria R\u0103s\u0103ritului din San Diego la ora 4:30 diminea\u021ba. La doar 30 de ani, devenise cunoscut\u0103 pentru croissantele ei fragede \u0219i rulourile cu scor\u021bi\u0219oar\u0103.<\/p>\n\n\n\n<p><\/p>\n\n\n\n<p>Dar pentru colegii de brut\u0103rie, Emilia nu era cunoscut\u0103 doar pentru produsele sale de patiserie, ci pentru gestul ei zilnic de compasiune.<\/p>\n\n\n\n<p><\/p>\n\n\n\n<p><strong>\u00cen fiecare diminea\u021b\u0103<\/strong>, dup\u0103 ce termina prima tur\u0103 de produse coapte, Emilia \u00eenvelea o pr\u0103jitur\u0103 proasp\u0103t\u0103 \u0219i turna cafea fierbinte \u00eentr-un pahar de luat la pachet.<\/p>\n\n\n\n<p><\/p>\n\n\n\n<p>Ie\u0219ea pe furi\u0219 pe u\u0219a din spate \u0219i le l\u0103sa pe o banc\u0103 de la o sta\u021bie de autobuz din apropiere. Al\u0103turi de mic-dejun, punea un bile\u021bel scris de m\u00e2n\u0103:\u00a0<em>\u201e\u00ce\u021bi doresc o zi lini\u0219tit\u0103.\u201d<\/em><\/p>\n\n\n\n<p><\/p>\n\n\n\n<p>M\u00e2ncarea era mereu pentru aceea\u0219i persoan\u0103: un b\u0103rbat \u00een v\u00e2rst\u0103, cu p\u0103r c\u0103runt \u0219i un palton uzat, care nu cerea nimic, nu spunea nimic, dar era mereu acolo.<\/p>\n\n\n\n<p><\/p>\n\n\n\n<p>\u00cen \u0219ase ani, Emilia nu aflase niciodat\u0103 cum \u00eel cheam\u0103. Schimburile dintre ei erau t\u0103cute, limitate la o \u00eenclinare a capului sau o privire scurt\u0103.<\/p>\n\n\n\n<p><\/p>\n\n\n\n<p><strong>\u00cen spatele ei, colegii murmurau.<\/strong><br>\u201eIrose\u0219te marf\u0103,\u201d spunea cineva.<br>\u201e\u00centr-o zi o s\u0103 profite de ea,\u201d avertiza altcineva.<\/p>\n\n\n\n<p>Lucrurile s-au \u00eenr\u0103ut\u0103\u021bit c\u00e2nd brut\u0103ria a fost preluat\u0103 de un nou patron. \u00cen timpul evalu\u0103rii anuale, noul manager i-a sugerat delicat s\u0103 \u00eenceteze.<\/p>\n\n\n\n<p>\u2014 Generozitatea ta e admirabil\u0103, i-a spus el, dar unii clien\u021bi se simt inconfortabil. Poate donezi unui ad\u0103post \u00een schimb?<\/p>\n\n\n\n<p>Emilia a ascultat, a z\u00e2mbit politicos \u0219i\u2026&nbsp;<strong>n-a schimbat nimic<\/strong>. Doar c\u0103 a \u00eenceput s\u0103 vin\u0103 mai devreme, ca s\u0103 nu o vad\u0103 nimeni.<\/p>\n\n\n\n<p>Credea c\u0103 secretul ei era \u00een siguran\u021b\u0103, p\u00e2n\u0103 c\u00e2nd o angajat\u0103 nou\u0103 a v\u0103zut-o \u0219i a \u0219optit: \u201eHr\u0103ne\u0219te zilnic acel boschetar de cinci ani.\u201d O client\u0103 apropiat\u0103 a cl\u0103tinat din cap. \u201eS\u0103raca, crede c\u0103 face ceva special.\u201d<\/p>\n\n\n\n<p><strong>Vorbele au durut.<\/strong>&nbsp;Nu pentru c\u0103-i p\u0103sa de ce cred al\u021bii, ci pentru c\u0103 ei nu vedeau ce vedea ea:&nbsp;<strong>un om, nu o problem\u0103<\/strong>.<\/p>\n\n\n\n<p>Mama ei \u00eei spusese c\u00e2ndva c\u0103 este \u201eprea sensibil\u0103\u201d, mai ales c\u00e2nd s-a logodit cu Marco, un pompier care \u00een\u021belegea ritualurile ei t\u0103cute. \u0218i el oferea f\u0103r\u0103 s\u0103 caute aten\u021bie.<\/p>\n\n\n\n<p>\u00centr-o diminea\u021b\u0103 ploioas\u0103 de decembrie, Emilia l-a v\u0103zut tremur\u00e2nd. F\u0103r\u0103 ezitare, \u0219i-a l\u0103sat propriul fular al\u0103turi de m\u00e2ncare. A doua zi, a g\u0103sit un bilet scris pe un \u0219erve\u021bel:<br><strong>\u201eMul\u021bumesc c\u0103 m-ai v\u0103zut ca pe un om.\u201d<\/strong><br>A p\u0103strat acel bilet \u00een portofel.<\/p>\n\n\n\n<p>Pe m\u0103sur\u0103 ce se apropia nunta, \u0219i-a comandat tortul de la brut\u0103rie \u0219i a invitat \u00eentregul personal.<\/p>\n\n\n\n<p><strong>Cu dou\u0103 zile \u00eenainte de nunt\u0103<\/strong>, un plic a sosit la loca\u021bia recep\u021biei. F\u0103r\u0103 expeditor. \u00cen interior, o carte po\u0219tal\u0103:<br><strong>\u201eM\u00e2ine voi veni\u2014nu pentru tort, ci s\u0103 pl\u0103tesc o datorie.\u201d<\/strong><\/p>\n\n\n\n<p>\u00cen diminea\u021ba ceremoniei, Emilia privea prin geamul camerei miresei cum soseau invita\u021bii.<\/p>\n\n\n\n<p><strong>\u0218i atunci l-a v\u0103zut pe el<\/strong>\u2014b\u0103rbatul \u00een v\u00e2rst\u0103\u2014st\u00e2nd stingher aproape de intrare, \u00eentr-un costum curat, dar sub\u021bire. Oaspe\u021bii \u0219u\u0219oteau: \u201eCine l-a invitat?\u201d \u201eCe caut\u0103 aici?\u201d<\/p>\n\n\n\n<p>F\u0103r\u0103 ezitare, Emilia \u0219i-a ridicat rochia \u0219i a alergat spre intrare, \u00eembr\u0103\u021bi\u0219\u00e2ndu-l cu c\u0103ldur\u0103.<br>\u2014 \u00ce\u021bi recunosc ochii, a \u0219optit ea.<br>\u2014 \u0218i eu \u00eemi amintesc cum m-ai tratat ca pe cineva care conteaz\u0103, i-a r\u0103spuns el z\u00e2mbind.<\/p>\n\n\n\n<p><strong>Dintr-odat\u0103, doisprezece pu\u0219ca\u0219i marini<\/strong>&nbsp;\u00een uniforme de ceremonie au intrat \u00een biseric\u0103. Ofi\u021berul din fa\u021b\u0103 s-a apropiat \u0219i a salutat-o pe Emilia:<br>\u2014 Suntem aici s\u0103 onor\u0103m femeia care a avut grij\u0103, \u00een t\u0103cere, de un erou.<\/p>\n\n\n\n<p>Apoi a f\u0103cut un gest c\u0103tre b\u0103rbat:<br>\u2014 Acesta este sergentul Victor Hale, un pu\u0219ca\u0219 marin care a salvat nou\u0103 vie\u021bi \u00een Fallujah, \u00een 2004. Dup\u0103 ce \u0219i-a pierdut familia \u00een 2016, a disp\u0103rut\u2014refuz\u00e2nd ajutoare, ascunz\u00e2ndu-\u0219i identitatea.<\/p>\n\n\n\n<p>Oaspe\u021bii au oftat uimi\u021bi.<\/p>\n\n\n\n<p>Un alt pu\u0219ca\u0219 a p\u0103\u0219it \u00eenainte, \u021bin\u00e2nd o medalie \u0219i o fotografie veche. \u00cen imagine, un Hale t\u00e2n\u0103r ducea \u00een bra\u021be un soldat r\u0103nit, printre gloan\u021be.<\/p>\n\n\n\n<p>\u2014 Acel soldat eram eu, a spus c\u0103pitanul.<br>\u2014 El mi-a salvat via\u021ba, iar tu, Emilia, l-ai ajutat s\u0103 \u0219i-o reg\u0103seasc\u0103.<\/p>\n\n\n\n<p>Victor s-a \u00eentors spre ea.<\/p>\n\n\n\n<p>\u2014 Nu mai am nimic de oferit \u00een afar\u0103 de recuno\u0219tin\u021ba mea\u2026 \u0219i povestea mea. Nu m-ai \u00eentrebat niciodat\u0103 cine sunt. Doar ai d\u0103ruit.<\/p>\n\n\n\n<p><strong>Dup\u0103 luna de miere<\/strong>, Emilia \u0219i Marco au folosit darurile de nunt\u0103 pentru a \u00eenfiin\u021ba&nbsp;<strong>Masa T\u0103cut\u0103<\/strong>\u2014un mic serviciu de mic dejun pentru veteranii f\u0103r\u0103 ad\u0103post.<\/p>\n\n\n\n<p>F\u0103r\u0103 pancarte, f\u0103r\u0103 pres\u0103. Doar m\u00e2ncare cald\u0103 \u0219i demnitate.<\/p>\n\n\n\n<p>Victor nu s-a mai \u00eentors, dar \u00een fiecare lun\u0103, Emilia primea o carte po\u0219tal\u0103 din alt stat. Fiecare avea acela\u0219i mesaj:<\/p>\n\n\n\n<p><strong>\u201eFiecare mic dejun e un salut. Mul\u021bumesc.\u201d<\/strong><\/p>\n\n\n\n<p>La aniversarea lor de un an, cei doisprezece pu\u0219ca\u0219i s-au \u00eentors \u00eembr\u0103ca\u021bi civil, fiecare cu c\u00e2te o floare.<br>\u2014 Vom face cu r\u00e2ndul la voluntariat, spuse c\u0103pitanul.<br><strong>Aceast\u0103 mo\u0219tenire nu va fi uitat\u0103.<\/strong><\/p>\n\n\n\n<p>Bun\u0103tatea simpl\u0103 a Emiliei s-a transformat \u00eentr-o mi\u0219care. Veteranii din tot ora\u0219ul au aflat c\u0103 exist\u0103 un loc unde nimeni nu pune \u00eentreb\u0103ri\u2014ci doar ofer\u0103 o mas\u0103 cald\u0103.<\/p>\n\n\n\n<p>Deasupra mesei de servire, ea a \u00eenr\u0103mat biletul lui Victor:<\/p>\n\n\n\n<p><strong>\u201eMul\u021bumesc c\u0103 m-ai v\u0103zut ca pe un om.\u201d<\/strong><\/p>\n\n\n\n<p>Iar dedesubt, Emilia a ad\u0103ugat:<\/p>\n\n\n\n<p><strong>\u201eFiecare persoan\u0103 care se a\u0219az\u0103 aici are o poveste care merit\u0103 ascultat\u0103.\u201d<\/strong><\/p>\n\n\n\n<p><strong>Scrie \u201eVoi tr\u0103i cu bun\u0103tate\u201d dac\u0103 \u0219i tu crezi c\u0103 o singur\u0103 mas\u0103 poate schimba o via\u021b\u0103.<\/strong><\/p>\n\n\n\n<p><strong>Dac\u0103 \u021bi-a pl\u0103cut povestea, nu uita s\u0103 o distribui cu prietenii t\u0103i! \u00cempreun\u0103 putem duce mai departe emo\u021bia \u0219i inspira\u021bia.<\/strong><\/p>\n","protected":false},"excerpt":{"rendered":"<p>Scrie \u201eSunt revoltat\u201d dac\u0103 \u0219i tu crezi c\u0103 bun\u0103tatea nu ar trebui judecat\u0103. Emilia Sava \u00ee\u0219i \u00eencepea zilele \u00eenainte de r\u0103s\u0103rit, ajung\u00e2nd la Brut\u0103ria R\u0103s\u0103ritului<\/p>\n","protected":false},"author":1,"featured_media":39588,"comment_status":"closed","ping_status":"closed","sticky":false,"template":"","format":"standard","meta":[],"categories":[1],"tags":[],"_links":{"self":[{"href":"https:\/\/calatorinromania.com\/index.php?rest_route=\/wp\/v2\/posts\/39728"}],"collection":[{"href":"https:\/\/calatorinromania.com\/index.php?rest_route=\/wp\/v2\/posts"}],"about":[{"href":"https:\/\/calatorinromania.com\/index.php?rest_route=\/wp\/v2\/types\/post"}],"author":[{"embeddable":true,"href":"https:\/\/calatorinromania.com\/index.php?rest_route=\/wp\/v2\/users\/1"}],"replies":[{"embeddable":true,"href":"https:\/\/calatorinromania.com\/index.php?rest_route=%2Fwp%2Fv2%2Fcomments&post=39728"}],"version-history":[{"count":1,"href":"https:\/\/calatorinromania.com\/index.php?rest_route=\/wp\/v2\/posts\/39728\/revisions"}],"predecessor-version":[{"id":39729,"href":"https:\/\/calatorinromania.com\/index.php?rest_route=\/wp\/v2\/posts\/39728\/revisions\/39729"}],"wp:featuredmedia":[{"embeddable":true,"href":"https:\/\/calatorinromania.com\/index.php?rest_route=\/wp\/v2\/media\/39588"}],"wp:attachment":[{"href":"https:\/\/calatorinromania.com\/index.php?rest_route=%2Fwp%2Fv2%2Fmedia&parent=39728"}],"wp:term":[{"taxonomy":"category","embeddable":true,"href":"https:\/\/calatorinromania.com\/index.php?rest_route=%2Fwp%2Fv2%2Fcategories&post=39728"},{"taxonomy":"post_tag","embeddable":true,"href":"https:\/\/calatorinromania.com\/index.php?rest_route=%2Fwp%2Fv2%2Ftags&post=39728"}],"curies":[{"name":"wp","href":"https:\/\/api.w.org\/{rel}","templated":true}]}}