{"id":39719,"date":"2025-06-02T11:22:49","date_gmt":"2025-06-02T11:22:49","guid":{"rendered":"https:\/\/calatorinromania.com\/?p=39719"},"modified":"2025-06-02T11:22:50","modified_gmt":"2025-06-02T11:22:50","slug":"nu-de-la-mine-un-milionar-si-a-dat-afara-sotia-cu-copilul-din-casa-dar-curand-i-a-vazut-in-spital-si-a-ramas-fara-cuvinte","status":"publish","type":"post","link":"https:\/\/calatorinromania.com\/?p=39719","title":{"rendered":"Nu de la mine! Un milionar \u0219i-a dat afar\u0103 so\u021bia cu copilul din cas\u0103. Dar cur\u00e2nd i-a v\u0103zut \u00een spital\u2026 \u0219i a r\u0103mas f\u0103r\u0103 cuvinte"},"content":{"rendered":"\n<p><strong>Nu de la mine! Milionarul \u0219i-a alungat so\u021bia cu copilul din cas\u0103. Dar cur\u00e2nd i-a v\u0103zut \u00een spital\u2026 \u0219i a \u00eenm\u0103rmurit.<\/strong><\/p>\n\n\n\n<p><\/p>\n\n\n\n<p><strong>Nu de la mine!<\/strong><\/p>\n\n\n\n<p><\/p>\n\n\n\n<p>C\u00e2ndva,\u00a0<strong>Ana<\/strong>\u00a0ducea o via\u021b\u0103 plin\u0103 de bucurie. Era so\u021bia unui milionar de succes,\u00a0<strong>Ilie<\/strong>, \u0219i \u00eempreun\u0103 \u00eel cre\u0219teau pe fiul lor,\u00a0<strong>Mihai<\/strong>. Casa lor era plin\u0103 de r\u00e2sete \u0219i dragoste, dar \u00eentr-o zi, totul s-a schimbat. Ilie, cople\u0219it de munc\u0103 \u0219i ambi\u021bii, a \u00eenceput s\u0103 le acorde tot mai pu\u021bin\u0103 aten\u021bie Anei \u0219i fiului lor. Ana se sim\u021bea singur\u0103, de\u0219i era \u00eenconjurat\u0103 de lux.<\/p>\n\n\n\n<p><\/p>\n\n\n\n<p>\u00centr-o zi, c\u00e2nd tensiunea a atins punctul maxim, Ilie, cuprins de furie, a alungat-o pe Ana din cas\u0103 \u00eempreun\u0103 cu copilul, spun\u00e2nd c\u0103 nu merit\u0103 nici timpul, nici banii lui. Cu inima sf\u00e2\u0219iat\u0103, Ana a plecat din cas\u0103, lu\u00e2nd cu ea doar strictul necesar. Nu \u0219tia cum va merge mai departe, dar \u00eel iubea pe Mihai mai mult dec\u00e2t orice pe lume.<\/p>\n\n\n\n<p><\/p>\n\n\n\n<p>Ana \u0219i Mihai au g\u0103sit ad\u0103post la ni\u0219te prieteni, dar via\u021ba era grea. Ana lucra \u00een mai multe locuri ca s\u0103-i poat\u0103 asigura fiului ei tot ce avea nevoie, ascunz\u00e2ndu-\u0219i suferin\u021ba. Zi de zi lupta pentru viitorul lor, hr\u0103nindu-se cu speran\u021ba c\u0103 va fi mai bine.<\/p>\n\n\n\n<p><\/p>\n\n\n\n<p>\u00centr-o diminea\u021b\u0103, \u00een drum spre gr\u0103dini\u021b\u0103, Mihai a c\u0103zut brusc \u0219i s-a lovit tare la cap. Ana, panicat\u0103, a chemat ambulan\u021ba \u0219i a\u0219tepta cu sufletul la gur\u0103 \u00een timp ce medicii \u00eel examinau. \u00cen spital, st\u00e2nd pe coridor, a z\u0103rit o siluet\u0103 cunoscut\u0103 \u2014 era Ilie. P\u0103rea ab\u0103tut \u0219i pierdut c\u00e2nd \u0219i-a v\u0103zut fosta familie.<\/p>\n\n\n\n<p><\/p>\n\n\n\n<p>C\u00e2nd medicii au ie\u0219it din cabinet, Ilie, cople\u0219it de emo\u021bii, s-a apropiat de Ana. A fost \u0219ocat s\u0103 vad\u0103 c\u00e2t de mult se schimbase \u2014 oboseala \u0219i suferin\u021ba \u00ee\u0219i l\u0103saser\u0103 amprenta.<\/p>\n\n\n\n<p><br>\u2014 \u201eDe ce nu m-ai sunat?\u201d a \u00eentrebat el cu vocea tremur\u00e2nd\u0103.<br>Ana l-a privit cu am\u0103r\u0103ciune:<br>\u2014 \u201eTu ne-ai alungat. Tu n-ai mai vrut s\u0103 fim \u00een via\u021ba ta.\u201d<\/p>\n\n\n\n<p><\/p>\n\n\n\n<p>\u00cen acel moment, Mihai a ie\u0219it din cabinet cu un bandaj pe cap. Ochii i s-au luminat c\u00e2nd l-a v\u0103zut pe tat\u0103l lui. Ilie, cu lacrimi \u00een ochi, s-a a\u0219ezat l\u00e2ng\u0103 fiu \u0219i l-a \u00eembr\u0103\u021bi\u0219at. Toat\u0103 furia \u0219i resentimentele adunate p\u00e2n\u0103 atunci au disp\u0103rut c\u00e2nd a realizat c\u0103 pierduse nu doar o familie, ci \u0219i \u0219ansa de a fi tat\u0103.<\/p>\n\n\n\n<p><\/p>\n\n\n\n<p>\u2014 \u201eAm fost un prost, nu v-am pre\u021buit. Iart\u0103-m\u0103,\u201d a spus el, \u00een timp ce lacrimile \u00eei curgeau pe obraji. Ana, privind c\u0103tre el, a sim\u021bit cum ceva se fr\u00e2nge \u00een interiorul ei. Nu \u0219tia dac\u0103 \u00eel va putea ierta vreodat\u0103, dar \u00een acel moment a \u00een\u021beles c\u0103 iubirea lor \u00eenc\u0103 exista, chiar dac\u0103 fusese grav r\u0103nit\u0103.<\/p>\n\n\n\n<p><\/p>\n\n\n\n<p>Timpul a trecut, iar povestea lor \u00eencepea din nou. Ilie a \u00eenceput s\u0103 fac\u0103 tot posibilul pentru a rec\u00e2\u0219tiga dragostea Anei \u0219i pentru a fi un tat\u0103 mai bun pentru Mihai. \u00cempreun\u0103 au \u00eenv\u0103\u021bat s\u0103 ierte \u0219i s\u0103 reconstruiasc\u0103 o via\u021b\u0103 plin\u0103 de speran\u021b\u0103 \u0219i vise.<\/p>\n\n\n\n<p>Au trecut c\u00e2teva luni de la acea zi \u00een spital, iar via\u021ba Anei, a lui Ilie \u0219i a lui Mihai \u00eencepea treptat s\u0103 se a\u0219eze. Ilie f\u0103cea tot ce-i st\u0103tea \u00een putin\u021b\u0103 s\u0103 rec\u00e2\u0219tige \u00eencrederea Anei. Regreta sincer tot ce f\u0103cuse \u0219i era con\u0219tient c\u00e2t de mult suferiser\u0103 ea \u0219i copilul din cauza egoismului lui. \u00cen fiecare zi venea s\u0103-i vad\u0103, \u00eel ajuta pe Mihai, petrecea timp cu el, \u00eencerc\u00e2nd s\u0103 recupereze momentele pierdute.<\/p>\n\n\n\n<p>Ana, de\u0219i prudent\u0103, \u00eencepea s\u0103 observe schimb\u0103rile. Ilie devenise mai atent, mai bl\u00e2nd. Ie\u0219eau \u00eempreun\u0103 \u00een parc, r\u00e2deau, f\u0103ceau picnicuri, iar leg\u0103tura dintre ei se re\u00eennoia. Mihai, f\u0103r\u0103 s\u0103 \u00een\u021beleag\u0103 prea bine toat\u0103 profunzimea lucrurilor, era pur \u0219i simplu fericit c\u0103 are mama \u0219i tata al\u0103turi.<\/p>\n\n\n\n<p>\u00centr-o zi, c\u00e2nd se preg\u0103teau de un weekend la gr\u0103dina zoologic\u0103, Ilie a f\u0103cut un pas mai departe. A invitat-o pe Ana la o cin\u0103 romantic\u0103, ca s\u0103 discute despre cum ar putea construi un viitor \u00eempreun\u0103. \u00centr-un restaurant cochet, cu lumini calde \u0219i atmosfer\u0103 intim\u0103, Ilie, vizibil emo\u021bionat, i-a spus:<br>\u2014 \u201eAna, \u0219tiu c\u0103 nu pot schimba trecutul, dar sunt preg\u0103tit s\u0103-\u021bi ar\u0103t c\u00e2t de mult te iubesc. D\u0103-mi o \u0219ans\u0103 s\u0103 fiu so\u021bul \u0219i tat\u0103l pe care \u00eel merita\u021bi.\u201d<\/p>\n\n\n\n<p>Ana, emo\u021bionat\u0103 de cuvintele lui, a sim\u021bit din nou speran\u021ba \u00een inim\u0103. \u0218i-a amintit de vremurile \u00een care erau ferici\u021bi, de iubirea care umplea casa lor. Dar \u00een acela\u0219i timp, frica de a fi din nou r\u0103nit\u0103 nu o p\u0103r\u0103sea.<br>\u2014 \u201eNu-\u021bi pot promite c\u0103 va fi u\u0219or, Ilie. Avem nevoie de timp ca s\u0103 reconstruim \u00eencrederea,\u201d i-a r\u0103spuns ea, vocea tr\u0103d\u00e2nd lupta din sufletul ei.<\/p>\n\n\n\n<p>Ilie a \u00eencuviin\u021bat, \u00een\u021beleg\u00e2nd c\u0103 nu poate gr\u0103bi lucrurile. Era dispus s\u0103 a\u0219tepte. Au petrecut seara vorbind despre vise, temeri \u0219i viitor, iar Ana, \u00een cele din urm\u0103, a acceptat s\u0103 \u00eencerce din nou.<\/p>\n\n\n\n<p>Pe m\u0103sur\u0103 ce timpul trecea, rela\u021bia lor devenea mai puternic\u0103. Ilie se implica \u00een via\u021ba lui Mihai, \u00eel ajuta la lec\u021bii, \u00eel ducea la antrenamente. Petreceau weekenduri \u00eempreun\u0103, construind noi amintiri. Ana \u00eencepea s\u0103 se deschid\u0103 tot mai mult, sim\u021bind c\u0103 \u00eencrederea dintre ei se reconstruie\u0219te. Nu totul era u\u0219or. Uneori ap\u0103reau vechi dureri, temeri, dar Ilie era mereu acolo, amintindu-i c\u0103 sunt o echip\u0103 \u0219i c\u0103 nu e singur\u0103. O \u00eenv\u0103\u021ba s\u0103 cread\u0103 din nou \u00een ea \u00eens\u0103\u0219i \u0219i \u00een viitorul lor.<\/p>\n\n\n\n<p>\u00centr-o zi, plimb\u00e2ndu-se prin parc, Ilie i-a propus ceva special. \u0218tia c\u00e2t de mult iubeau s\u0103 c\u0103l\u0103toreasc\u0103 \u0219i i-a propus o excursie de weekend. Ana, cu toate fricile ei, a acceptat, \u00een\u021beleg\u00e2nd c\u0103 era o \u0219ans\u0103 s\u0103-\u0219i \u00eent\u0103reasc\u0103 leg\u0103tura.<\/p>\n\n\n\n<p>Excursia a fost un succes. Au mers \u00eentr-un loc pitoresc, l\u00e2ng\u0103 un lac, unde s-au bucurat de natur\u0103, s-au jucat cu Mihai \u0219i \u0219i-au amintit de vremurile bune. Seara, st\u00e2nd l\u00e2ng\u0103 foc, Ilie i-a spus, privind cerul \u00eenstelat:<br>\u2014 \u201eVreau s\u0103 \u0219tii c\u0103 tu \u0219i Mihai sunte\u021bi totul pentru mine. Sunt preg\u0103tit s\u0103 v\u0103 ar\u0103t \u00een fiecare zi c\u00e2t v\u0103 iubesc.\u201d<\/p>\n\n\n\n<p>Ana, emo\u021bionat\u0103, a sim\u021bit cum inima i se umple de c\u0103ldur\u0103. \u00cel privea \u0219i \u0219tia c\u0103 s-a schimbat cu adev\u0103rat, c\u0103 iubirea lui era sincer\u0103 \u0219i profund\u0103.<\/p>\n\n\n\n<p>Frica \u0219i \u00eendoiala s-au estompat treptat. \u00cenv\u0103\u021bau s\u0103 treac\u0103 \u00eempreun\u0103 prin momentele grele, sprijinindu-se reciproc. Ana \u00eencepuse din nou s\u0103 cread\u0103 \u00een iubire \u0219i \u00een posibilitatea unei familii fericite.<\/p>\n\n\n\n<p>Dup\u0103 ce s-au \u00eentors acas\u0103, au decis c\u0103 e timpul pentru un nou \u00eenceput \u2014 nu doar s\u0103 reconstruiasc\u0103 ce fusese, ci s\u0103 creeze ceva nou, bazat pe \u00een\u021belegere \u0219i iubire. \u00cen fiecare sear\u0103 se adunau la mas\u0103, vorbind despre visurile \u0219i planurile lor, contur\u00e2nd o viziune comun\u0103 a viitorului.<\/p>\n\n\n\n<p>La un an de la acea excursie, Ilie \u0219i-a adunat din nou familia \u0219i, lu\u00e2nd-o pe Ana de m\u00e2n\u0103, i-a spus:<br>\u2014 \u201eSunt at\u00e2t de m\u00e2ndru de c\u00e2t de departe am ajuns. Am trecut prin at\u00e2tea, dar acum suntem \u00eempreun\u0103. Cred c\u0103 \u00een fa\u021ba noastr\u0103 sunt momente \u0219i mai frumoase. Hai s\u0103 s\u0103rb\u0103torim noua noastr\u0103 via\u021b\u0103!\u201d<\/p>\n\n\n\n<p>Ana, privind la so\u021bul \u0219i fiul ei, sim\u021bea c\u0103 deveniser\u0103 cu adev\u0103rat o echip\u0103.<br>\u2014 \u201eDa, hai s\u0103 s\u0103rb\u0103torim. \u0218i fie ca acesta s\u0103 fie doar \u00eenceputul drumului nostru,\u201d a r\u0103spuns ea.<\/p>\n\n\n\n<p>Povestea lor a continuat, plin\u0103 de reu\u0219ite, bucurii \u0219i, cel mai important, o iubire care devenea tot mai puternic\u0103 pe zi ce trece.<\/p>\n\n\n\n<p>C\u00e2nd Ana \u0219i Ilie au reg\u0103sit armonia, au decis s\u0103 fac\u0103 un pas care s\u0103 le \u00eent\u0103reasc\u0103 definitiv familia: au \u00eenceput s\u0103 planifice o nou\u0103 nunt\u0103, pentru a s\u0103rb\u0103tori re\u00eentregirea \u0219i noul \u00eenceput.<\/p>\n\n\n\n<p>Mihai i-a ajutat cu entuziasm, vis\u00e2nd s\u0103-\u0219i vad\u0103 mama \u00eentr-o rochie alb\u0103. A venit cu idei pentru s\u0103rb\u0103toare \u0219i \u00ee\u0219i imagina o zi plin\u0103 de r\u00e2sete \u0219i bucurie. Ana \u0219i Ilie, emo\u021biona\u021bi de bucuria lui, au decis ca nunta s\u0103 fie un eveniment de familie, \u00een care fiecare s\u0103-\u0219i aduc\u0103 aportul.<\/p>\n\n\n\n<p>\u00cen sf\u00e2r\u0219it, a sosit ziua cea mare. O diminea\u021b\u0103 de s\u00e2mb\u0103t\u0103 plin\u0103 de lumin\u0103 \u0219i c\u0103ldur\u0103. Ana, preg\u0103tindu-se de ceremonie, sim\u021bea emo\u021bia cresc\u00e2nd. S-a privit \u00een oglind\u0103 \u0219i a v\u0103zut reflectarea unei femei care nu doar c\u0103 se re\u00eendr\u0103gostise, ci \u00eenv\u0103\u021base s\u0103 se pre\u021buiasc\u0103 pe sine.<\/p>\n\n\n\n<p>Ceremonia a avut loc pe malul lacului unde petrecuser\u0103 cel mai frumos weekend \u00eempreun\u0103. Rudele \u0219i prietenii s-au adunat s\u0103-i sus\u021bin\u0103. Ilie, \u00eentr-un costum elegant, o a\u0219tepta la altar, iar c\u00e2nd Ana a p\u0103\u0219it, i s-a t\u0103iat respira\u021bia. Era uimit de frumuse\u021bea \u0219i fericirea ei, iar toate temerile au disp\u0103rut.<\/p>\n\n\n\n<p>C\u00e2nd \u0219i-au rostit jur\u0103mintele, Ana abia \u0219i-a st\u0103p\u00e2nit lacrimile de bucurie:<br>\u2014 \u201ePromit s\u0103 te iubesc, s\u0103 te sprijin \u0219i s\u0103 te respect, \u00een bucurie \u0219i \u00een durere, toat\u0103 via\u021ba noastr\u0103.\u201d<\/p>\n\n\n\n<p>Ilie a r\u0103spuns la fel de sincer:<br>\u2014 \u201ePromit s\u0103 fiu sprijinul t\u0103u, s\u0103 te protejez \u0219i s\u0103 te iubesc, orice ar fi.\u201d<\/p>\n\n\n\n<p>Dup\u0103 schimbul de inele \u0219i s\u0103rutul lor, atmosfera s-a umplut de emo\u021bie. Mihai, st\u00e2nd l\u00e2ng\u0103 ei, z\u00e2mbea cu m\u00e2ndrie, \u0219tiind c\u0103 visul s\u0103u de a-\u0219i vedea p\u0103rin\u021bii din nou \u00eempreun\u0103 devenise realitate.<\/p>\n\n\n\n<p>Seara a continuat cu dansuri, r\u00e2sete \u0219i felicit\u0103ri din suflet. Pe masa festiv\u0103 se aflau felurile preferate ale Anei \u0219i ale lui Ilie, iar Mihai a \u021binut un discurs emo\u021bionant \u00een care a spus c\u00e2t de fericit este c\u0103 are din nou o familie unit\u0103. Cuvintele lui au mi\u0219cat inimile tuturor.<\/p>\n\n\n\n<p>Spre sf\u00e2r\u0219itul serii, Ilie s-a ridicat \u0219i a spus:<br>\u2014 \u201eVreau s\u0103 mul\u021bumesc fiec\u0103ruia dintre voi pentru sus\u021binere. Am trecut prin multe, dar acum suntem \u00eempreun\u0103. Familia noastr\u0103 e mai puternic\u0103, datorit\u0103 iubirii pe care o \u00eemp\u0103rt\u0103\u0219im.\u201d<\/p>\n\n\n\n<p>Ana, privind la so\u021bul \u0219i fiul ei, sim\u021bea o profund\u0103 recuno\u0219tin\u021b\u0103. \u0218tia c\u0103, dup\u0103 toate greut\u0103\u021bile, deveniser\u0103 nu doar o familie, ci o adev\u0103rat\u0103 echip\u0103, capabil\u0103 s\u0103 \u00eenfrunte orice.<\/p>\n\n\n\n<p>\u0218i astfel, \u00eenconjura\u021bi de c\u0103ldur\u0103 \u0219i fericire, familia lor a continuat s\u0103 creasc\u0103 \u0219i s\u0103 \u00eenfloreasc\u0103, construind zi de zi o via\u021b\u0103 plin\u0103 de amintiri \u0219i lec\u021bii de iubire.<\/p>\n\n\n\n<p><strong>Dac\u0103 \u021bi-a pl\u0103cut povestea, nu uita s\u0103 o distribui cu prietenii t\u0103i! \u00cempreun\u0103 putem duce mai departe emo\u021bia \u0219i inspira\u021bia.<\/strong><\/p>\n","protected":false},"excerpt":{"rendered":"<p>Nu de la mine! Milionarul \u0219i-a alungat so\u021bia cu copilul din cas\u0103. Dar cur\u00e2nd i-a v\u0103zut \u00een spital\u2026 \u0219i a \u00eenm\u0103rmurit. Nu de la mine!<\/p>\n","protected":false},"author":1,"featured_media":39588,"comment_status":"closed","ping_status":"closed","sticky":false,"template":"","format":"standard","meta":[],"categories":[1],"tags":[],"_links":{"self":[{"href":"https:\/\/calatorinromania.com\/index.php?rest_route=\/wp\/v2\/posts\/39719"}],"collection":[{"href":"https:\/\/calatorinromania.com\/index.php?rest_route=\/wp\/v2\/posts"}],"about":[{"href":"https:\/\/calatorinromania.com\/index.php?rest_route=\/wp\/v2\/types\/post"}],"author":[{"embeddable":true,"href":"https:\/\/calatorinromania.com\/index.php?rest_route=\/wp\/v2\/users\/1"}],"replies":[{"embeddable":true,"href":"https:\/\/calatorinromania.com\/index.php?rest_route=%2Fwp%2Fv2%2Fcomments&post=39719"}],"version-history":[{"count":1,"href":"https:\/\/calatorinromania.com\/index.php?rest_route=\/wp\/v2\/posts\/39719\/revisions"}],"predecessor-version":[{"id":39720,"href":"https:\/\/calatorinromania.com\/index.php?rest_route=\/wp\/v2\/posts\/39719\/revisions\/39720"}],"wp:featuredmedia":[{"embeddable":true,"href":"https:\/\/calatorinromania.com\/index.php?rest_route=\/wp\/v2\/media\/39588"}],"wp:attachment":[{"href":"https:\/\/calatorinromania.com\/index.php?rest_route=%2Fwp%2Fv2%2Fmedia&parent=39719"}],"wp:term":[{"taxonomy":"category","embeddable":true,"href":"https:\/\/calatorinromania.com\/index.php?rest_route=%2Fwp%2Fv2%2Fcategories&post=39719"},{"taxonomy":"post_tag","embeddable":true,"href":"https:\/\/calatorinromania.com\/index.php?rest_route=%2Fwp%2Fv2%2Ftags&post=39719"}],"curies":[{"name":"wp","href":"https:\/\/api.w.org\/{rel}","templated":true}]}}