{"id":39711,"date":"2025-06-02T11:12:10","date_gmt":"2025-06-02T11:12:10","guid":{"rendered":"https:\/\/calatorinromania.com\/?p=39711"},"modified":"2025-06-02T11:12:10","modified_gmt":"2025-06-02T11:12:10","slug":"o-femeie-a-adoptat-un-baiat-de-culoare-iar-20-de-ani-mai-tarziu-a-descoperit-secretul-socant-al-acestuia","status":"publish","type":"post","link":"https:\/\/calatorinromania.com\/?p=39711","title":{"rendered":"<strong>O femeie a adoptat un b\u0103iat de culoare, iar 20 de ani mai t\u00e2rziu, a descoperit secretul \u0219ocant al acestuia.<\/strong>"},"content":{"rendered":"\n<p>\u00centr-o diminea\u021b\u0103 de octombrie a anului 2003, Margaret Hayes \u2014 o v\u0103duv\u0103 cunoscut\u0103 \u00een cartierul lor lini\u0219tit mai ales pentru faimoasele ei tarte cu l\u0103m\u00e2ie \u0219i atitudinea ei bl\u00e2nd\u0103 fa\u021b\u0103 de pisicile maidaneze \u2014 a \u00eenchis u\u0219a din fa\u021b\u0103 \u0219i a ie\u0219it. De aceast\u0103 dat\u0103 \u2014 f\u0103r\u0103 nicio destina\u021bie anume.<\/p>\n\n\n\n<p><\/p>\n\n\n\n<p>Era una dintre acele zile rare c\u00e2nd singur\u0103tatea \u00eenceteaz\u0103 s\u0103 mai fie doar un sentiment \u2014 devine audibil\u0103. Sc\u00e2r\u021b\u00e2itul unui scaun gol. Sunetul inexistent al pa\u0219ilor \u00een spatele t\u0103u. O farfurie a\u0219ezat\u0103 pentru dou\u0103 persoane, chiar dac\u0103 e\u0219ti singur.<\/p>\n\n\n\n<p><\/p>\n\n\n\n<p>O \u00cent\u00e2lnire Nea\u0219teptat\u0103<br>O or\u0103 mai t\u00e2rziu, st\u0103tea deja la por\u021bile vechi ale orfelinatului ora\u0219ului \u2014 un loc pe care nu-l mai vizitase de la vizitele de Cr\u0103ciun, c\u00e2nd ducea cadouri copiilor lipsi\u021bi de c\u0103ldur\u0103 parental\u0103. Nu avea niciun scop de aceast\u0103 dat\u0103. Dar chiar atunci, \u00een spatele u\u0219ii uzate, el o a\u0219tepta deja \u2014 un b\u0103iat \u00eentr-un pulover ro\u0219u, prea mare pentru el. Pielea lui str\u0103lucea ca ciocolata neagr\u0103, iar ochii lui\u2026 Erau lumino\u0219i, aproape transparen\u021bi, de parc\u0103 pic\u0103turi din cerul de iarn\u0103 ar fi fost p\u0103strate \u00een ei.<\/p>\n\n\n\n<p><\/p>\n\n\n\n<p>\u201eCum \u00eel cheam\u0103?\u201d a \u00eentrebat Margaret.<\/p>\n\n\n\n<p><\/p>\n\n\n\n<p>\u201eNu are nume. L\u0103sat aici acum dou\u0103 s\u0103pt\u0103m\u00e2ni. F\u0103r\u0103 documente, f\u0103r\u0103 declara\u021bii. Nimeni nu a venit s\u0103-l ia. Cel mai probabil, doar un alt \u00abcopil de nic\u0103ieri\u00bb\u201d, a r\u0103spuns angajata ad\u0103postului.<\/p>\n\n\n\n<p><\/p>\n\n\n\n<p>Pe \u00eencheietura m\u00e2inii sale at\u00e2rna o br\u0103\u021bar\u0103 f\u0103cut\u0103 \u00een cas\u0103 \u2014 o bucat\u0103 de material decorat\u0103 cu nasturi \u0219i dou\u0103 litere: \u201eKa.\u201d<\/p>\n\n\n\n<p><\/p>\n\n\n\n<p>Margaret nu pl\u0103nuise s\u0103 aib\u0103 un copil. \u0218i cu siguran\u021b\u0103 nu la \u0219aizeci de ani. Nu la v\u00e2rsta aceea. Mai ales nu un str\u0103in t\u0103cut, f\u0103r\u0103 trecut. Dar a spus:<\/p>\n\n\n\n<p><\/p>\n\n\n\n<p>\u201e\u00cel pot lua?\u201d<\/p>\n\n\n\n<p>\u0218i cu acea singur\u0103 propozi\u021bie, ea a schimbat nu doar via\u021ba b\u0103iatului.<\/p>\n\n\n\n<p>Un Copil Misterios<br>L-a numit Cairo. Aproape c\u0103 nu pl\u00e2ngea niciodat\u0103, rar se \u00eemboln\u0103vea, iar la doi ani, repeta orice sunete cu o precizie uimitoare. La cinci ani, citea cu voce tare etichetele produselor, studia geografia de pe h\u0103r\u021bile at\u00e2rnate deasupra patului s\u0103u. La \u0219apte ani, a reparat un pr\u0103jitor de p\u00e2ine vechi f\u0103r\u0103 m\u0103car s\u0103 \u00een\u021beleag\u0103 cum. \u00centotdeauna p\u0103rea c\u0103 \u00een el exista o ordine interioar\u0103 pe care adul\u021bii nu o puteau deslu\u0219i.<\/p>\n\n\n\n<p>Noaptea, uneori vorbea \u00een somn. Nu \u00een englez\u0103. Nu \u00eentr-un b\u00e2lb\u00e2it incoerent de bebelu\u0219. \u00centr-o limb\u0103 care suna ca un c\u00e2ntec vechi.<\/p>\n\n\n\n<p>\u201eKa-faro amma\u2026 Ka-faro amma\u2026\u201d<\/p>\n\n\n\n<p>Margaret a notat cuvintele \u0219i le-a dus la universitate, la un profesor de lingvistic\u0103. R\u0103spunsul a uimit-o:<\/p>\n\n\n\n<p>\u201eEste foarte asem\u0103n\u0103tor cu un dialect pierdut de pe o coast\u0103 african\u0103. Considerat de mult timp disp\u0103rut.\u201d<\/p>\n\n\n\n<p>A \u00eencetat s\u0103 mai pun\u0103 \u00eentreb\u0103ri, dar a \u00eenceput s\u0103 \u00een\u021beleag\u0103: era ceva mai mult \u00een acest b\u0103iat. Ceva misterios. Ceva ascuns.<\/p>\n\n\n\n<p>Cheia Unui Mister<br>La \u0219aptesprezece ani, Cairo devenise un adev\u0103rat prodigiu \u00een securitate cibernetic\u0103. A creat servere securizate pentru organiza\u021bii caritabile \u0219i a vorbit la conferin\u021be interna\u021bionale. Dar nu s-a desp\u0103r\u021bit niciodat\u0103 de br\u0103\u021bara lui \u2014 uzat\u0103, decolorat\u0103, lipsind c\u00e2\u021biva nasturi. Pentru el, nu era doar un accesoriu. Era un simbol \u2014 cheia unui mister pe care era destinat s\u0103-l rezolve complet \u00eentr-o zi.<\/p>\n\n\n\n<p>\u00cen aceea\u0219i iarn\u0103, a dat accidental peste un document vechi \u00een arhive \u2014 un caz de imigrare din 2002. Pagina purta o \u0219tampil\u0103 abia vizibil\u0103, aproape \u0219tears\u0103 de timp. Dar Cairo a observat: simbolul se potrivea cu modelul de pe una dintre m\u0103rgelele br\u0103\u021b\u0103rii sale.<\/p>\n\n\n\n<p>\u0218tampila apar\u021binea Ini\u021biativei Kadura \u2014 un proiect umanitar secret despre care se zvonea c\u0103 ar fi legat de liderul exilat al \u021b\u0103rii africane fictive Vantara.<\/p>\n\n\n\n<p>Numele acestui lider era Kamari Ayatu. Disp\u0103ruse f\u0103r\u0103 urm\u0103 dup\u0103 o lovitur\u0103 de stat e\u0219uat\u0103 \u00een 2003.<\/p>\n\n\n\n<p>Primul g\u00e2nd al lui Cairo a fulgerat: \u201eKa\u201d de pe br\u0103\u021bara lui\u2026 Ar putea fi \u00eenceputul numelui \u201eKamari\u201d?<\/p>\n\n\n\n<p>A \u00eenc\u0103rcat fotografia lui din copil\u0103rie \u0219i portretul g\u0103sit al lui Ayatu \u00eentr-un sistem de recunoa\u0219tere facial\u0103. Potrivirea a fost de 92%.<\/p>\n\n\n\n<p>Nu era doar un copil de la ad\u0103post. Era fiul unui om pe care istoria \u00eel numea fie tr\u0103d\u0103tor, fie erou \u2014 \u00een func\u021bie de adev\u0103rul pe care \u00eel citeai.<\/p>\n\n\n\n<p>O Descoperire Incredibil\u0103<br>El \u0219i Margaret au c\u0103l\u0103torit la Geneva. Acolo, \u00eentr-una dintre s\u0103lile lini\u0219tite ale arhivelor ONU, erau p\u0103strate materiale criptate despre \u201eKadura\u201d. \u0218i atunci totul a devenit \u0219i mai incredibil: \u00een interiorul m\u0103rgelei \u00een sine era un microcip. Dup\u0103 c\u00e2teva zile de hacking, sistemul a deschis un fi\u0219ier video.<\/p>\n\n\n\n<p>Pe ecran a ap\u0103rut un b\u0103rbat \u00eentr-un costum impecabil. \u00cen m\u00e2ini, \u021binea un bebelu\u0219.<\/p>\n\n\n\n<p>\u201eDac\u0103 urm\u0103ri\u021bi acest videoclip, \u00eenseamn\u0103 c\u0103 am e\u0219uat. M\u0103 vor numi dictator. Dar mi-am ap\u0103rat \u021bara. Acest copil este ultima mea speran\u021b\u0103. El nu m\u0103 va recunoa\u0219te, dar este fiul meu. Are dreptul s\u0103 decid\u0103 care va fi viitorul Vantarei.\u201d<\/p>\n\n\n\n<p>Cairo a \u00eencremenit. To\u021bi anii vie\u021bii sale, toate \u00eentreb\u0103rile, temerile \u0219i presupunerile au c\u0103p\u0103tat brusc un nou sens. Nu era un copil uitat. Fusese ascuns. Protejat. Ascuns pentru ceva mai mare.<\/p>\n\n\n\n<p>Fi\u0219ierele con\u021bineau mai mult dec\u00e2t videoclipul. Exista scheme, \u00eenregistr\u0103ri, parole c\u0103tre fonduri caritabile secrete unde Kamari dirijase milioane pentru a restaura regiunile devastate. \u0218i o singur\u0103 persoan\u0103 putea de\u021bine cheia acestor fonduri \u2014 un mo\u0219tenitor ADN.<\/p>\n\n\n\n<p>Misiunea Unui Fiu<br>\u201eNu \u0219tiu ce s\u0103 fac\u201d, a spus Cairo la telefon, vocea tremur\u00e2ndu-i.<br>\u201ePentru mine, ai fost \u00eentotdeauna fiul meu\u201d, a r\u0103spuns Margaret. \u201eDac\u0103 tat\u0103l t\u0103u a crezut \u00een tine, \u00eenseamn\u0103 c\u0103 \u0219tia: tu puteai face ceea ce el nu a putut.\u201d<\/p>\n\n\n\n<p>Cairo nu a devenit un conduc\u0103tor. A devenit un creator de oportunit\u0103\u021bi. A fondat un fond interna\u021bional de ajutor, a construit \u0219coli, a purificat apa, a lansat centre tehnologice. Mai \u00eent\u00e2i \u00een Vantara, apoi \u00een \u00eentreaga lume. Totul a fost f\u0103cut anonim. Numele lui nu a ap\u0103rut niciodat\u0103 \u00een \u0219tiri. Dar \u00een rapoartele ONU, a ap\u0103rut un concept \u2014 Proiectul Cairo.<\/p>\n\n\n\n<p>\u00centr-o zi s-a \u00eentors acas\u0103. Margaret st\u0103tea pe verand\u0103, bea ceai \u0219i privea apusul.<br>\u201eAst\u0103zi ziarul a scris: \u00abAnonimul a restaurat un spital \u00een provincia Cairo\u00bb\u201d, a z\u00e2mbit ea.<br>\u201e\u00cemi place titlul \u0103sta\u201d, a r\u0103spuns el.<br>\u201eDar e\u0219ti tot b\u0103iatul meu?\u201d<br>\u201e\u00centotdeauna.\u201d<\/p>\n\n\n\n<p>Un Gr\u0103dinar al Speran\u021bei<br>Mai t\u00e2rziu, a vorbit la un summit interna\u021bional al ONU. F\u0103r\u0103 nume, \u00een spatele unui panou transparent. Dar cuvintele sale au fost re\u021binute mult timp:<br>\u201eAm fost crescut s\u0103 cred c\u0103 dragostea nu necesit\u0103 dovezi. Sunt aici pentru c\u0103 cineva mi-a oferit odat\u0103 o \u0219ans\u0103 de a o lua de la cap\u0103t.\u201d<\/p>\n\n\n\n<p>I s-a oferit s\u0103 intre \u00een politic\u0103. S\u0103 candideze pentru o func\u021bie. S\u0103 creeze o mi\u0219care.<\/p>\n\n\n\n<p>Cairo a z\u00e2mbit:<br>\u201eNu sunt un rege. Sunt un gr\u0103dinar. Plantez speran\u021b\u0103.\u201d<\/p>\n\n\n\n<p>Ast\u0103zi, \u00eentr-un sat din Africa, se afl\u0103 un copac plantat \u00een onoarea sa. \u00cenflore\u0219te prim\u0103vara. Nimeni nu-i \u0219tie numele real. Dar \u0219tiu \u2014 exist\u0103 oameni care nu a\u0219teapt\u0103 mul\u021bumiri. Ei pur \u0219i simplu fac lumea mai bun\u0103.<\/p>\n","protected":false},"excerpt":{"rendered":"<p>\u00centr-o diminea\u021b\u0103 de octombrie a anului 2003, Margaret Hayes \u2014 o v\u0103duv\u0103 cunoscut\u0103 \u00een cartierul lor lini\u0219tit mai ales pentru faimoasele ei tarte cu l\u0103m\u00e2ie<\/p>\n","protected":false},"author":1,"featured_media":39588,"comment_status":"closed","ping_status":"closed","sticky":false,"template":"","format":"standard","meta":[],"categories":[1],"tags":[],"_links":{"self":[{"href":"https:\/\/calatorinromania.com\/index.php?rest_route=\/wp\/v2\/posts\/39711"}],"collection":[{"href":"https:\/\/calatorinromania.com\/index.php?rest_route=\/wp\/v2\/posts"}],"about":[{"href":"https:\/\/calatorinromania.com\/index.php?rest_route=\/wp\/v2\/types\/post"}],"author":[{"embeddable":true,"href":"https:\/\/calatorinromania.com\/index.php?rest_route=\/wp\/v2\/users\/1"}],"replies":[{"embeddable":true,"href":"https:\/\/calatorinromania.com\/index.php?rest_route=%2Fwp%2Fv2%2Fcomments&post=39711"}],"version-history":[{"count":1,"href":"https:\/\/calatorinromania.com\/index.php?rest_route=\/wp\/v2\/posts\/39711\/revisions"}],"predecessor-version":[{"id":39712,"href":"https:\/\/calatorinromania.com\/index.php?rest_route=\/wp\/v2\/posts\/39711\/revisions\/39712"}],"wp:featuredmedia":[{"embeddable":true,"href":"https:\/\/calatorinromania.com\/index.php?rest_route=\/wp\/v2\/media\/39588"}],"wp:attachment":[{"href":"https:\/\/calatorinromania.com\/index.php?rest_route=%2Fwp%2Fv2%2Fmedia&parent=39711"}],"wp:term":[{"taxonomy":"category","embeddable":true,"href":"https:\/\/calatorinromania.com\/index.php?rest_route=%2Fwp%2Fv2%2Fcategories&post=39711"},{"taxonomy":"post_tag","embeddable":true,"href":"https:\/\/calatorinromania.com\/index.php?rest_route=%2Fwp%2Fv2%2Ftags&post=39711"}],"curies":[{"name":"wp","href":"https:\/\/api.w.org\/{rel}","templated":true}]}}